{"id":37419,"date":"2021-01-19T17:03:06","date_gmt":"2021-01-19T20:03:06","guid":{"rendered":"http:\/\/labestiadeportiva.com\/lbd\/?p=37419"},"modified":"2021-01-19T17:08:35","modified_gmt":"2021-01-19T20:08:35","slug":"el-titulo-fue-un-desahogo-equipo-y-proyecto-nuevo-ahora-vamos-por-la-plaza-a-la-libertadores-audio","status":"publish","type":"post","link":"http:\/\/labestiadeportiva.com\/lbd\/el-titulo-fue-un-desahogo-equipo-y-proyecto-nuevo-ahora-vamos-por-la-plaza-a-la-libertadores-audio\/","title":{"rendered":"\u00abEl t\u00edtulo fue un desahogo, con equipo y proyecto nuevo, ahora vamos por la plaza a la Libertadores\u00bb (Audio)"},"content":{"rendered":"<p><a href=\"http:\/\/labestiadeportiva.com\/lbd\/wp-content\/uploads\/2021\/01\/FB_IMG_1610802276815.jpg\"><img loading=\"lazy\" src=\"http:\/\/labestiadeportiva.com\/lbd\/wp-content\/uploads\/2021\/01\/FB_IMG_1610802276815-226x300.jpg\" alt=\"FB_IMG_1610802276815\" width=\"226\" height=\"300\" class=\"aligncenter size-medium wp-image-37422\" srcset=\"http:\/\/labestiadeportiva.com\/lbd\/wp-content\/uploads\/2021\/01\/FB_IMG_1610802276815-226x300.jpg 226w, http:\/\/labestiadeportiva.com\/lbd\/wp-content\/uploads\/2021\/01\/FB_IMG_1610802276815.jpg 720w\" sizes=\"(max-width: 226px) 100vw, 226px\" \/><\/a><br \/>\nBoca Juniors se qued\u00f3 con el Torneo de Transici\u00f3n de Futsal AFA al imponerse 5 a 4 por penales ante Kimberley luego de igualar con marcador cerrado en tiempo reglamentario y en 2 en tiempo extendido. <\/p>\n<p>Nos pusimos en contacto con el capit\u00e1n \u00abXeneize\u00bb el ushuaiense \u00abKiki\u00bb Vaporaki. Balance del campeonato finalizado, proyecci\u00f3n personal y del equipo como as\u00ed tambi\u00e9n la Selecci\u00f3n los principales temas de la charla que compartimos.<!--more--><\/p>\n<p><iframe loading=\"lazy\" width=\"560\" height=\"315\" src=\"https:\/\/www.youtube.com\/embed\/WGwrpRKy-do\" frameborder=\"0\" allow=\"accelerometer; autoplay; clipboard-write; encrypted-media; gyroscope; picture-in-picture\" allowfullscreen><\/iframe><\/p>\n<div class='epvc-post-count'><span class='epvc-eye'><\/span>  <span class=\"epvc-count\"> 1.179<\/span><span class='epvc-label'> veces le\u00edda<\/span><\/div>\n<div class=\"jwsharethis\">\nShare this: \n<br \/>\n<a href=\"mailto:?subject=%C2%ABEl%20t%C3%ADtulo%20fue%20un%20desahogo%2C%20con%20equipo%20y%20proyecto%20nuevo%2C%20ahora%20vamos%20por%20la%20plaza%20a%20la%20Libertadores%C2%BB%20%28Audio%29&amp;body=http%3A%2F%2Flabestiadeportiva.com%2Flbd%2Fel-titulo-fue-un-desahogo-equipo-y-proyecto-nuevo-ahora-vamos-por-la-plaza-a-la-libertadores-audio%2F\">\n<img src=\"http:\/\/labestiadeportiva.com\/lbd\/wp-content\/plugins\/jw-share-this\/email.png\" alt=\"Share this page via Email\" \/>\n<\/a>\n<a target=\"_blank\" href=\"http:\/\/www.stumbleupon.com\/submit?url=http%3A%2F%2Flabestiadeportiva.com%2Flbd%2Fel-titulo-fue-un-desahogo-equipo-y-proyecto-nuevo-ahora-vamos-por-la-plaza-a-la-libertadores-audio%2F&amp;title=%C2%ABEl+t%C3%ADtulo+fue+un+desahogo%2C+con+equipo+y+proyecto+nuevo%2C+ahora+vamos+por+la+plaza+a+la+Libertadores%C2%BB+%28Audio%29\">\n<img src=\"http:\/\/labestiadeportiva.com\/lbd\/wp-content\/plugins\/jw-share-this\/su.png\" alt=\"Share this page via Stumble Upon\" \/>\n<\/a>\n<a target=\"_blank\" href=\"http:\/\/digg.com\/submit?url=http%3A%2F%2Flabestiadeportiva.com%2Flbd%2Fel-titulo-fue-un-desahogo-equipo-y-proyecto-nuevo-ahora-vamos-por-la-plaza-a-la-libertadores-audio%2F&amp;title=%C2%ABEl+t%C3%ADtulo+fue+un+desahogo%2C+con+equipo+y+proyecto+nuevo%2C+ahora+vamos+por+la+plaza+a+la+Libertadores%C2%BB+%28Audio%29\">\n<img src=\"http:\/\/labestiadeportiva.com\/lbd\/wp-content\/plugins\/jw-share-this\/digg.png\" alt=\"Share this page via Digg this\" \/>\n<\/a>\n<a target=\"_blank\" href=\"http:\/\/www.facebook.com\/sharer.php?u=http%3A%2F%2Flabestiadeportiva.com%2Flbd%2Fel-titulo-fue-un-desahogo-equipo-y-proyecto-nuevo-ahora-vamos-por-la-plaza-a-la-libertadores-audio%2F&amp;t=%C2%ABEl+t%C3%ADtulo+fue+un+desahogo%2C+con+equipo+y+proyecto+nuevo%2C+ahora+vamos+por+la+plaza+a+la+Libertadores%C2%BB+%28Audio%29\">\n<img src=\"http:\/\/labestiadeportiva.com\/lbd\/wp-content\/plugins\/jw-share-this\/fb.png\" alt=\"Share this page via Facebook\" \/>\n<\/a>\n<a target=\"_blank\" href=\"http:\/\/twitter.com\/intent\/tweet?text=I+like+http%3A%2F%2Flabestiadeportiva.com%2Flbd%2Fel-titulo-fue-un-desahogo-equipo-y-proyecto-nuevo-ahora-vamos-por-la-plaza-a-la-libertadores-audio%2F&amp;title=%C2%ABEl+t%C3%ADtulo+fue+un+desahogo%2C+con+equipo+y+proyecto+nuevo%2C+ahora+vamos+por+la+plaza+a+la+Libertadores%C2%BB+%28Audio%29\">\n<img src=\"http:\/\/labestiadeportiva.com\/lbd\/wp-content\/plugins\/jw-share-this\/twitter.png\" alt=\"Share this page via Twitter\" \/>\n<\/a>\n<\/div>\n","protected":false},"excerpt":{"rendered":"<p>Boca Juniors se qued\u00f3 con el Torneo de Transici\u00f3n de Futsal AFA al imponerse 5 a 4 por penales ante Kimberley luego de igualar con marcador cerrado en tiempo reglamentario y en 2 en tiempo extendido. Nos pusimos en contacto con el capit\u00e1n \u00abXeneize\u00bb el ushuaiense \u00abKiki\u00bb Vaporaki. Balance del campeonato finalizado, proyecci\u00f3n personal y &hellip; <a href=\"http:\/\/labestiadeportiva.com\/lbd\/el-titulo-fue-un-desahogo-equipo-y-proyecto-nuevo-ahora-vamos-por-la-plaza-a-la-libertadores-audio\/\" class=\"more-link\">Seguir leyendo <span class=\"screen-reader-text\">\u00abEl t\u00edtulo fue un desahogo, con equipo y proyecto nuevo, ahora vamos por la plaza a la Libertadores\u00bb (Audio)<\/span> <span class=\"meta-nav\">&rarr;<\/span><\/a><\/p>\n","protected":false},"author":1,"featured_media":37422,"comment_status":"open","ping_status":"open","sticky":false,"template":"","format":"standard","meta":[],"categories":[5,6,60,2343,1],"tags":[2835,831,4838,30,3660],"_links":{"self":[{"href":"http:\/\/labestiadeportiva.com\/lbd\/wp-json\/wp\/v2\/posts\/37419"}],"collection":[{"href":"http:\/\/labestiadeportiva.com\/lbd\/wp-json\/wp\/v2\/posts"}],"about":[{"href":"http:\/\/labestiadeportiva.com\/lbd\/wp-json\/wp\/v2\/types\/post"}],"author":[{"embeddable":true,"href":"http:\/\/labestiadeportiva.com\/lbd\/wp-json\/wp\/v2\/users\/1"}],"replies":[{"embeddable":true,"href":"http:\/\/labestiadeportiva.com\/lbd\/wp-json\/wp\/v2\/comments?post=37419"}],"version-history":[{"count":3,"href":"http:\/\/labestiadeportiva.com\/lbd\/wp-json\/wp\/v2\/posts\/37419\/revisions"}],"predecessor-version":[{"id":37423,"href":"http:\/\/labestiadeportiva.com\/lbd\/wp-json\/wp\/v2\/posts\/37419\/revisions\/37423"}],"wp:featuredmedia":[{"embeddable":true,"href":"http:\/\/labestiadeportiva.com\/lbd\/wp-json\/wp\/v2\/media\/37422"}],"wp:attachment":[{"href":"http:\/\/labestiadeportiva.com\/lbd\/wp-json\/wp\/v2\/media?parent=37419"}],"wp:term":[{"taxonomy":"category","embeddable":true,"href":"http:\/\/labestiadeportiva.com\/lbd\/wp-json\/wp\/v2\/categories?post=37419"},{"taxonomy":"post_tag","embeddable":true,"href":"http:\/\/labestiadeportiva.com\/lbd\/wp-json\/wp\/v2\/tags?post=37419"}],"curies":[{"name":"wp","href":"https:\/\/api.w.org\/{rel}","templated":true}]}}