{"id":37433,"date":"2021-01-21T17:05:38","date_gmt":"2021-01-21T20:05:38","guid":{"rendered":"http:\/\/labestiadeportiva.com\/lbd\/?p=37433"},"modified":"2021-01-21T17:48:45","modified_gmt":"2021-01-21T20:48:45","slug":"37433","status":"publish","type":"post","link":"http:\/\/labestiadeportiva.com\/lbd\/37433\/","title":{"rendered":"\u00abEstamos a tres meses de la carrera, es prematuro dar confirmaciones pero  ya trabajamos  para que se corra\u00bb (Audio)"},"content":{"rendered":"<p><a href=\"http:\/\/labestiadeportiva.com\/lbd\/wp-content\/uploads\/2021\/01\/FB_IMG_1611251869923.jpg\"><img loading=\"lazy\" src=\"http:\/\/labestiadeportiva.com\/lbd\/wp-content\/uploads\/2021\/01\/FB_IMG_1611251869923-300x148.jpg\" alt=\"FB_IMG_1611251869923\" width=\"300\" height=\"148\" class=\"aligncenter size-medium wp-image-37438\" srcset=\"http:\/\/labestiadeportiva.com\/lbd\/wp-content\/uploads\/2021\/01\/FB_IMG_1611251869923-300x148.jpg 300w, http:\/\/labestiadeportiva.com\/lbd\/wp-content\/uploads\/2021\/01\/FB_IMG_1611251869923-1024x506.jpg 1024w, http:\/\/labestiadeportiva.com\/lbd\/wp-content\/uploads\/2021\/01\/FB_IMG_1611251869923.jpg 1080w\" sizes=\"(max-width: 300px) 100vw, 300px\" \/><\/a><br \/>\nInscripciones abiertas y comienzo de reuniones para la VTDF 2021. <\/p>\n<p>Los detalles a cargo de uno de las integrantes de la Comisi\u00f3n Normalizadora del Moto Club RG, Juli\u00e1n Gonz\u00e1lez.<\/p>\n<p>Compartimos la entrevista lograda este jueves en la 100.1 Radio Provincia.<!--more--><\/p>\n<p><iframe loading=\"lazy\" width=\"560\" height=\"315\" src=\"https:\/\/www.youtube.com\/embed\/ddHjUA2199w\" frameborder=\"0\" allow=\"accelerometer; autoplay; clipboard-write; encrypted-media; gyroscope; picture-in-picture\" allowfullscreen><\/iframe><\/p>\n<div class='epvc-post-count'><span class='epvc-eye'><\/span>  <span class=\"epvc-count\"> 1.182<\/span><span class='epvc-label'> veces le\u00edda<\/span><\/div>\n<div class=\"jwsharethis\">\nShare this: \n<br \/>\n<a href=\"mailto:?subject=%C2%ABEstamos%20a%20tres%20meses%20de%20la%20carrera%2C%20es%20prematuro%20dar%20confirmaciones%20pero%20%20ya%20trabajamos%20%20para%20que%20se%20corra%C2%BB%20%28Audio%29&amp;body=http%3A%2F%2Flabestiadeportiva.com%2Flbd%2F37433%2F\">\n<img src=\"http:\/\/labestiadeportiva.com\/lbd\/wp-content\/plugins\/jw-share-this\/email.png\" alt=\"Share this page via Email\" \/>\n<\/a>\n<a target=\"_blank\" href=\"http:\/\/www.stumbleupon.com\/submit?url=http%3A%2F%2Flabestiadeportiva.com%2Flbd%2F37433%2F&amp;title=%C2%ABEstamos+a+tres+meses+de+la+carrera%2C+es+prematuro+dar+confirmaciones+pero++ya+trabajamos++para+que+se+corra%C2%BB+%28Audio%29\">\n<img src=\"http:\/\/labestiadeportiva.com\/lbd\/wp-content\/plugins\/jw-share-this\/su.png\" alt=\"Share this page via Stumble Upon\" \/>\n<\/a>\n<a target=\"_blank\" href=\"http:\/\/digg.com\/submit?url=http%3A%2F%2Flabestiadeportiva.com%2Flbd%2F37433%2F&amp;title=%C2%ABEstamos+a+tres+meses+de+la+carrera%2C+es+prematuro+dar+confirmaciones+pero++ya+trabajamos++para+que+se+corra%C2%BB+%28Audio%29\">\n<img src=\"http:\/\/labestiadeportiva.com\/lbd\/wp-content\/plugins\/jw-share-this\/digg.png\" alt=\"Share this page via Digg this\" \/>\n<\/a>\n<a target=\"_blank\" href=\"http:\/\/www.facebook.com\/sharer.php?u=http%3A%2F%2Flabestiadeportiva.com%2Flbd%2F37433%2F&amp;t=%C2%ABEstamos+a+tres+meses+de+la+carrera%2C+es+prematuro+dar+confirmaciones+pero++ya+trabajamos++para+que+se+corra%C2%BB+%28Audio%29\">\n<img src=\"http:\/\/labestiadeportiva.com\/lbd\/wp-content\/plugins\/jw-share-this\/fb.png\" alt=\"Share this page via Facebook\" \/>\n<\/a>\n<a target=\"_blank\" href=\"http:\/\/twitter.com\/intent\/tweet?text=I+like+http%3A%2F%2Flabestiadeportiva.com%2Flbd%2F37433%2F&amp;title=%C2%ABEstamos+a+tres+meses+de+la+carrera%2C+es+prematuro+dar+confirmaciones+pero++ya+trabajamos++para+que+se+corra%C2%BB+%28Audio%29\">\n<img src=\"http:\/\/labestiadeportiva.com\/lbd\/wp-content\/plugins\/jw-share-this\/twitter.png\" alt=\"Share this page via Twitter\" \/>\n<\/a>\n<\/div>\n","protected":false},"excerpt":{"rendered":"<p>Inscripciones abiertas y comienzo de reuniones para la VTDF 2021. Los detalles a cargo de uno de las integrantes de la Comisi\u00f3n Normalizadora del Moto Club RG, Juli\u00e1n Gonz\u00e1lez. Compartimos la entrevista lograda este jueves en la 100.1 Radio Provincia. 1.182 veces le\u00edda Share this:<\/p>\n","protected":false},"author":1,"featured_media":37438,"comment_status":"open","ping_status":"open","sticky":false,"template":"","format":"standard","meta":[],"categories":[5,4,6,60,2159,1,4415],"tags":[4838,3851,4138,71,4416],"_links":{"self":[{"href":"http:\/\/labestiadeportiva.com\/lbd\/wp-json\/wp\/v2\/posts\/37433"}],"collection":[{"href":"http:\/\/labestiadeportiva.com\/lbd\/wp-json\/wp\/v2\/posts"}],"about":[{"href":"http:\/\/labestiadeportiva.com\/lbd\/wp-json\/wp\/v2\/types\/post"}],"author":[{"embeddable":true,"href":"http:\/\/labestiadeportiva.com\/lbd\/wp-json\/wp\/v2\/users\/1"}],"replies":[{"embeddable":true,"href":"http:\/\/labestiadeportiva.com\/lbd\/wp-json\/wp\/v2\/comments?post=37433"}],"version-history":[{"count":4,"href":"http:\/\/labestiadeportiva.com\/lbd\/wp-json\/wp\/v2\/posts\/37433\/revisions"}],"predecessor-version":[{"id":37443,"href":"http:\/\/labestiadeportiva.com\/lbd\/wp-json\/wp\/v2\/posts\/37433\/revisions\/37443"}],"wp:featuredmedia":[{"embeddable":true,"href":"http:\/\/labestiadeportiva.com\/lbd\/wp-json\/wp\/v2\/media\/37438"}],"wp:attachment":[{"href":"http:\/\/labestiadeportiva.com\/lbd\/wp-json\/wp\/v2\/media?parent=37433"}],"wp:term":[{"taxonomy":"category","embeddable":true,"href":"http:\/\/labestiadeportiva.com\/lbd\/wp-json\/wp\/v2\/categories?post=37433"},{"taxonomy":"post_tag","embeddable":true,"href":"http:\/\/labestiadeportiva.com\/lbd\/wp-json\/wp\/v2\/tags?post=37433"}],"curies":[{"name":"wp","href":"https:\/\/api.w.org\/{rel}","templated":true}]}}