{"id":37444,"date":"2021-01-21T22:53:11","date_gmt":"2021-01-22T01:53:11","guid":{"rendered":"http:\/\/labestiadeportiva.com\/lbd\/?p=37444"},"modified":"2021-01-21T22:53:11","modified_gmt":"2021-01-22T01:53:11","slug":"se-autorizan-las-competencias-sin-publico-desde-el-proximo-sabado","status":"publish","type":"post","link":"http:\/\/labestiadeportiva.com\/lbd\/se-autorizan-las-competencias-sin-publico-desde-el-proximo-sabado\/","title":{"rendered":"Se autorizan las competencias sin p\u00fablico desde el pr\u00f3ximo s\u00e1bado"},"content":{"rendered":"<p><a href=\"http:\/\/labestiadeportiva.com\/lbd\/wp-content\/uploads\/2021\/01\/Screenshot_20210121-2248303.png\"><img loading=\"lazy\" src=\"http:\/\/labestiadeportiva.com\/lbd\/wp-content\/uploads\/2021\/01\/Screenshot_20210121-2248303-300x292.png\" alt=\"Screenshot_20210121-224830~3\" width=\"300\" height=\"292\" class=\"aligncenter size-medium wp-image-37445\" srcset=\"http:\/\/labestiadeportiva.com\/lbd\/wp-content\/uploads\/2021\/01\/Screenshot_20210121-2248303-300x292.png 300w, http:\/\/labestiadeportiva.com\/lbd\/wp-content\/uploads\/2021\/01\/Screenshot_20210121-2248303-1024x997.png 1024w, http:\/\/labestiadeportiva.com\/lbd\/wp-content\/uploads\/2021\/01\/Screenshot_20210121-2248303.png 1080w\" sizes=\"(max-width: 300px) 100vw, 300px\" \/><\/a><br \/>\nSer\u00e1 con un estricto protocolo sanitario y sin espectadores. Alcanza a todas las disciplinas incluidos los deportes de combate.<\/p>\n<p>Desde LBD compartimos la Resoluci\u00f3n 021 con los detalles.<!--more--><\/p>\n<p>A trav\u00e9s de la Resoluci\u00f3n 021 el Ministerio de Salud de la provincia autoriz\u00f3, a partir de este s\u00e1bado 23 de Enero, en toda la provincia, la competencia deportiva en todas las disciplinas, pero sin espectadores y bajo un estricto protocolo sanitario establecido por el Comit\u00e9 Operativo de Emergencia, que deber\u00e1 respetarse.<\/p>\n<p>Al mismo tiempo se autoriz\u00f3 tambi\u00e9n la actividad para los deportes de combate, en todas las disciplinas. <\/p>\n<p>La actividad estar\u00e1 sujeta a la normativa vigente de cada Federaci\u00f3n Provincial y Nacional con sus correspondientes protocolos autorizados tambi\u00e9n por el COE.<\/p>\n<p>De acuerdo a lo dispuesto en la resoluci\u00f3n mencionada, las competencias deportivas grupales y de contacto deber\u00e1n cumplir:<\/p>\n<p>Las instalaciones, \u00e1reas, espacios, equipamientos deportivos que se utilizar\u00e1n antes y despu\u00e9s de cada horario deben desinfectarse de acuerdo a los protocolos sanitarios vigentes.<\/p>\n<p>Todas las personas que participen de la actividad deportiva deber\u00e1n conocer estrictamente las medidas de higiene indicadas, recayendo sobre los dirigentes la responsabilidad que conlleva el incumplimiento de las mismas.<\/p>\n<p>El arribo a las canchas debe ser de forma individual, evitando la aglomeraci\u00f3n de personas.<\/p>\n<p>El uso del barbijo es obligatorio en todo momento, por parte de todos los asistentes. Unicamente podr\u00e1n retirarse el barbijo o tapabocas durante el juego.<\/p>\n<p>Los deportistas y entrenadores deber\u00e1n ingresar a las instalaciones con el equipo o indumentaria deportiva que van a utilizar en el entrenamiento u horario de alquiler, quedando prohibido el uso de los vestuarios.<\/p>\n<p>Quedan terminantemente prohibido intercambiar camisetas o parte de la indumentaria.<\/p>\n<p>Una vez finalizado el horario deportivo, no se permite la permanencia en el predio.<\/p>\n<p>Entre un horario y el siguiente deber\u00e1 haber un intervalo de 15 minutos, con desinfecci\u00f3n del predio y elementos en los lugares que sean necesarios.<\/p>\n<p>El uso de los ba\u00f1os ser\u00e1 de 1 persona a la vez.<\/p>\n<p>Las confiter\u00edas y bufetes solo podr\u00e1n tener expendio de bebidas y comidas bajo la modalidad Take Away. Est\u00e1 prohibido la aglomeraci\u00f3n de personas.<br \/>\n<a href=\"http:\/\/labestiadeportiva.com\/lbd\/wp-content\/uploads\/2021\/01\/Screenshot_20210121-2247363.png\"><img loading=\"lazy\" src=\"http:\/\/labestiadeportiva.com\/lbd\/wp-content\/uploads\/2021\/01\/Screenshot_20210121-2247363-300x298.png\" alt=\"Screenshot_20210121-224736~3\" width=\"300\" height=\"298\" class=\"aligncenter size-medium wp-image-37446\" srcset=\"http:\/\/labestiadeportiva.com\/lbd\/wp-content\/uploads\/2021\/01\/Screenshot_20210121-2247363-300x298.png 300w, http:\/\/labestiadeportiva.com\/lbd\/wp-content\/uploads\/2021\/01\/Screenshot_20210121-2247363-150x150.png 150w, http:\/\/labestiadeportiva.com\/lbd\/wp-content\/uploads\/2021\/01\/Screenshot_20210121-2247363-1024x1016.png 1024w, http:\/\/labestiadeportiva.com\/lbd\/wp-content\/uploads\/2021\/01\/Screenshot_20210121-2247363-160x160.png 160w, http:\/\/labestiadeportiva.com\/lbd\/wp-content\/uploads\/2021\/01\/Screenshot_20210121-2247363-60x60.png 60w, http:\/\/labestiadeportiva.com\/lbd\/wp-content\/uploads\/2021\/01\/Screenshot_20210121-2247363.png 1080w\" sizes=\"(max-width: 300px) 100vw, 300px\" \/><\/a><\/p>\n<div class='epvc-post-count'><span class='epvc-eye'><\/span>  <span class=\"epvc-count\"> 1.075<\/span><span class='epvc-label'> veces le\u00edda<\/span><\/div>\n<div class=\"jwsharethis\">\nShare this: \n<br \/>\n<a href=\"mailto:?subject=Se%20autorizan%20las%20competencias%20sin%20p%C3%BAblico%20desde%20el%20pr%C3%B3ximo%20s%C3%A1bado&amp;body=http%3A%2F%2Flabestiadeportiva.com%2Flbd%2Fse-autorizan-las-competencias-sin-publico-desde-el-proximo-sabado%2F\">\n<img src=\"http:\/\/labestiadeportiva.com\/lbd\/wp-content\/plugins\/jw-share-this\/email.png\" alt=\"Share this page via Email\" \/>\n<\/a>\n<a target=\"_blank\" href=\"http:\/\/www.stumbleupon.com\/submit?url=http%3A%2F%2Flabestiadeportiva.com%2Flbd%2Fse-autorizan-las-competencias-sin-publico-desde-el-proximo-sabado%2F&amp;title=Se+autorizan+las+competencias+sin+p%C3%BAblico+desde+el+pr%C3%B3ximo+s%C3%A1bado\">\n<img src=\"http:\/\/labestiadeportiva.com\/lbd\/wp-content\/plugins\/jw-share-this\/su.png\" alt=\"Share this page via Stumble Upon\" \/>\n<\/a>\n<a target=\"_blank\" href=\"http:\/\/digg.com\/submit?url=http%3A%2F%2Flabestiadeportiva.com%2Flbd%2Fse-autorizan-las-competencias-sin-publico-desde-el-proximo-sabado%2F&amp;title=Se+autorizan+las+competencias+sin+p%C3%BAblico+desde+el+pr%C3%B3ximo+s%C3%A1bado\">\n<img src=\"http:\/\/labestiadeportiva.com\/lbd\/wp-content\/plugins\/jw-share-this\/digg.png\" alt=\"Share this page via Digg this\" \/>\n<\/a>\n<a target=\"_blank\" href=\"http:\/\/www.facebook.com\/sharer.php?u=http%3A%2F%2Flabestiadeportiva.com%2Flbd%2Fse-autorizan-las-competencias-sin-publico-desde-el-proximo-sabado%2F&amp;t=Se+autorizan+las+competencias+sin+p%C3%BAblico+desde+el+pr%C3%B3ximo+s%C3%A1bado\">\n<img src=\"http:\/\/labestiadeportiva.com\/lbd\/wp-content\/plugins\/jw-share-this\/fb.png\" alt=\"Share this page via Facebook\" \/>\n<\/a>\n<a target=\"_blank\" href=\"http:\/\/twitter.com\/intent\/tweet?text=I+like+http%3A%2F%2Flabestiadeportiva.com%2Flbd%2Fse-autorizan-las-competencias-sin-publico-desde-el-proximo-sabado%2F&amp;title=Se+autorizan+las+competencias+sin+p%C3%BAblico+desde+el+pr%C3%B3ximo+s%C3%A1bado\">\n<img src=\"http:\/\/labestiadeportiva.com\/lbd\/wp-content\/plugins\/jw-share-this\/twitter.png\" alt=\"Share this page via Twitter\" \/>\n<\/a>\n<\/div>\n","protected":false},"excerpt":{"rendered":"<p>Ser\u00e1 con un estricto protocolo sanitario y sin espectadores. Alcanza a todas las disciplinas incluidos los deportes de combate. Desde LBD compartimos la Resoluci\u00f3n 021 con los detalles. 1.075 veces le\u00edda Share this:<\/p>\n","protected":false},"author":1,"featured_media":37445,"comment_status":"open","ping_status":"open","sticky":false,"template":"","format":"standard","meta":[],"categories":[5,1],"tags":[4417,3426,3660,4207],"_links":{"self":[{"href":"http:\/\/labestiadeportiva.com\/lbd\/wp-json\/wp\/v2\/posts\/37444"}],"collection":[{"href":"http:\/\/labestiadeportiva.com\/lbd\/wp-json\/wp\/v2\/posts"}],"about":[{"href":"http:\/\/labestiadeportiva.com\/lbd\/wp-json\/wp\/v2\/types\/post"}],"author":[{"embeddable":true,"href":"http:\/\/labestiadeportiva.com\/lbd\/wp-json\/wp\/v2\/users\/1"}],"replies":[{"embeddable":true,"href":"http:\/\/labestiadeportiva.com\/lbd\/wp-json\/wp\/v2\/comments?post=37444"}],"version-history":[{"count":1,"href":"http:\/\/labestiadeportiva.com\/lbd\/wp-json\/wp\/v2\/posts\/37444\/revisions"}],"predecessor-version":[{"id":37447,"href":"http:\/\/labestiadeportiva.com\/lbd\/wp-json\/wp\/v2\/posts\/37444\/revisions\/37447"}],"wp:featuredmedia":[{"embeddable":true,"href":"http:\/\/labestiadeportiva.com\/lbd\/wp-json\/wp\/v2\/media\/37445"}],"wp:attachment":[{"href":"http:\/\/labestiadeportiva.com\/lbd\/wp-json\/wp\/v2\/media?parent=37444"}],"wp:term":[{"taxonomy":"category","embeddable":true,"href":"http:\/\/labestiadeportiva.com\/lbd\/wp-json\/wp\/v2\/categories?post=37444"},{"taxonomy":"post_tag","embeddable":true,"href":"http:\/\/labestiadeportiva.com\/lbd\/wp-json\/wp\/v2\/tags?post=37444"}],"curies":[{"name":"wp","href":"https:\/\/api.w.org\/{rel}","templated":true}]}}