{"id":3748,"date":"2013-04-02T22:16:44","date_gmt":"2013-04-02T22:16:44","guid":{"rendered":"http:\/\/labestiadeportiva.com\/lbd\/?p=3748"},"modified":"2013-04-02T22:16:44","modified_gmt":"2013-04-02T22:16:44","slug":"se-fue-la-trigesima","status":"publish","type":"post","link":"http:\/\/labestiadeportiva.com\/lbd\/se-fue-la-trigesima\/","title":{"rendered":"Se fue la trig\u00e9sima"},"content":{"rendered":"<p><em>Por Mauricio Zentner Lavori (Corresponsal LBD en Buenos Aires)<\/em><strong style=\"font-size: 13px;\">\u00a0<\/strong><\/p>\n<p>La XXX Edici\u00f3n de la Vuelta a la Tierra del Fuego lleg\u00f3 a su fin con las victorias del mejor de la historia, el ushuaiense Diego Jerez en motos, y el bautismo triunfal para el puntarenense Victor Gallegos en cuatriciclos. LBD te presenta el cierre completo con la cr\u00f3nica y los resultados de cada categor\u00eda.<\/p>\n<figure id=\"attachment_3749\" aria-describedby=\"caption-attachment-3749\" style=\"width: 540px\" class=\"wp-caption aligncenter\"><a href=\"http:\/\/labestiadeportiva.com\/lbd\/wp-content\/uploads\/2013\/04\/MZL-1-Joaco-Atayra.jpg\"><img loading=\"lazy\" class=\" wp-image-3749 \" title=\"Jerez\" src=\"http:\/\/labestiadeportiva.com\/lbd\/wp-content\/uploads\/2013\/04\/MZL-1-Joaco-Atayra.jpg\" alt=\"\" width=\"540\" height=\"210\" srcset=\"http:\/\/labestiadeportiva.com\/lbd\/wp-content\/uploads\/2013\/04\/MZL-1-Joaco-Atayra.jpg 900w, http:\/\/labestiadeportiva.com\/lbd\/wp-content\/uploads\/2013\/04\/MZL-1-Joaco-Atayra-300x116.jpg 300w\" sizes=\"(max-width: 540px) 100vw, 540px\" \/><\/a><figcaption id=\"caption-attachment-3749\" class=\"wp-caption-text\">Foto: Joaco Atayra<\/figcaption><\/figure>\n<p><!--moreLeer nota completa --><span style=\"font-size: 13px;\">Cuando se ultimaban detalles para una edici\u00f3n hist\u00f3rica al analizar las diferentes categor\u00edas eran muchos los candidatos, pero las contingencias que pueden surgir durante la carrera hac\u00edan que uno deje de lado aquellos pron\u00f3sticos.<\/span><\/p>\n<p>Esta versi\u00f3n no fue la excepci\u00f3n, y protagonizada por los pilotos, la gente, los auxilios, el barro, el agua y el esfuerzo como bandera, ser\u00e1 otra m\u00e1s para recordar.<\/p>\n<p>El \u201cConejo\u201d Diego Jerez fue la figura preponderante. Comand\u00f3 la general desde el primer prime y aunque como \u00e9l mismo dijo <span style=\"color: #ff0000;\"><em>\u201cno fue f\u00e1cil\u201d<\/em><\/span>, se encarg\u00f3 de manejar la escasa diferencia con un ritmo contundente e inteligente, sin arriesgar de m\u00e1s y siguiendo a sus rivales directos por la punta.<\/p>\n<p>En la m\u00e1xima categor\u00eda de las dos ruedas tambi\u00e9n hay que destacar lo hecho por el tolhuinense Jos\u00e9 Fregosini que estuvo a muy poco de quedarse con su primer triunfo y el capitalino Facundo Onyszczcuk quien, con una 250cc, fue vencedor de dos pruebas especiales.<\/p>\n<p>Lo concreto es que Jerez sum\u00f3 su octavo t\u00edtulo en la Vuelta y se convirti\u00f3, superando al riograndense Ra\u00fal Gonz\u00e1lez, en el m\u00e1ximo ganador con ocho conquistas.<\/p>\n<p>Por otro lado, en los cuatriciclos, los abandonos estuvieron a la orden del d\u00eda. Tanto Leandro Mu\u00f1oz como Manuel Zentner Lavori, quienes llegaban a la Segunda Etapa con grandes posibilidades de alzarse con el triunfo sufrieron roturas en sus unidades dejando allanado el camino al representante chileno V\u00edctor Gallegos. \u00a0En contacto con nosotros, el vencedor dijo: <span style=\"color: #ff0000;\"><em>\u201cSe dieron todos los factores. Me sent\u00ed bien y el cuatri no tuvo problemas\u201d<\/em><\/span>.<\/p>\n<figure id=\"attachment_3750\" aria-describedby=\"caption-attachment-3750\" style=\"width: 540px\" class=\"wp-caption aligncenter\"><a href=\"http:\/\/labestiadeportiva.com\/lbd\/wp-content\/uploads\/2013\/04\/MZL-2.jpg\"><img loading=\"lazy\" class=\" wp-image-3750  \" title=\"Gallegos\" src=\"http:\/\/labestiadeportiva.com\/lbd\/wp-content\/uploads\/2013\/04\/MZL-2.jpg\" alt=\"\" width=\"540\" height=\"210\" srcset=\"http:\/\/labestiadeportiva.com\/lbd\/wp-content\/uploads\/2013\/04\/MZL-2.jpg 900w, http:\/\/labestiadeportiva.com\/lbd\/wp-content\/uploads\/2013\/04\/MZL-2-300x116.jpg 300w\" sizes=\"(max-width: 540px) 100vw, 540px\" \/><\/a><figcaption id=\"caption-attachment-3750\" class=\"wp-caption-text\">Victor Gallegos sum\u00f3 su primer t\u00edtulo en ATV Pro A<\/figcaption><\/figure>\n<p>El puntarenense, con un andar muy regular y veloz, se encamin\u00f3 al bautismo triunfal en la m\u00edtica competencia dejando al ushuaiense Marcos Tazzioli en la segunda colocaci\u00f3n de los Quads.<\/p>\n<p>En tanto, el riograndense Gast\u00f3n Leonardelli dio una muestra de todo lo que aprendi\u00f3 en este tiempo y domin\u00f3 de inicio a fin al comando de su KTM en Motos Open mientras que otro que mostr\u00f3 las garras fue Santiago Zentner Lavori, con s\u00f3lo 15 a\u00f1os, encabezando la fila india de ATV Pro B y arribando al final con una diferencia m\u00e1s que tranquilizadora.<\/p>\n<p>En el resto de las categor\u00edas los ganadores fueron: Esteban Lewis (Motos Master A), Germ\u00e1n N\u00fa\u00f1ez (Motos Master B), Ariel Lenti (Motos Promocional), Jos\u00e9 Cano (ATV Limitada), Eduardo D\u00edaz (ATV Master), Jos\u00e9 D\u00edaz (ATV Promocional) y Maximiliano Orellano (ATV 4&#215;4).<\/p>\n<figure id=\"attachment_3751\" aria-describedby=\"caption-attachment-3751\" style=\"width: 540px\" class=\"wp-caption aligncenter\"><a href=\"http:\/\/labestiadeportiva.com\/lbd\/wp-content\/uploads\/2013\/04\/MZL-5-Emanuel-Fernandez.jpg\"><img loading=\"lazy\" class=\" wp-image-3751 \" title=\"Zentner Lavori\" src=\"http:\/\/labestiadeportiva.com\/lbd\/wp-content\/uploads\/2013\/04\/MZL-5-Emanuel-Fernandez.jpg\" alt=\"\" width=\"540\" height=\"210\" srcset=\"http:\/\/labestiadeportiva.com\/lbd\/wp-content\/uploads\/2013\/04\/MZL-5-Emanuel-Fernandez.jpg 900w, http:\/\/labestiadeportiva.com\/lbd\/wp-content\/uploads\/2013\/04\/MZL-5-Emanuel-Fernandez-300x116.jpg 300w\" sizes=\"(max-width: 540px) 100vw, 540px\" \/><\/a><figcaption id=\"caption-attachment-3751\" class=\"wp-caption-text\">Santiago Zentner Lavori vol\u00f3 en Pro B. Foto: Emanuel Fern\u00e1ndez<\/figcaption><\/figure>\n<p>&nbsp;<\/p>\n<p><strong>RESULTADOS<\/strong><\/p>\n<p>Moto Experto<\/p>\n<p><span style=\"color: #0000ff;\">1\u00ba Diego Jerez (Ushuaia) 6h19m30s64<\/span><\/p>\n<p>2\u00ba Jos\u00e9 Fregosini (Tolhuin) 6h20m57s61<\/p>\n<p>3\u00ba Facundo Onyszczuk (Ushuaia) 6h28m08s27<\/p>\n<figure id=\"attachment_3752\" aria-describedby=\"caption-attachment-3752\" style=\"width: 540px\" class=\"wp-caption aligncenter\"><a href=\"http:\/\/labestiadeportiva.com\/lbd\/wp-content\/uploads\/2013\/04\/MZL-4-Victor-Velasquez.jpg\"><img loading=\"lazy\" class=\" wp-image-3752 \" title=\"Onyszczuk\" src=\"http:\/\/labestiadeportiva.com\/lbd\/wp-content\/uploads\/2013\/04\/MZL-4-Victor-Velasquez.jpg\" alt=\"\" width=\"540\" height=\"210\" srcset=\"http:\/\/labestiadeportiva.com\/lbd\/wp-content\/uploads\/2013\/04\/MZL-4-Victor-Velasquez.jpg 900w, http:\/\/labestiadeportiva.com\/lbd\/wp-content\/uploads\/2013\/04\/MZL-4-Victor-Velasquez-300x116.jpg 300w\" sizes=\"(max-width: 540px) 100vw, 540px\" \/><\/a><figcaption id=\"caption-attachment-3752\" class=\"wp-caption-text\">Facundo Onyszczuk, otro capitalino que anduvo muy fuerte. Foto: V\u00edctor Vel\u00e1squez<\/figcaption><\/figure>\n<p>&nbsp;<\/p>\n<p>Moto Open<\/p>\n<p><span style=\"color: #0000ff;\">1\u00ba Gast\u00f3n Leonardelli (R\u00edo Grande) 6h34m11s57<\/span><\/p>\n<p>2\u00ba Gast\u00f3n Mart\u00ednez (R\u00edo Grande) 6h41m19s80<\/p>\n<p>3\u00ba Ignacio Pavlov (Ushuaia) 7h11m21s72<\/p>\n<p>&nbsp;<\/p>\n<p>Moto Master A<\/p>\n<p><span style=\"color: #0000ff;\">1\u00ba Esteban Lewis (R\u00edo Grande) 7h12m58s66<\/span><\/p>\n<p>2\u00ba Alberto Vel\u00e1squez (Ushuaia) 7h47m10s28<\/p>\n<p>3\u00ba Daniel Medina (Ushuaia) 7h52m30s02<\/p>\n<p>&nbsp;<\/p>\n<p>Moto Master B<\/p>\n<p><span style=\"color: #0000ff;\">1\u00ba Germ\u00e1n Nu\u00f1ez (R\u00edo Grande) 7h19m23s34<\/span><\/p>\n<p>2\u00ba Ra\u00fal Andrade (Ushuaia) 7h38m57s55<\/p>\n<p>3\u00ba Jos\u00e9 Villegas (Ushuaia) 8h02m23s56<\/p>\n<p>&nbsp;<\/p>\n<p>Moto Promocional<\/p>\n<p><span style=\"color: #0000ff;\">1\u00ba Ariel Lenti (R\u00edo Grande) 7h26m41s55<\/span><\/p>\n<p>2\u00ba Maximiliano Aguilar (Ushuaia) 7h38m55s09<\/p>\n<p>3\u00ba Pablo Cuberli (R\u00edo Grande) 9h43m21s25<\/p>\n<figure id=\"attachment_3753\" aria-describedby=\"caption-attachment-3753\" style=\"width: 540px\" class=\"wp-caption aligncenter\"><a href=\"http:\/\/labestiadeportiva.com\/lbd\/wp-content\/uploads\/2013\/04\/MZL-3-Victor-Velasquez.jpg\"><img loading=\"lazy\" class=\" wp-image-3753 \" title=\"Pavlov\" src=\"http:\/\/labestiadeportiva.com\/lbd\/wp-content\/uploads\/2013\/04\/MZL-3-Victor-Velasquez.jpg\" alt=\"\" width=\"540\" height=\"210\" srcset=\"http:\/\/labestiadeportiva.com\/lbd\/wp-content\/uploads\/2013\/04\/MZL-3-Victor-Velasquez.jpg 900w, http:\/\/labestiadeportiva.com\/lbd\/wp-content\/uploads\/2013\/04\/MZL-3-Victor-Velasquez-300x116.jpg 300w\" sizes=\"(max-width: 540px) 100vw, 540px\" \/><\/a><figcaption id=\"caption-attachment-3753\" class=\"wp-caption-text\">&quot;Nacho&quot; Pavlov pudo cortar la racha en su tercera participaci\u00f3n. Foto: V\u00edctor Vel\u00e1squez<\/figcaption><\/figure>\n<p>&nbsp;<\/p>\n<p>ATV PRO A<\/p>\n<p><span style=\"color: #0000ff;\">1\u00ba Victor Gallegos (Punta Arenas) 7h27m17s61<\/span><\/p>\n<p>2\u00ba Marcos Tazzioli (Ushuaia) 7h33m59s52<\/p>\n<p>3\u00ba Cristian C\u00e1rcamo (Ushuaia) 7h50m59s08<\/p>\n<p>&nbsp;<\/p>\n<p>ATV PRO B<\/p>\n<p><span style=\"color: #0000ff;\">1\u00ba Santiago Zentner Lavori (Ushuaia) 8h01m35s68<\/span><\/p>\n<p>2\u00ba Elias Mercau (Ushuaia) 8h58m14s68<\/p>\n<p>3\u00ba Claudio Soto (R\u00edo Grande) 9h03m53s99<\/p>\n<p>&nbsp;<\/p>\n<p>ATV Limitada<\/p>\n<p><span style=\"color: #0000ff;\">1\u00ba Jos\u00e9 Cano (R\u00edo Grande) 9h51m14s77<\/span><\/p>\n<p>2\u00ba Mart\u00edn Ortega (Ushuaia) 10h48m00s02<\/p>\n<p>3\u00ba Claudio Men\u00e9ndez (R\u00edo Grande) 10h55m54s46<\/p>\n<p>&nbsp;<\/p>\n<p>ATV Master<\/p>\n<p><span style=\"color: #0000ff;\">1\u00ba Eduardo D\u00edaz (R\u00edo Grande) 8h58m39s06<\/span><\/p>\n<p>2\u00ba Arm\u00edn Baeza (Ushuaia) 9h14m49s98<\/p>\n<p>3\u00ba Juli\u00e1n Martinic (Punta Arenas) 9h35m06s86<\/p>\n<p>&nbsp;<\/p>\n<p>ATV Promocional<\/p>\n<p><span style=\"color: #0000ff;\">1\u00ba Jos\u00e9 D\u00edaz (Ushuaia) 10h08m21s20<\/span><\/p>\n<p>2\u00ba V\u00edctor Perez (R\u00edo Grande) 10h33m24s62<\/p>\n<p>3\u00ba Franco Uriona (R\u00edo Grande) 11h54m45s23<\/p>\n<p>&nbsp;<\/p>\n<p>ATV 4&#215;4<\/p>\n<p><span style=\"color: #0000ff;\">1\u00ba Maximiliano Orellano (R\u00edo Grande) 10h44m24s05<\/span><\/p>\n<p>2\u00ba N\u00e9stor Narv\u00e1ez (R\u00edo Grande) 11h06m05s59<\/p>\n<figure id=\"attachment_3754\" aria-describedby=\"caption-attachment-3754\" style=\"width: 540px\" class=\"wp-caption aligncenter\"><a href=\"http:\/\/labestiadeportiva.com\/lbd\/wp-content\/uploads\/2013\/04\/MZL-5-Motores-Fueguinos.jpg\"><img loading=\"lazy\" class=\" wp-image-3754 \" title=\"Tazzioli\" src=\"http:\/\/labestiadeportiva.com\/lbd\/wp-content\/uploads\/2013\/04\/MZL-5-Motores-Fueguinos.jpg\" alt=\"\" width=\"540\" height=\"210\" srcset=\"http:\/\/labestiadeportiva.com\/lbd\/wp-content\/uploads\/2013\/04\/MZL-5-Motores-Fueguinos.jpg 900w, http:\/\/labestiadeportiva.com\/lbd\/wp-content\/uploads\/2013\/04\/MZL-5-Motores-Fueguinos-300x116.jpg 300w\" sizes=\"(max-width: 540px) 100vw, 540px\" \/><\/a><figcaption id=\"caption-attachment-3754\" class=\"wp-caption-text\">Marcos Tazzioli tuvo su premio y se subi\u00f3 al podio. Foto: Motores Fueguinos<\/figcaption><\/figure>\n<div class='epvc-post-count'><span class='epvc-eye'><\/span>  <span class=\"epvc-count\"> 1.264<\/span><span class='epvc-label'> veces le\u00edda<\/span><\/div>\n<div class=\"jwsharethis\">\nShare this: \n<br \/>\n<a href=\"mailto:?subject=Se%20fue%20la%20trig%C3%A9sima&amp;body=http%3A%2F%2Flabestiadeportiva.com%2Flbd%2Fse-fue-la-trigesima%2F\">\n<img src=\"http:\/\/labestiadeportiva.com\/lbd\/wp-content\/plugins\/jw-share-this\/email.png\" alt=\"Share this page via Email\" \/>\n<\/a>\n<a target=\"_blank\" href=\"http:\/\/www.stumbleupon.com\/submit?url=http%3A%2F%2Flabestiadeportiva.com%2Flbd%2Fse-fue-la-trigesima%2F&amp;title=Se+fue+la+trig%C3%A9sima\">\n<img src=\"http:\/\/labestiadeportiva.com\/lbd\/wp-content\/plugins\/jw-share-this\/su.png\" alt=\"Share this page via Stumble Upon\" \/>\n<\/a>\n<a target=\"_blank\" href=\"http:\/\/digg.com\/submit?url=http%3A%2F%2Flabestiadeportiva.com%2Flbd%2Fse-fue-la-trigesima%2F&amp;title=Se+fue+la+trig%C3%A9sima\">\n<img src=\"http:\/\/labestiadeportiva.com\/lbd\/wp-content\/plugins\/jw-share-this\/digg.png\" alt=\"Share this page via Digg this\" \/>\n<\/a>\n<a target=\"_blank\" href=\"http:\/\/www.facebook.com\/sharer.php?u=http%3A%2F%2Flabestiadeportiva.com%2Flbd%2Fse-fue-la-trigesima%2F&amp;t=Se+fue+la+trig%C3%A9sima\">\n<img src=\"http:\/\/labestiadeportiva.com\/lbd\/wp-content\/plugins\/jw-share-this\/fb.png\" alt=\"Share this page via Facebook\" \/>\n<\/a>\n<a target=\"_blank\" href=\"http:\/\/twitter.com\/intent\/tweet?text=I+like+http%3A%2F%2Flabestiadeportiva.com%2Flbd%2Fse-fue-la-trigesima%2F&amp;title=Se+fue+la+trig%C3%A9sima\">\n<img src=\"http:\/\/labestiadeportiva.com\/lbd\/wp-content\/plugins\/jw-share-this\/twitter.png\" alt=\"Share this page via Twitter\" \/>\n<\/a>\n<\/div>\n","protected":false},"excerpt":{"rendered":"<p>Por Mauricio Zentner Lavori (Corresponsal LBD en Buenos Aires)\u00a0 La XXX Edici\u00f3n de la Vuelta a la Tierra del Fuego lleg\u00f3 a su fin con las victorias del mejor de la historia, el ushuaiense Diego Jerez en motos, y el bautismo triunfal para el puntarenense Victor Gallegos en cuatriciclos. LBD te presenta el cierre completo &hellip; <a href=\"http:\/\/labestiadeportiva.com\/lbd\/se-fue-la-trigesima\/\" class=\"more-link\">Seguir leyendo <span class=\"screen-reader-text\">Se fue la trig\u00e9sima<\/span> <span class=\"meta-nav\">&rarr;<\/span><\/a><\/p>\n","protected":false},"author":1,"featured_media":3749,"comment_status":"open","ping_status":"open","sticky":false,"template":"","format":"standard","meta":[],"categories":[5,6,1],"tags":[508,534,532,533,71,302],"_links":{"self":[{"href":"http:\/\/labestiadeportiva.com\/lbd\/wp-json\/wp\/v2\/posts\/3748"}],"collection":[{"href":"http:\/\/labestiadeportiva.com\/lbd\/wp-json\/wp\/v2\/posts"}],"about":[{"href":"http:\/\/labestiadeportiva.com\/lbd\/wp-json\/wp\/v2\/types\/post"}],"author":[{"embeddable":true,"href":"http:\/\/labestiadeportiva.com\/lbd\/wp-json\/wp\/v2\/users\/1"}],"replies":[{"embeddable":true,"href":"http:\/\/labestiadeportiva.com\/lbd\/wp-json\/wp\/v2\/comments?post=3748"}],"version-history":[{"count":1,"href":"http:\/\/labestiadeportiva.com\/lbd\/wp-json\/wp\/v2\/posts\/3748\/revisions"}],"predecessor-version":[{"id":3755,"href":"http:\/\/labestiadeportiva.com\/lbd\/wp-json\/wp\/v2\/posts\/3748\/revisions\/3755"}],"wp:featuredmedia":[{"embeddable":true,"href":"http:\/\/labestiadeportiva.com\/lbd\/wp-json\/wp\/v2\/media\/3749"}],"wp:attachment":[{"href":"http:\/\/labestiadeportiva.com\/lbd\/wp-json\/wp\/v2\/media?parent=3748"}],"wp:term":[{"taxonomy":"category","embeddable":true,"href":"http:\/\/labestiadeportiva.com\/lbd\/wp-json\/wp\/v2\/categories?post=3748"},{"taxonomy":"post_tag","embeddable":true,"href":"http:\/\/labestiadeportiva.com\/lbd\/wp-json\/wp\/v2\/tags?post=3748"}],"curies":[{"name":"wp","href":"https:\/\/api.w.org\/{rel}","templated":true}]}}