{"id":37533,"date":"2021-02-02T12:37:04","date_gmt":"2021-02-02T15:37:04","guid":{"rendered":"http:\/\/labestiadeportiva.com\/lbd\/?p=37533"},"modified":"2021-02-02T12:58:43","modified_gmt":"2021-02-02T15:58:43","slug":"la-liga-de-verano-puso-primera","status":"publish","type":"post","link":"http:\/\/labestiadeportiva.com\/lbd\/la-liga-de-verano-puso-primera\/","title":{"rendered":"La Liga de Verano puso primera"},"content":{"rendered":"<p><a href=\"http:\/\/labestiadeportiva.com\/lbd\/wp-content\/uploads\/2021\/02\/20210202_124630-COLLAGE.jpg\"><img loading=\"lazy\" src=\"http:\/\/labestiadeportiva.com\/lbd\/wp-content\/uploads\/2021\/02\/20210202_124630-COLLAGE-300x300.jpg\" alt=\"20210202_124630-COLLAGE\" width=\"300\" height=\"300\" class=\"aligncenter size-medium wp-image-37535\" srcset=\"http:\/\/labestiadeportiva.com\/lbd\/wp-content\/uploads\/2021\/02\/20210202_124630-COLLAGE-300x300.jpg 300w, http:\/\/labestiadeportiva.com\/lbd\/wp-content\/uploads\/2021\/02\/20210202_124630-COLLAGE-150x150.jpg 150w, http:\/\/labestiadeportiva.com\/lbd\/wp-content\/uploads\/2021\/02\/20210202_124630-COLLAGE.jpg 1024w, http:\/\/labestiadeportiva.com\/lbd\/wp-content\/uploads\/2021\/02\/20210202_124630-COLLAGE-160x160.jpg 160w, http:\/\/labestiadeportiva.com\/lbd\/wp-content\/uploads\/2021\/02\/20210202_124630-COLLAGE-320x320.jpg 320w, http:\/\/labestiadeportiva.com\/lbd\/wp-content\/uploads\/2021\/02\/20210202_124630-COLLAGE-60x60.jpg 60w\" sizes=\"(max-width: 300px) 100vw, 300px\" \/><\/a><br \/>\nCon acci\u00f3n para el f\u00fatbol infantil, bicicross y trail running el IMD inici\u00f3 su nueva propuesta.<\/p>\n<p>A partir del pr\u00f3ximo fin de semana se sumar\u00e1n las disciplinas restantes. Desde LBD te brindamos detalles.<!--more--><\/p>\n<p>Tres escenarios, el barrio La Cantera, la cancha Oscar \u00abCocol\u00bb G\u00f3mez y el sint\u00e9tico \u00abHugo\u00bb Lumbreras para la gente menuda del f\u00fatbol que despleg\u00f3 partidos en los segmentos Sub 9, Sub 11 y Sub 13 donde se jugaron 14 encuentros.<\/p>\n<p>Resultados<br \/>\nSUB 13:<br \/>\nHaf 4 Ateneo 2<br \/>\nComercio 10 Magallanes 0<br \/>\nPoli 1 caef 2<br \/>\nTaxi 4 AEP 1<\/p>\n<p>SUB 11:<br \/>\nUom 0 porvenir 4<br \/>\nTaxi 0 amistad 6<br \/>\nCuervos 0 haf 5<br \/>\nAEP 2 poli 0<br \/>\nLyz 1 comercio 6<\/p>\n<p>SUB 9:<br \/>\nCaef 1 comercio 8<br \/>\nAEP 8 poli 5<br \/>\nLyz 5 taxi 3<br \/>\nAmistad 4 Quilmes 8<br \/>\nPorvenir 3 Uom 8<\/p>\n<p>En cuanto a la novedosa propuesta del bicicross, donde se dise\u00f1\u00f3 un interesante circuito a espaldas del sint\u00e9tico \u00abHugo Lumbreras\u00bb, la concurrencia fue muy buena alcanzando los 70 participantes.<\/p>\n<p>Los organizadores nos adelantaron que la experiencia se repetir\u00e1 por lo menos un par de veces m\u00e1s donde los ciclistas ir\u00e1n sumando puntos seg\u00fan sus resultados.<\/p>\n<p><a href=\"http:\/\/labestiadeportiva.com\/lbd\/wp-content\/uploads\/2021\/02\/Screenshot_20210202-1250313.png\"><img loading=\"lazy\" src=\"http:\/\/labestiadeportiva.com\/lbd\/wp-content\/uploads\/2021\/02\/Screenshot_20210202-1250313-173x300.png\" alt=\"Screenshot_20210202-125031~3\" width=\"173\" height=\"300\" class=\"aligncenter size-medium wp-image-37537\" srcset=\"http:\/\/labestiadeportiva.com\/lbd\/wp-content\/uploads\/2021\/02\/Screenshot_20210202-1250313-173x300.png 173w, http:\/\/labestiadeportiva.com\/lbd\/wp-content\/uploads\/2021\/02\/Screenshot_20210202-1250313.png 425w\" sizes=\"(max-width: 173px) 100vw, 173px\" \/><\/a><\/p>\n<p>Por \u00faltimo el trail running convoc\u00f3 en el sector del Polo \u00abH\u00e9roes de Malvinas\u00bb en el ingreso al barrio de Andorra. All\u00ed fueron 50 los peque\u00f1os atletas que dieron el presente.<\/p>\n<p>Los profesores a cargo idearon un circuito que involucr\u00f3 zonas abiertas como as\u00ed tambi\u00e9n parte del bosque donde durante el recorrido se idearon diferentes dificultades a modo de destrezas.  <\/p>\n<p>Resultados<br \/>\nCategor\u00eda 4\/6 a\u00f1os<br \/>\nJoaqu\u00edn Mulet : 48&#8243;<br \/>\nAlmendra revello: 54&#8243;<br \/>\nSol Calatayud: 58&#8243;<br \/>\nSantiago Zeballos: 58&#8243;<br \/>\nGian Ojeda: 58&#8243;<br \/>\nEmma Moreno: 59&#8243;<br \/>\nDelfina Cichero: 1&#8217;04\u00bb<br \/>\nKeyla Toconas: 1&#8217;05\u00bb<br \/>\nEmma Selzer: 1&#8217;06\u00bb<br \/>\nAlegro Sosa: 1&#8217;09\u00bb<br \/>\nSantino Gallardo: 1&#8217;17\u00bb<br \/>\nJos\u00edas Ramos: 1&#8217;17\u00bb<br \/>\nG\u00e9nesis Router: 1&#8217;23\u00bb<br \/>\nAmelie Baez: 1&#8217;27\u00bb<br \/>\nJosefina Cejas: 1&#8217;28\u00bb<br \/>\nJazm\u00edn Mareco: 1&#8217;29\u00bb<br \/>\nLara Ancasi: 1&#8217;38\u00bb<br \/>\nRenata Mareco: 1&#8217;44\u00bb<\/p>\n<p>Categor\u00eda 7\/9 a\u00f1os<br \/>\nJulieta Barone: 1&#8217;13\u00bb<br \/>\nAgust\u00edn Zeballos: 1&#8217;15\u00bb<br \/>\nJoel Ramos: 1&#8217;23\u00bb<br \/>\nValentino Vargas: 1&#8217;23\u00bb<br \/>\nCatalina eberhardt: 1&#8217;34\u00bb<br \/>\nXuan Beck: 1&#8217;34\u00bb<br \/>\nRamiro Sterrantino: 1&#8217;40\u00bb<br \/>\nSophie Galian: 1&#8217;53\u00bb<\/p>\n<p>Categor\u00eda 10\/12 a\u00f1os<br \/>\nDimas Van Aert: 3&#8217;37\u00bb<br \/>\nJuul Van Aert: 3&#8217;54\u00bb<br \/>\nCiara Garc\u00eda: 4&#8217;04\u00bb<br \/>\nLuisana Urbani: 4&#8217;17\u00bb<br \/>\nAgust\u00edn Barone: 4&#8217;19\u00bb<br \/>\nCarolina Vera: 5&#8217;12<\/p>\n<p>Categor\u00eda 13\/14 a\u00f1os<br \/>\nConrado Alonso: 6&#8217;37\u00bb<\/p>\n<p>Categor\u00eda 15\/16 a\u00f1os<br \/>\nDaniela Valderrama: 4&#8217;17\u00bb<\/p>\n<p>Desde el IMD se inform\u00f3 que a partir del pr\u00f3ximo fin de semana a los deportes lanzados se sumar\u00e1n disciplinas como beach v\u00f3ley, b\u00e1squet, handball y hockey.<\/p>\n<div class='epvc-post-count'><span class='epvc-eye'><\/span>  <span class=\"epvc-count\"> 1.170<\/span><span class='epvc-label'> veces le\u00edda<\/span><\/div>\n<div class=\"jwsharethis\">\nShare this: \n<br \/>\n<a href=\"mailto:?subject=La%20Liga%20de%20Verano%20puso%20primera&amp;body=http%3A%2F%2Flabestiadeportiva.com%2Flbd%2Fla-liga-de-verano-puso-primera%2F\">\n<img src=\"http:\/\/labestiadeportiva.com\/lbd\/wp-content\/plugins\/jw-share-this\/email.png\" alt=\"Share this page via Email\" \/>\n<\/a>\n<a target=\"_blank\" href=\"http:\/\/www.stumbleupon.com\/submit?url=http%3A%2F%2Flabestiadeportiva.com%2Flbd%2Fla-liga-de-verano-puso-primera%2F&amp;title=La+Liga+de+Verano+puso+primera\">\n<img src=\"http:\/\/labestiadeportiva.com\/lbd\/wp-content\/plugins\/jw-share-this\/su.png\" alt=\"Share this page via Stumble Upon\" \/>\n<\/a>\n<a target=\"_blank\" href=\"http:\/\/digg.com\/submit?url=http%3A%2F%2Flabestiadeportiva.com%2Flbd%2Fla-liga-de-verano-puso-primera%2F&amp;title=La+Liga+de+Verano+puso+primera\">\n<img src=\"http:\/\/labestiadeportiva.com\/lbd\/wp-content\/plugins\/jw-share-this\/digg.png\" alt=\"Share this page via Digg this\" \/>\n<\/a>\n<a target=\"_blank\" href=\"http:\/\/www.facebook.com\/sharer.php?u=http%3A%2F%2Flabestiadeportiva.com%2Flbd%2Fla-liga-de-verano-puso-primera%2F&amp;t=La+Liga+de+Verano+puso+primera\">\n<img src=\"http:\/\/labestiadeportiva.com\/lbd\/wp-content\/plugins\/jw-share-this\/fb.png\" alt=\"Share this page via Facebook\" \/>\n<\/a>\n<a target=\"_blank\" href=\"http:\/\/twitter.com\/intent\/tweet?text=I+like+http%3A%2F%2Flabestiadeportiva.com%2Flbd%2Fla-liga-de-verano-puso-primera%2F&amp;title=La+Liga+de+Verano+puso+primera\">\n<img src=\"http:\/\/labestiadeportiva.com\/lbd\/wp-content\/plugins\/jw-share-this\/twitter.png\" alt=\"Share this page via Twitter\" \/>\n<\/a>\n<\/div>\n","protected":false},"excerpt":{"rendered":"<p>Con acci\u00f3n para el f\u00fatbol infantil, bicicross y trail running el IMD inici\u00f3 su nueva propuesta. A partir del pr\u00f3ximo fin de semana se sumar\u00e1n las disciplinas restantes. Desde LBD te brindamos detalles. 1.170 veces le\u00edda Share this:<\/p>\n","protected":false},"author":1,"featured_media":37535,"comment_status":"open","ping_status":"open","sticky":false,"template":"","format":"standard","meta":[],"categories":[5,2651,1],"tags":[3834,4423,3660],"_links":{"self":[{"href":"http:\/\/labestiadeportiva.com\/lbd\/wp-json\/wp\/v2\/posts\/37533"}],"collection":[{"href":"http:\/\/labestiadeportiva.com\/lbd\/wp-json\/wp\/v2\/posts"}],"about":[{"href":"http:\/\/labestiadeportiva.com\/lbd\/wp-json\/wp\/v2\/types\/post"}],"author":[{"embeddable":true,"href":"http:\/\/labestiadeportiva.com\/lbd\/wp-json\/wp\/v2\/users\/1"}],"replies":[{"embeddable":true,"href":"http:\/\/labestiadeportiva.com\/lbd\/wp-json\/wp\/v2\/comments?post=37533"}],"version-history":[{"count":4,"href":"http:\/\/labestiadeportiva.com\/lbd\/wp-json\/wp\/v2\/posts\/37533\/revisions"}],"predecessor-version":[{"id":37539,"href":"http:\/\/labestiadeportiva.com\/lbd\/wp-json\/wp\/v2\/posts\/37533\/revisions\/37539"}],"wp:featuredmedia":[{"embeddable":true,"href":"http:\/\/labestiadeportiva.com\/lbd\/wp-json\/wp\/v2\/media\/37535"}],"wp:attachment":[{"href":"http:\/\/labestiadeportiva.com\/lbd\/wp-json\/wp\/v2\/media?parent=37533"}],"wp:term":[{"taxonomy":"category","embeddable":true,"href":"http:\/\/labestiadeportiva.com\/lbd\/wp-json\/wp\/v2\/categories?post=37533"},{"taxonomy":"post_tag","embeddable":true,"href":"http:\/\/labestiadeportiva.com\/lbd\/wp-json\/wp\/v2\/tags?post=37533"}],"curies":[{"name":"wp","href":"https:\/\/api.w.org\/{rel}","templated":true}]}}