{"id":37582,"date":"2021-02-09T17:33:46","date_gmt":"2021-02-09T20:33:46","guid":{"rendered":"http:\/\/labestiadeportiva.com\/lbd\/?p=37582"},"modified":"2021-02-09T17:37:27","modified_gmt":"2021-02-09T20:37:27","slug":"los-espacios-no-sobran-con-lo-que-tengamos-haremos-lo-mejor-posible-este-es-un-primer-paso-audio","status":"publish","type":"post","link":"http:\/\/labestiadeportiva.com\/lbd\/los-espacios-no-sobran-con-lo-que-tengamos-haremos-lo-mejor-posible-este-es-un-primer-paso-audio\/","title":{"rendered":"\u00abLos espacios no sobran, con lo que tengamos haremos lo mejor posible, este es un primer paso\u00bb (Audio)"},"content":{"rendered":"<p><a href=\"http:\/\/labestiadeportiva.com\/lbd\/wp-content\/uploads\/2021\/02\/FB_IMG_1612895635326.jpg\"><img loading=\"lazy\" src=\"http:\/\/labestiadeportiva.com\/lbd\/wp-content\/uploads\/2021\/02\/FB_IMG_1612895635326-300x240.jpg\" alt=\"FB_IMG_1612895635326\" width=\"300\" height=\"240\" class=\"aligncenter size-medium wp-image-37584\" srcset=\"http:\/\/labestiadeportiva.com\/lbd\/wp-content\/uploads\/2021\/02\/FB_IMG_1612895635326-300x240.jpg 300w, http:\/\/labestiadeportiva.com\/lbd\/wp-content\/uploads\/2021\/02\/FB_IMG_1612895635326.jpg 960w\" sizes=\"(max-width: 300px) 100vw, 300px\" \/><\/a><br \/>\nPrimer contacto de la temporada con la presidenta de la Federaci\u00f3n Ushuaiense Irma Figueroa. El futsal federado llam\u00f3 a reuni\u00f3n y realizar\u00e1 un torneo de verano para primera divisi\u00f3n en el gimnasio del Colegio Ernesto S\u00e1bato. <\/p>\n<p>Los detalles en la entrevista lograda este martes en la 94.1 FM del Sur.<!--more--><\/p>\n<p><iframe loading=\"lazy\" width=\"560\" height=\"315\" src=\"https:\/\/www.youtube.com\/embed\/5RTRui7a26I\" frameborder=\"0\" allow=\"accelerometer; autoplay; clipboard-write; encrypted-media; gyroscope; picture-in-picture\" allowfullscreen><\/iframe><\/p>\n<div class='epvc-post-count'><span class='epvc-eye'><\/span>  <span class=\"epvc-count\"> 1.020<\/span><span class='epvc-label'> veces le\u00edda<\/span><\/div>\n<div class=\"jwsharethis\">\nShare this: \n<br \/>\n<a href=\"mailto:?subject=%C2%ABLos%20espacios%20no%20sobran%2C%20con%20lo%20que%20tengamos%20haremos%20lo%20mejor%20posible%2C%20este%20es%20un%20primer%20paso%C2%BB%20%28Audio%29&amp;body=http%3A%2F%2Flabestiadeportiva.com%2Flbd%2Flos-espacios-no-sobran-con-lo-que-tengamos-haremos-lo-mejor-posible-este-es-un-primer-paso-audio%2F\">\n<img src=\"http:\/\/labestiadeportiva.com\/lbd\/wp-content\/plugins\/jw-share-this\/email.png\" alt=\"Share this page via Email\" \/>\n<\/a>\n<a target=\"_blank\" href=\"http:\/\/www.stumbleupon.com\/submit?url=http%3A%2F%2Flabestiadeportiva.com%2Flbd%2Flos-espacios-no-sobran-con-lo-que-tengamos-haremos-lo-mejor-posible-este-es-un-primer-paso-audio%2F&amp;title=%C2%ABLos+espacios+no+sobran%2C+con+lo+que+tengamos+haremos+lo+mejor+posible%2C+este+es+un+primer+paso%C2%BB+%28Audio%29\">\n<img src=\"http:\/\/labestiadeportiva.com\/lbd\/wp-content\/plugins\/jw-share-this\/su.png\" alt=\"Share this page via Stumble Upon\" \/>\n<\/a>\n<a target=\"_blank\" href=\"http:\/\/digg.com\/submit?url=http%3A%2F%2Flabestiadeportiva.com%2Flbd%2Flos-espacios-no-sobran-con-lo-que-tengamos-haremos-lo-mejor-posible-este-es-un-primer-paso-audio%2F&amp;title=%C2%ABLos+espacios+no+sobran%2C+con+lo+que+tengamos+haremos+lo+mejor+posible%2C+este+es+un+primer+paso%C2%BB+%28Audio%29\">\n<img src=\"http:\/\/labestiadeportiva.com\/lbd\/wp-content\/plugins\/jw-share-this\/digg.png\" alt=\"Share this page via Digg this\" \/>\n<\/a>\n<a target=\"_blank\" href=\"http:\/\/www.facebook.com\/sharer.php?u=http%3A%2F%2Flabestiadeportiva.com%2Flbd%2Flos-espacios-no-sobran-con-lo-que-tengamos-haremos-lo-mejor-posible-este-es-un-primer-paso-audio%2F&amp;t=%C2%ABLos+espacios+no+sobran%2C+con+lo+que+tengamos+haremos+lo+mejor+posible%2C+este+es+un+primer+paso%C2%BB+%28Audio%29\">\n<img src=\"http:\/\/labestiadeportiva.com\/lbd\/wp-content\/plugins\/jw-share-this\/fb.png\" alt=\"Share this page via Facebook\" \/>\n<\/a>\n<a target=\"_blank\" href=\"http:\/\/twitter.com\/intent\/tweet?text=I+like+http%3A%2F%2Flabestiadeportiva.com%2Flbd%2Flos-espacios-no-sobran-con-lo-que-tengamos-haremos-lo-mejor-posible-este-es-un-primer-paso-audio%2F&amp;title=%C2%ABLos+espacios+no+sobran%2C+con+lo+que+tengamos+haremos+lo+mejor+posible%2C+este+es+un+primer+paso%C2%BB+%28Audio%29\">\n<img src=\"http:\/\/labestiadeportiva.com\/lbd\/wp-content\/plugins\/jw-share-this\/twitter.png\" alt=\"Share this page via Twitter\" \/>\n<\/a>\n<\/div>\n","protected":false},"excerpt":{"rendered":"<p>Primer contacto de la temporada con la presidenta de la Federaci\u00f3n Ushuaiense Irma Figueroa. El futsal federado llam\u00f3 a reuni\u00f3n y realizar\u00e1 un torneo de verano para primera divisi\u00f3n en el gimnasio del Colegio Ernesto S\u00e1bato. Los detalles en la entrevista lograda este martes en la 94.1 FM del Sur. 1.020 veces le\u00edda Share this:<\/p>\n","protected":false},"author":1,"featured_media":37584,"comment_status":"open","ping_status":"open","sticky":false,"template":"","format":"standard","meta":[],"categories":[5,60,31,1],"tags":[934,891,4838,4429,4833],"_links":{"self":[{"href":"http:\/\/labestiadeportiva.com\/lbd\/wp-json\/wp\/v2\/posts\/37582"}],"collection":[{"href":"http:\/\/labestiadeportiva.com\/lbd\/wp-json\/wp\/v2\/posts"}],"about":[{"href":"http:\/\/labestiadeportiva.com\/lbd\/wp-json\/wp\/v2\/types\/post"}],"author":[{"embeddable":true,"href":"http:\/\/labestiadeportiva.com\/lbd\/wp-json\/wp\/v2\/users\/1"}],"replies":[{"embeddable":true,"href":"http:\/\/labestiadeportiva.com\/lbd\/wp-json\/wp\/v2\/comments?post=37582"}],"version-history":[{"count":2,"href":"http:\/\/labestiadeportiva.com\/lbd\/wp-json\/wp\/v2\/posts\/37582\/revisions"}],"predecessor-version":[{"id":37585,"href":"http:\/\/labestiadeportiva.com\/lbd\/wp-json\/wp\/v2\/posts\/37582\/revisions\/37585"}],"wp:featuredmedia":[{"embeddable":true,"href":"http:\/\/labestiadeportiva.com\/lbd\/wp-json\/wp\/v2\/media\/37584"}],"wp:attachment":[{"href":"http:\/\/labestiadeportiva.com\/lbd\/wp-json\/wp\/v2\/media?parent=37582"}],"wp:term":[{"taxonomy":"category","embeddable":true,"href":"http:\/\/labestiadeportiva.com\/lbd\/wp-json\/wp\/v2\/categories?post=37582"},{"taxonomy":"post_tag","embeddable":true,"href":"http:\/\/labestiadeportiva.com\/lbd\/wp-json\/wp\/v2\/tags?post=37582"}],"curies":[{"name":"wp","href":"https:\/\/api.w.org\/{rel}","templated":true}]}}