{"id":37596,"date":"2021-02-11T14:06:24","date_gmt":"2021-02-11T17:06:24","guid":{"rendered":"http:\/\/labestiadeportiva.com\/lbd\/?p=37596"},"modified":"2021-02-11T14:10:02","modified_gmt":"2021-02-11T17:10:02","slug":"seguiremos-buscando-apoyos-para-que-el-flaco-pueda-cumplir-esta-primera-etapa-audioremos-si-se-cumplen-los-objetivos-deportivos-veremos","status":"publish","type":"post","link":"http:\/\/labestiadeportiva.com\/lbd\/seguiremos-buscando-apoyos-para-que-el-flaco-pueda-cumplir-esta-primera-etapa-audioremos-si-se-cumplen-los-objetivos-deportivos-veremos\/","title":{"rendered":"\u00abSeguiremos buscando apoyos para que el flaco pueda cumplir esta primera etapa\u00bb (Audio)"},"content":{"rendered":"<p><a href=\"http:\/\/labestiadeportiva.com\/lbd\/wp-content\/uploads\/2021\/02\/IMG-20210208-WA0133.jpg\"><img loading=\"lazy\" src=\"http:\/\/labestiadeportiva.com\/lbd\/wp-content\/uploads\/2021\/02\/IMG-20210208-WA0133-225x300.jpg\" alt=\"IMG-20210208-WA0133\" width=\"225\" height=\"300\" class=\"aligncenter size-medium wp-image-37598\" srcset=\"http:\/\/labestiadeportiva.com\/lbd\/wp-content\/uploads\/2021\/02\/IMG-20210208-WA0133-225x300.jpg 225w, http:\/\/labestiadeportiva.com\/lbd\/wp-content\/uploads\/2021\/02\/IMG-20210208-WA0133.jpg 768w\" sizes=\"(max-width: 225px) 100vw, 225px\" \/><\/a><br \/>\nEl joven y talentoso tenista ushuaiense Valent\u00edn Garay (13) comenz\u00f3 este jueves su gira Sudamericana. Paraguay y Brasil ser\u00e1n los lugares donde llegar\u00e1 en auto junto a su entrenador. El fueguino se encuentra residiendo en la localidad bonaerense de Dolores.<\/p>\n<p>Desde LBD nos comunicamos con su padre Javier, formador de la Escuela de Tenis Fin del Mundo, quien nos dio detalles deportivos como as\u00ed tambi\u00e9n el de los gastos que debe afrontar nuestro deportista.<\/p>\n<p>Para colaborar se puede llamar a los tel\u00e9fonos 2901 15489478\/15489476. Compartimos la entrevista lograda este mi\u00e9rcoles en la 94.1 FM del Sur.<!--more--><\/p>\n<p><iframe loading=\"lazy\" width=\"560\" height=\"315\" src=\"https:\/\/www.youtube.com\/embed\/ykZYd2y0BBw\" frameborder=\"0\" allow=\"accelerometer; autoplay; clipboard-write; encrypted-media; gyroscope; picture-in-picture\" allowfullscreen><\/iframe><\/p>\n<div class='epvc-post-count'><span class='epvc-eye'><\/span>  <span class=\"epvc-count\"> 1.046<\/span><span class='epvc-label'> veces le\u00edda<\/span><\/div>\n<div class=\"jwsharethis\">\nShare this: \n<br \/>\n<a href=\"mailto:?subject=%C2%ABSeguiremos%20buscando%20apoyos%20para%20que%20el%20flaco%20pueda%20cumplir%20esta%20primera%20etapa%C2%BB%20%28Audio%29&amp;body=http%3A%2F%2Flabestiadeportiva.com%2Flbd%2Fseguiremos-buscando-apoyos-para-que-el-flaco-pueda-cumplir-esta-primera-etapa-audioremos-si-se-cumplen-los-objetivos-deportivos-veremos%2F\">\n<img src=\"http:\/\/labestiadeportiva.com\/lbd\/wp-content\/plugins\/jw-share-this\/email.png\" alt=\"Share this page via Email\" \/>\n<\/a>\n<a target=\"_blank\" href=\"http:\/\/www.stumbleupon.com\/submit?url=http%3A%2F%2Flabestiadeportiva.com%2Flbd%2Fseguiremos-buscando-apoyos-para-que-el-flaco-pueda-cumplir-esta-primera-etapa-audioremos-si-se-cumplen-los-objetivos-deportivos-veremos%2F&amp;title=%C2%ABSeguiremos+buscando+apoyos+para+que+el+flaco+pueda+cumplir+esta+primera+etapa%C2%BB+%28Audio%29\">\n<img src=\"http:\/\/labestiadeportiva.com\/lbd\/wp-content\/plugins\/jw-share-this\/su.png\" alt=\"Share this page via Stumble Upon\" \/>\n<\/a>\n<a target=\"_blank\" href=\"http:\/\/digg.com\/submit?url=http%3A%2F%2Flabestiadeportiva.com%2Flbd%2Fseguiremos-buscando-apoyos-para-que-el-flaco-pueda-cumplir-esta-primera-etapa-audioremos-si-se-cumplen-los-objetivos-deportivos-veremos%2F&amp;title=%C2%ABSeguiremos+buscando+apoyos+para+que+el+flaco+pueda+cumplir+esta+primera+etapa%C2%BB+%28Audio%29\">\n<img src=\"http:\/\/labestiadeportiva.com\/lbd\/wp-content\/plugins\/jw-share-this\/digg.png\" alt=\"Share this page via Digg this\" \/>\n<\/a>\n<a target=\"_blank\" href=\"http:\/\/www.facebook.com\/sharer.php?u=http%3A%2F%2Flabestiadeportiva.com%2Flbd%2Fseguiremos-buscando-apoyos-para-que-el-flaco-pueda-cumplir-esta-primera-etapa-audioremos-si-se-cumplen-los-objetivos-deportivos-veremos%2F&amp;t=%C2%ABSeguiremos+buscando+apoyos+para+que+el+flaco+pueda+cumplir+esta+primera+etapa%C2%BB+%28Audio%29\">\n<img src=\"http:\/\/labestiadeportiva.com\/lbd\/wp-content\/plugins\/jw-share-this\/fb.png\" alt=\"Share this page via Facebook\" \/>\n<\/a>\n<a target=\"_blank\" href=\"http:\/\/twitter.com\/intent\/tweet?text=I+like+http%3A%2F%2Flabestiadeportiva.com%2Flbd%2Fseguiremos-buscando-apoyos-para-que-el-flaco-pueda-cumplir-esta-primera-etapa-audioremos-si-se-cumplen-los-objetivos-deportivos-veremos%2F&amp;title=%C2%ABSeguiremos+buscando+apoyos+para+que+el+flaco+pueda+cumplir+esta+primera+etapa%C2%BB+%28Audio%29\">\n<img src=\"http:\/\/labestiadeportiva.com\/lbd\/wp-content\/plugins\/jw-share-this\/twitter.png\" alt=\"Share this page via Twitter\" \/>\n<\/a>\n<\/div>\n","protected":false},"excerpt":{"rendered":"<p>El joven y talentoso tenista ushuaiense Valent\u00edn Garay (13) comenz\u00f3 este jueves su gira Sudamericana. Paraguay y Brasil ser\u00e1n los lugares donde llegar\u00e1 en auto junto a su entrenador. El fueguino se encuentra residiendo en la localidad bonaerense de Dolores. Desde LBD nos comunicamos con su padre Javier, formador de la Escuela de Tenis Fin &hellip; <a href=\"http:\/\/labestiadeportiva.com\/lbd\/seguiremos-buscando-apoyos-para-que-el-flaco-pueda-cumplir-esta-primera-etapa-audioremos-si-se-cumplen-los-objetivos-deportivos-veremos\/\" class=\"more-link\">Seguir leyendo <span class=\"screen-reader-text\">\u00abSeguiremos buscando apoyos para que el flaco pueda cumplir esta primera etapa\u00bb (Audio)<\/span> <span class=\"meta-nav\">&rarr;<\/span><\/a><\/p>\n","protected":false},"author":1,"featured_media":37598,"comment_status":"open","ping_status":"open","sticky":false,"template":"","format":"standard","meta":[],"categories":[5,4,6,60,1,3298],"tags":[],"_links":{"self":[{"href":"http:\/\/labestiadeportiva.com\/lbd\/wp-json\/wp\/v2\/posts\/37596"}],"collection":[{"href":"http:\/\/labestiadeportiva.com\/lbd\/wp-json\/wp\/v2\/posts"}],"about":[{"href":"http:\/\/labestiadeportiva.com\/lbd\/wp-json\/wp\/v2\/types\/post"}],"author":[{"embeddable":true,"href":"http:\/\/labestiadeportiva.com\/lbd\/wp-json\/wp\/v2\/users\/1"}],"replies":[{"embeddable":true,"href":"http:\/\/labestiadeportiva.com\/lbd\/wp-json\/wp\/v2\/comments?post=37596"}],"version-history":[{"count":3,"href":"http:\/\/labestiadeportiva.com\/lbd\/wp-json\/wp\/v2\/posts\/37596\/revisions"}],"predecessor-version":[{"id":37600,"href":"http:\/\/labestiadeportiva.com\/lbd\/wp-json\/wp\/v2\/posts\/37596\/revisions\/37600"}],"wp:featuredmedia":[{"embeddable":true,"href":"http:\/\/labestiadeportiva.com\/lbd\/wp-json\/wp\/v2\/media\/37598"}],"wp:attachment":[{"href":"http:\/\/labestiadeportiva.com\/lbd\/wp-json\/wp\/v2\/media?parent=37596"}],"wp:term":[{"taxonomy":"category","embeddable":true,"href":"http:\/\/labestiadeportiva.com\/lbd\/wp-json\/wp\/v2\/categories?post=37596"},{"taxonomy":"post_tag","embeddable":true,"href":"http:\/\/labestiadeportiva.com\/lbd\/wp-json\/wp\/v2\/tags?post=37596"}],"curies":[{"name":"wp","href":"https:\/\/api.w.org\/{rel}","templated":true}]}}