{"id":37612,"date":"2021-02-12T17:51:15","date_gmt":"2021-02-12T20:51:15","guid":{"rendered":"http:\/\/labestiadeportiva.com\/lbd\/?p=37612"},"modified":"2021-02-12T17:51:15","modified_gmt":"2021-02-12T20:51:15","slug":"casos-positivos-viaje-suspendido","status":"publish","type":"post","link":"http:\/\/labestiadeportiva.com\/lbd\/casos-positivos-viaje-suspendido\/","title":{"rendered":"Casos positivos, viaje suspendido"},"content":{"rendered":"<p><a href=\"http:\/\/labestiadeportiva.com\/lbd\/wp-content\/uploads\/2021\/02\/FB_IMG_1613162806202.jpg\"><img loading=\"lazy\" src=\"http:\/\/labestiadeportiva.com\/lbd\/wp-content\/uploads\/2021\/02\/FB_IMG_1613162806202-300x200.jpg\" alt=\"FB_IMG_1613162806202\" width=\"300\" height=\"200\" class=\"aligncenter size-medium wp-image-37613\" srcset=\"http:\/\/labestiadeportiva.com\/lbd\/wp-content\/uploads\/2021\/02\/FB_IMG_1613162806202-300x200.jpg 300w, http:\/\/labestiadeportiva.com\/lbd\/wp-content\/uploads\/2021\/02\/FB_IMG_1613162806202-1024x683.jpg 1024w, http:\/\/labestiadeportiva.com\/lbd\/wp-content\/uploads\/2021\/02\/FB_IMG_1613162806202.jpg 1080w\" sizes=\"(max-width: 300px) 100vw, 300px\" \/><\/a><br \/>\nLamentablemente el plantel fueguino de v\u00f3ley masculino que iba a formar parte de la Liga A2 en la provincia de C\u00f3rdoba qued\u00f3 al margen de la competencia nacional.<\/p>\n<p>10 de 19 participantes de la delegaci\u00f3n dieron positivo de Covid en el testeo previo al viaje.<\/p>\n<p>As\u00ed lo inform\u00f3 la Secretaria de Deportes y Juventud a trav\u00e9s de un comunicado que compartimos.<!--more--><\/p>\n<p>La Secretar\u00eda de Deportes y Juventud, a trav\u00e9s de la Subsecretar\u00eda de Deportes, comunica la suspensi\u00f3n del viaje a la provincia de C\u00f3rdoba y la participaci\u00f3n del Seleccionado provincial de Voley en la Liga Nacional de Voley Masculino ante la confirmaci\u00f3n de casos positivos COVID-19 en integrantes del representativo fueguino.<\/p>\n<p>Por disposici\u00f3n sanitaria y determinaci\u00f3n de la organizaci\u00f3n de la Liga, los integrantes del plantel al igual que el cuerpo t\u00e9cnico fueron hisopados en el Hospital Regional R\u00edo Grande, dando positivos algunos jugadores, motivo por el cual todos los integrantes de la delegaci\u00f3n se encuentra cumpliendo el aislamiento sanitario preventivo y obligatorio, aunque se encuentra en buen estado de salud.<\/p>\n<div class='epvc-post-count'><span class='epvc-eye'><\/span>  <span class=\"epvc-count\"> 1.091<\/span><span class='epvc-label'> veces le\u00edda<\/span><\/div>\n<div class=\"jwsharethis\">\nShare this: \n<br \/>\n<a href=\"mailto:?subject=Casos%20positivos%2C%20viaje%20suspendido&amp;body=http%3A%2F%2Flabestiadeportiva.com%2Flbd%2Fcasos-positivos-viaje-suspendido%2F\">\n<img src=\"http:\/\/labestiadeportiva.com\/lbd\/wp-content\/plugins\/jw-share-this\/email.png\" alt=\"Share this page via Email\" \/>\n<\/a>\n<a target=\"_blank\" href=\"http:\/\/www.stumbleupon.com\/submit?url=http%3A%2F%2Flabestiadeportiva.com%2Flbd%2Fcasos-positivos-viaje-suspendido%2F&amp;title=Casos+positivos%2C+viaje+suspendido\">\n<img src=\"http:\/\/labestiadeportiva.com\/lbd\/wp-content\/plugins\/jw-share-this\/su.png\" alt=\"Share this page via Stumble Upon\" \/>\n<\/a>\n<a target=\"_blank\" href=\"http:\/\/digg.com\/submit?url=http%3A%2F%2Flabestiadeportiva.com%2Flbd%2Fcasos-positivos-viaje-suspendido%2F&amp;title=Casos+positivos%2C+viaje+suspendido\">\n<img src=\"http:\/\/labestiadeportiva.com\/lbd\/wp-content\/plugins\/jw-share-this\/digg.png\" alt=\"Share this page via Digg this\" \/>\n<\/a>\n<a target=\"_blank\" href=\"http:\/\/www.facebook.com\/sharer.php?u=http%3A%2F%2Flabestiadeportiva.com%2Flbd%2Fcasos-positivos-viaje-suspendido%2F&amp;t=Casos+positivos%2C+viaje+suspendido\">\n<img src=\"http:\/\/labestiadeportiva.com\/lbd\/wp-content\/plugins\/jw-share-this\/fb.png\" alt=\"Share this page via Facebook\" \/>\n<\/a>\n<a target=\"_blank\" href=\"http:\/\/twitter.com\/intent\/tweet?text=I+like+http%3A%2F%2Flabestiadeportiva.com%2Flbd%2Fcasos-positivos-viaje-suspendido%2F&amp;title=Casos+positivos%2C+viaje+suspendido\">\n<img src=\"http:\/\/labestiadeportiva.com\/lbd\/wp-content\/plugins\/jw-share-this\/twitter.png\" alt=\"Share this page via Twitter\" \/>\n<\/a>\n<\/div>\n","protected":false},"excerpt":{"rendered":"<p>Lamentablemente el plantel fueguino de v\u00f3ley masculino que iba a formar parte de la Liga A2 en la provincia de C\u00f3rdoba qued\u00f3 al margen de la competencia nacional. 10 de 19 participantes de la delegaci\u00f3n dieron positivo de Covid en el testeo previo al viaje. As\u00ed lo inform\u00f3 la Secretaria de Deportes y Juventud a &hellip; <a href=\"http:\/\/labestiadeportiva.com\/lbd\/casos-positivos-viaje-suspendido\/\" class=\"more-link\">Seguir leyendo <span class=\"screen-reader-text\">Casos positivos, viaje suspendido<\/span> <span class=\"meta-nav\">&rarr;<\/span><\/a><\/p>\n","protected":false},"author":1,"featured_media":37613,"comment_status":"open","ping_status":"open","sticky":false,"template":"","format":"standard","meta":[],"categories":[5,6,1,207],"tags":[3787,3660,305,4840],"_links":{"self":[{"href":"http:\/\/labestiadeportiva.com\/lbd\/wp-json\/wp\/v2\/posts\/37612"}],"collection":[{"href":"http:\/\/labestiadeportiva.com\/lbd\/wp-json\/wp\/v2\/posts"}],"about":[{"href":"http:\/\/labestiadeportiva.com\/lbd\/wp-json\/wp\/v2\/types\/post"}],"author":[{"embeddable":true,"href":"http:\/\/labestiadeportiva.com\/lbd\/wp-json\/wp\/v2\/users\/1"}],"replies":[{"embeddable":true,"href":"http:\/\/labestiadeportiva.com\/lbd\/wp-json\/wp\/v2\/comments?post=37612"}],"version-history":[{"count":1,"href":"http:\/\/labestiadeportiva.com\/lbd\/wp-json\/wp\/v2\/posts\/37612\/revisions"}],"predecessor-version":[{"id":37614,"href":"http:\/\/labestiadeportiva.com\/lbd\/wp-json\/wp\/v2\/posts\/37612\/revisions\/37614"}],"wp:featuredmedia":[{"embeddable":true,"href":"http:\/\/labestiadeportiva.com\/lbd\/wp-json\/wp\/v2\/media\/37613"}],"wp:attachment":[{"href":"http:\/\/labestiadeportiva.com\/lbd\/wp-json\/wp\/v2\/media?parent=37612"}],"wp:term":[{"taxonomy":"category","embeddable":true,"href":"http:\/\/labestiadeportiva.com\/lbd\/wp-json\/wp\/v2\/categories?post=37612"},{"taxonomy":"post_tag","embeddable":true,"href":"http:\/\/labestiadeportiva.com\/lbd\/wp-json\/wp\/v2\/tags?post=37612"}],"curies":[{"name":"wp","href":"https:\/\/api.w.org\/{rel}","templated":true}]}}