{"id":37649,"date":"2021-02-16T23:46:36","date_gmt":"2021-02-17T02:46:36","guid":{"rendered":"http:\/\/labestiadeportiva.com\/lbd\/?p=37649"},"modified":"2021-02-16T23:46:36","modified_gmt":"2021-02-17T02:46:36","slug":"la-previa-del-south-american-rally-race","status":"publish","type":"post","link":"http:\/\/labestiadeportiva.com\/lbd\/la-previa-del-south-american-rally-race\/","title":{"rendered":"La previa del South American Rally Race"},"content":{"rendered":"<p><a href=\"http:\/\/labestiadeportiva.com\/lbd\/wp-content\/uploads\/2021\/02\/Screenshot_20210216-2342443.png\"><img loading=\"lazy\" src=\"http:\/\/labestiadeportiva.com\/lbd\/wp-content\/uploads\/2021\/02\/Screenshot_20210216-2342443-181x300.png\" alt=\"Screenshot_20210216-234244~3\" width=\"181\" height=\"300\" class=\"aligncenter size-medium wp-image-37650\" srcset=\"http:\/\/labestiadeportiva.com\/lbd\/wp-content\/uploads\/2021\/02\/Screenshot_20210216-2342443-181x300.png 181w, http:\/\/labestiadeportiva.com\/lbd\/wp-content\/uploads\/2021\/02\/Screenshot_20210216-2342443-619x1024.png 619w, http:\/\/labestiadeportiva.com\/lbd\/wp-content\/uploads\/2021\/02\/Screenshot_20210216-2342443.png 919w\" sizes=\"(max-width: 181px) 100vw, 181px\" \/><\/a><br \/>\nPoco a poco este lunes comenzaron a llegar los quipos al Aut\u00f3dromo Ciudad de La Rioja. El Vivac inicial empez\u00f3 a perder la mansa calma para comenzar a poblarse. Los distintos Team&#8217;s ya desandan el camino desde su lugar de origen para alzar la mano y decir \u201cpresente\u201d en esta 2\u00aa edici\u00f3n del South American Rally Race. El colorido denota la previa de la acci\u00f3n con los mejores rider&#8217;s de este lado del planeta. Fuente Prensa SARR.<!--more--><\/p>\n<p>La Organizaci\u00f3n del SARR contabiliza m\u00e1s de un centenar entre Pilotos y Navegantes en plantilla (archivo adjunto). Casi 100 m\u00e1quinas ser\u00e1n las encargadas de recorrer los 3.439 kil\u00f3metros de extensi\u00f3n para este desaf\u00edo sudamericano. <\/p>\n<p>Ma\u00f1ana mi\u00e9rcoles 17 comenzar\u00e1 las Verificaciones Administrativas y T\u00e9cnicas en el mencionado aut\u00f3dromo. Lo har\u00e1n en primer lugar a la ma\u00f1ana las Motos y Quad\u2019s, para luego continuar con los Autos. Se repetir\u00e1 esta secuencia en horas de la tarde. <\/p>\n<p>El d\u00eda jueves a partir de las 8:00 de la ma\u00f1ana ser\u00e1 momento nuevamente de Motos y Quad\u2019s a lo largo de 2 horas. Lo mismo suceder\u00e1 a posteriori con los Autos. El shakedown comenzar\u00e1 a las 14:00 horas y ser\u00e1n 2 pasadas al circuito de 6 km preparado especialmente para esta acci\u00f3n.<\/p>\n<p>Verificaciones Administrativas y T\u00e9cnicas<\/p>\n<p>D\u00eda Mi\u00e9rcoles 17 <\/p>\n<p>8:00 a 11:00  Motos y Quad\u2019s<\/p>\n<p>11:00 a 14:00 Autos<\/p>\n<p>16:00 a 18:00 Motos y Quad\u2019s<\/p>\n<p>18:00 a 20:00 Autos<\/p>\n<p>D\u00eda Jueves 18 <\/p>\n<p>8:00 a 10.00 Motos y Quad\u2019s<\/p>\n<p>10:00 a 12:00 Autos<\/p>\n<p>Shakedown<\/p>\n<p>14:00 Motos<\/p>\n<p>15:00 Quad\u2019s<\/p>\n<p>16:00 Autos<\/p>\n<p>Largada Simb\u00f3lica<\/p>\n<p>20:00 \u2013 Parque de la Ciudad<\/p>\n<p>Solo restan que arriben el resto de los equipos que ya est\u00e1n camino a La Rioja. Sean todos Bienvenidos al South American Rally Race 2021. La Odisea Sudamericana contin\u00faa.<\/p>\n<div class='epvc-post-count'><span class='epvc-eye'><\/span>  <span class=\"epvc-count\"> 1.115<\/span><span class='epvc-label'> veces le\u00edda<\/span><\/div>\n<div class=\"jwsharethis\">\nShare this: \n<br \/>\n<a href=\"mailto:?subject=La%20previa%20del%20South%20American%20Rally%20Race&amp;body=http%3A%2F%2Flabestiadeportiva.com%2Flbd%2Fla-previa-del-south-american-rally-race%2F\">\n<img src=\"http:\/\/labestiadeportiva.com\/lbd\/wp-content\/plugins\/jw-share-this\/email.png\" alt=\"Share this page via Email\" \/>\n<\/a>\n<a target=\"_blank\" href=\"http:\/\/www.stumbleupon.com\/submit?url=http%3A%2F%2Flabestiadeportiva.com%2Flbd%2Fla-previa-del-south-american-rally-race%2F&amp;title=La+previa+del+South+American+Rally+Race\">\n<img src=\"http:\/\/labestiadeportiva.com\/lbd\/wp-content\/plugins\/jw-share-this\/su.png\" alt=\"Share this page via Stumble Upon\" \/>\n<\/a>\n<a target=\"_blank\" href=\"http:\/\/digg.com\/submit?url=http%3A%2F%2Flabestiadeportiva.com%2Flbd%2Fla-previa-del-south-american-rally-race%2F&amp;title=La+previa+del+South+American+Rally+Race\">\n<img src=\"http:\/\/labestiadeportiva.com\/lbd\/wp-content\/plugins\/jw-share-this\/digg.png\" alt=\"Share this page via Digg this\" \/>\n<\/a>\n<a target=\"_blank\" href=\"http:\/\/www.facebook.com\/sharer.php?u=http%3A%2F%2Flabestiadeportiva.com%2Flbd%2Fla-previa-del-south-american-rally-race%2F&amp;t=La+previa+del+South+American+Rally+Race\">\n<img src=\"http:\/\/labestiadeportiva.com\/lbd\/wp-content\/plugins\/jw-share-this\/fb.png\" alt=\"Share this page via Facebook\" \/>\n<\/a>\n<a target=\"_blank\" href=\"http:\/\/twitter.com\/intent\/tweet?text=I+like+http%3A%2F%2Flabestiadeportiva.com%2Flbd%2Fla-previa-del-south-american-rally-race%2F&amp;title=La+previa+del+South+American+Rally+Race\">\n<img src=\"http:\/\/labestiadeportiva.com\/lbd\/wp-content\/plugins\/jw-share-this\/twitter.png\" alt=\"Share this page via Twitter\" \/>\n<\/a>\n<\/div>\n","protected":false},"excerpt":{"rendered":"<p>Poco a poco este lunes comenzaron a llegar los quipos al Aut\u00f3dromo Ciudad de La Rioja. El Vivac inicial empez\u00f3 a perder la mansa calma para comenzar a poblarse. Los distintos Team&#8217;s ya desandan el camino desde su lugar de origen para alzar la mano y decir \u201cpresente\u201d en esta 2\u00aa edici\u00f3n del South American &hellip; <a href=\"http:\/\/labestiadeportiva.com\/lbd\/la-previa-del-south-american-rally-race\/\" class=\"more-link\">Seguir leyendo <span class=\"screen-reader-text\">La previa del South American Rally Race<\/span> <span class=\"meta-nav\">&rarr;<\/span><\/a><\/p>\n","protected":false},"author":1,"featured_media":37650,"comment_status":"open","ping_status":"open","sticky":false,"template":"","format":"standard","meta":[],"categories":[3533,4,6,2159,1,4424],"tags":[4439,3660,332,4438],"_links":{"self":[{"href":"http:\/\/labestiadeportiva.com\/lbd\/wp-json\/wp\/v2\/posts\/37649"}],"collection":[{"href":"http:\/\/labestiadeportiva.com\/lbd\/wp-json\/wp\/v2\/posts"}],"about":[{"href":"http:\/\/labestiadeportiva.com\/lbd\/wp-json\/wp\/v2\/types\/post"}],"author":[{"embeddable":true,"href":"http:\/\/labestiadeportiva.com\/lbd\/wp-json\/wp\/v2\/users\/1"}],"replies":[{"embeddable":true,"href":"http:\/\/labestiadeportiva.com\/lbd\/wp-json\/wp\/v2\/comments?post=37649"}],"version-history":[{"count":1,"href":"http:\/\/labestiadeportiva.com\/lbd\/wp-json\/wp\/v2\/posts\/37649\/revisions"}],"predecessor-version":[{"id":37651,"href":"http:\/\/labestiadeportiva.com\/lbd\/wp-json\/wp\/v2\/posts\/37649\/revisions\/37651"}],"wp:featuredmedia":[{"embeddable":true,"href":"http:\/\/labestiadeportiva.com\/lbd\/wp-json\/wp\/v2\/media\/37650"}],"wp:attachment":[{"href":"http:\/\/labestiadeportiva.com\/lbd\/wp-json\/wp\/v2\/media?parent=37649"}],"wp:term":[{"taxonomy":"category","embeddable":true,"href":"http:\/\/labestiadeportiva.com\/lbd\/wp-json\/wp\/v2\/categories?post=37649"},{"taxonomy":"post_tag","embeddable":true,"href":"http:\/\/labestiadeportiva.com\/lbd\/wp-json\/wp\/v2\/tags?post=37649"}],"curies":[{"name":"wp","href":"https:\/\/api.w.org\/{rel}","templated":true}]}}