{"id":37796,"date":"2021-02-26T23:10:49","date_gmt":"2021-02-27T02:10:49","guid":{"rendered":"http:\/\/labestiadeportiva.com\/lbd\/?p=37796"},"modified":"2021-02-26T23:10:49","modified_gmt":"2021-02-27T02:10:49","slug":"vuelve-el-futbol-para-todos","status":"publish","type":"post","link":"http:\/\/labestiadeportiva.com\/lbd\/vuelve-el-futbol-para-todos\/","title":{"rendered":"Vuelve el F\u00fatbol para Todos"},"content":{"rendered":"<p>Por Javier Nicol\u00e1s Baroli (Corresponsal LBD en R\u00edo Gallegos)<\/p>\n<p><a href=\"http:\/\/labestiadeportiva.com\/lbd\/wp-content\/uploads\/2021\/02\/IMG-20210226-WA01362.jpg\"><img loading=\"lazy\" src=\"http:\/\/labestiadeportiva.com\/lbd\/wp-content\/uploads\/2021\/02\/IMG-20210226-WA01362-300x175.jpg\" alt=\"IMG-20210226-WA0136~2\" width=\"300\" height=\"175\" class=\"aligncenter size-medium wp-image-37797\" srcset=\"http:\/\/labestiadeportiva.com\/lbd\/wp-content\/uploads\/2021\/02\/IMG-20210226-WA01362-300x175.jpg 300w, http:\/\/labestiadeportiva.com\/lbd\/wp-content\/uploads\/2021\/02\/IMG-20210226-WA01362.jpg 880w\" sizes=\"(max-width: 300px) 100vw, 300px\" \/><\/a><br \/>\nHay acuerdo entre la AFA y el Gobierno Nacional para televisar al menos dos partidos pero que pueden convertirse en cuatro.<!--more--><\/p>\n<p>El f\u00fatbol, un bien de todos los Argentinos, tendr\u00e1 pantalla para todos y todas a trav\u00e9s de la Televisi\u00f3n P\u00fablica. As\u00ed qued\u00f3 rubricado mediante un acuerdo entre el Presidente Alberto Fern\u00e1ndez y el titular de la Asociaci\u00f3n del F\u00fatbol Argentino Claudio Tapia.<\/p>\n<p>La vuelta del F\u00fatbol para todos se da despu\u00e9s de tres a\u00f1os y tendr\u00e1 su debut con los partidos de V\u00e9lez &#8211; Argentinos Juniors este viernes a las 21.30 y Banfield &#8211; Col\u00f3n (s\u00e1bado 17.10) y se denominar\u00e1 f\u00fatbol ATP (apto para todo p\u00fablico)<\/p>\n<p>M\u00e1s acceso a una pasi\u00f3n que caracteriza a los argentinos como lo es f\u00fatbol. M\u00e1s derechos para todos y todas. Desde La Bestia Deportiva acompa\u00f1amos y celebramos este anuncio y viviremos como millones de personas, la pasi\u00f3n del deporte m\u00e1s popular del mundo.<\/p>\n<div class='epvc-post-count'><span class='epvc-eye'><\/span>  <span class=\"epvc-count\"> 1.048<\/span><span class='epvc-label'> veces le\u00edda<\/span><\/div>\n<div class=\"jwsharethis\">\nShare this: \n<br \/>\n<a href=\"mailto:?subject=Vuelve%20el%20F%C3%BAtbol%20para%20Todos&amp;body=http%3A%2F%2Flabestiadeportiva.com%2Flbd%2Fvuelve-el-futbol-para-todos%2F\">\n<img src=\"http:\/\/labestiadeportiva.com\/lbd\/wp-content\/plugins\/jw-share-this\/email.png\" alt=\"Share this page via Email\" \/>\n<\/a>\n<a target=\"_blank\" href=\"http:\/\/www.stumbleupon.com\/submit?url=http%3A%2F%2Flabestiadeportiva.com%2Flbd%2Fvuelve-el-futbol-para-todos%2F&amp;title=Vuelve+el+F%C3%BAtbol+para+Todos\">\n<img src=\"http:\/\/labestiadeportiva.com\/lbd\/wp-content\/plugins\/jw-share-this\/su.png\" alt=\"Share this page via Stumble Upon\" \/>\n<\/a>\n<a target=\"_blank\" href=\"http:\/\/digg.com\/submit?url=http%3A%2F%2Flabestiadeportiva.com%2Flbd%2Fvuelve-el-futbol-para-todos%2F&amp;title=Vuelve+el+F%C3%BAtbol+para+Todos\">\n<img src=\"http:\/\/labestiadeportiva.com\/lbd\/wp-content\/plugins\/jw-share-this\/digg.png\" alt=\"Share this page via Digg this\" \/>\n<\/a>\n<a target=\"_blank\" href=\"http:\/\/www.facebook.com\/sharer.php?u=http%3A%2F%2Flabestiadeportiva.com%2Flbd%2Fvuelve-el-futbol-para-todos%2F&amp;t=Vuelve+el+F%C3%BAtbol+para+Todos\">\n<img src=\"http:\/\/labestiadeportiva.com\/lbd\/wp-content\/plugins\/jw-share-this\/fb.png\" alt=\"Share this page via Facebook\" \/>\n<\/a>\n<a target=\"_blank\" href=\"http:\/\/twitter.com\/intent\/tweet?text=I+like+http%3A%2F%2Flabestiadeportiva.com%2Flbd%2Fvuelve-el-futbol-para-todos%2F&amp;title=Vuelve+el+F%C3%BAtbol+para+Todos\">\n<img src=\"http:\/\/labestiadeportiva.com\/lbd\/wp-content\/plugins\/jw-share-this\/twitter.png\" alt=\"Share this page via Twitter\" \/>\n<\/a>\n<\/div>\n","protected":false},"excerpt":{"rendered":"<p>Por Javier Nicol\u00e1s Baroli (Corresponsal LBD en R\u00edo Gallegos) Hay acuerdo entre la AFA y el Gobierno Nacional para televisar al menos dos partidos pero que pueden convertirse en cuatro. 1.048 veces le\u00edda Share this:<\/p>\n","protected":false},"author":1,"featured_media":37797,"comment_status":"open","ping_status":"open","sticky":false,"template":"","format":"standard","meta":[],"categories":[6,1987,4352,1],"tags":[4309,17,4453,4452],"_links":{"self":[{"href":"http:\/\/labestiadeportiva.com\/lbd\/wp-json\/wp\/v2\/posts\/37796"}],"collection":[{"href":"http:\/\/labestiadeportiva.com\/lbd\/wp-json\/wp\/v2\/posts"}],"about":[{"href":"http:\/\/labestiadeportiva.com\/lbd\/wp-json\/wp\/v2\/types\/post"}],"author":[{"embeddable":true,"href":"http:\/\/labestiadeportiva.com\/lbd\/wp-json\/wp\/v2\/users\/1"}],"replies":[{"embeddable":true,"href":"http:\/\/labestiadeportiva.com\/lbd\/wp-json\/wp\/v2\/comments?post=37796"}],"version-history":[{"count":1,"href":"http:\/\/labestiadeportiva.com\/lbd\/wp-json\/wp\/v2\/posts\/37796\/revisions"}],"predecessor-version":[{"id":37798,"href":"http:\/\/labestiadeportiva.com\/lbd\/wp-json\/wp\/v2\/posts\/37796\/revisions\/37798"}],"wp:featuredmedia":[{"embeddable":true,"href":"http:\/\/labestiadeportiva.com\/lbd\/wp-json\/wp\/v2\/media\/37797"}],"wp:attachment":[{"href":"http:\/\/labestiadeportiva.com\/lbd\/wp-json\/wp\/v2\/media?parent=37796"}],"wp:term":[{"taxonomy":"category","embeddable":true,"href":"http:\/\/labestiadeportiva.com\/lbd\/wp-json\/wp\/v2\/categories?post=37796"},{"taxonomy":"post_tag","embeddable":true,"href":"http:\/\/labestiadeportiva.com\/lbd\/wp-json\/wp\/v2\/tags?post=37796"}],"curies":[{"name":"wp","href":"https:\/\/api.w.org\/{rel}","templated":true}]}}