{"id":37815,"date":"2021-02-27T22:17:12","date_gmt":"2021-02-28T01:17:12","guid":{"rendered":"http:\/\/labestiadeportiva.com\/lbd\/?p=37815"},"modified":"2021-02-27T22:17:12","modified_gmt":"2021-02-28T01:17:12","slug":"los-fueguinos-di-natale-y-barria-en-el-podio-del-sarr","status":"publish","type":"post","link":"http:\/\/labestiadeportiva.com\/lbd\/los-fueguinos-di-natale-y-barria-en-el-podio-del-sarr\/","title":{"rendered":"Los fueguinos Di Natale y Barr\u00eda en el podio del SARR"},"content":{"rendered":"<p><a href=\"http:\/\/labestiadeportiva.com\/lbd\/wp-content\/uploads\/2021\/02\/IMG-20210227-WA01373.jpg\"><img loading=\"lazy\" src=\"http:\/\/labestiadeportiva.com\/lbd\/wp-content\/uploads\/2021\/02\/IMG-20210227-WA01373-131x300.jpg\" alt=\"IMG-20210227-WA0137~3\" width=\"131\" height=\"300\" class=\"aligncenter size-medium wp-image-37816\" srcset=\"http:\/\/labestiadeportiva.com\/lbd\/wp-content\/uploads\/2021\/02\/IMG-20210227-WA01373-131x300.jpg 131w, http:\/\/labestiadeportiva.com\/lbd\/wp-content\/uploads\/2021\/02\/IMG-20210227-WA01373.jpg 438w\" sizes=\"(max-width: 131px) 100vw, 131px\" \/><\/a><br \/>\nFinaliz\u00f3 la segunda edici\u00f3n de la competencia con gran participaci\u00f3n Fueguina donde Tom\u00e1s Barr\u00eda (Q1) y Carlos \u00abTano\u00bb Di Natale (Q2) ocuparon los segundos escalones del podio en sus categor\u00edas de Cuatriciclos. Compartimos la cr\u00f3nica oficial. Las fotos internas son gentileza de PACO foto Agencia.<!--more--><\/p>\n<p>Y lleg\u00f3 el gran d\u00eda. Culmin\u00f3 la 8\u00ba Etapa y con ella, el\u00a0South American Rally Race. Fueron ocho cap\u00edtulos de competencia extrema en el rally raid sudamericano. Del centenar de participantes que aceptaron el desaf\u00eda, solo 60 traspasaron la meta final.<\/p>\n<p>En la jornada de cierre, solo restaba transitarla teniendo en cuenta lo que ha significado los m\u00e1s de 3.000 kil\u00f3metros de esta segunda edici\u00f3n. Sin embargo hubo golpe de escena cuando Zingoni-Acosta (T3.1), se quedaron fuera de la lucha que llevaban adelante con Luppi-Justos (T3.1). <\/p>\n<p>Y cada vez se afianza m\u00e1s la frase de \u201cla carrera termina cuando se cruza la meta\u201d. Desde el arranque y hasta el \u00faltimo kil\u00f3metro, este\u00a0SARR\u00a0mostr\u00f3 los dientes. Adjetivos como duro, exigente, extenso y sacrificado; eran de conocimiento de todos los participantes cuando comenz\u00f3 este sue\u00f1o all\u00e1 por el 17 de febrero pasado. <\/p>\n<p>El triunfo es para todos aquellos que finalizaron, que por cierto no es poca cosa. El nivel jer\u00e1rquico de sus participantes, mostr\u00f3 al planeta motor que en Sud Am\u00e9rica hay potencial. Y se juntaron en la Rep\u00fablica Argentina para cumplir 8 cap\u00edtulos por distintas geograf\u00edas que ofrece \u00e9ste Pa\u00eds.<\/p>\n<p><a href=\"http:\/\/labestiadeportiva.com\/lbd\/wp-content\/uploads\/2021\/02\/Screenshot_20210227-2135593.png\"><img loading=\"lazy\" src=\"http:\/\/labestiadeportiva.com\/lbd\/wp-content\/uploads\/2021\/02\/Screenshot_20210227-2135593-300x196.png\" alt=\"Screenshot_20210227-213559~3\" width=\"300\" height=\"196\" class=\"aligncenter size-medium wp-image-37817\" srcset=\"http:\/\/labestiadeportiva.com\/lbd\/wp-content\/uploads\/2021\/02\/Screenshot_20210227-2135593-300x196.png 300w, http:\/\/labestiadeportiva.com\/lbd\/wp-content\/uploads\/2021\/02\/Screenshot_20210227-2135593.png 922w\" sizes=\"(max-width: 300px) 100vw, 300px\" \/><\/a><br \/>\nAlberto \u201cPuchi\u201d Ontiveros (M1) pen\u00f3 en el comienzo con un error, y promediando la 2\u00ba mitad con una fort\u00edsima ca\u00edda. Pero siempre fue detr\u00e1s del escal\u00f3n m\u00e1s alto del Podio. Y lo alcanz\u00f3. Diego Rold\u00e1n (M2) resisti\u00f3 hasta el final, a pesar de extralimitarse f\u00edsicamente, El gasto le alcanz\u00f3 para ser el mejor entre los M2. <\/p>\n<p>Andr\u00e9s Frini (Q1) le toc\u00f3 distintas situaciones por llevar adelante. Entre ellas, resignarse de no poder ayudar a otro competidos y amigo con sus problemas mec\u00e1nicos. Sin embargo, alentado por \u00e9ste, continu\u00f3 hasta el final para ganar este\u00a0SARR2021. Julio Estanguet se qued\u00f3 con la Q2, objetivo que trajo para repetir lo hecho el a\u00f1o pasado.<\/p>\n<p>Desde Brasil, Conti-Franchini (T3.2) se impusieron desde el arranque, no especulando en ninguna de las dif\u00edciles Etapas. Quienes tampoco se guardaron nada fueron los Yacopini padre e hijo (T1.1). Que muy emocionados culminaron esta segunda edici\u00f3n. <\/p>\n<p>Eduardo Gianarello (Q3) supo administrar cada cent\u00edmetro de competencia. Y no solo eso, sino que tambi\u00e9n al finalizar cada Etapa, era \u00e9l qui\u00e9n repasaba a nuevo su Quad. Contundente triunfo de Mansilla-Amendola (T2), que cuando se posicionaron como l\u00edderes, no soltaron m\u00e1s la punta d ela divisional.<\/p>\n<p>Hasta aqu\u00ed la historia del\u00a0SARR 2021 dice que ya es un cl\u00e1sico de este lado del planeta. Hasta aqu\u00ed un centenar de participantes de distintos pa\u00edses grabaron su nombre jerarquizando esta carrera. Hasta aqu\u00ed lleg\u00f3 esta 2\u00ba Edici\u00f3n del\u00a0South American Rally Race<\/p>\n<p><a href=\"http:\/\/labestiadeportiva.com\/lbd\/wp-content\/uploads\/2021\/02\/Screenshot_20210227-2136093.png\"><img loading=\"lazy\" src=\"http:\/\/labestiadeportiva.com\/lbd\/wp-content\/uploads\/2021\/02\/Screenshot_20210227-2136093-300x212.png\" alt=\"Screenshot_20210227-213609~3\" width=\"300\" height=\"212\" class=\"aligncenter size-medium wp-image-37818\" srcset=\"http:\/\/labestiadeportiva.com\/lbd\/wp-content\/uploads\/2021\/02\/Screenshot_20210227-2136093-300x212.png 300w, http:\/\/labestiadeportiva.com\/lbd\/wp-content\/uploads\/2021\/02\/Screenshot_20210227-2136093.png 917w\" sizes=\"(max-width: 300px) 100vw, 300px\" \/><\/a><br \/>\nLa Odisea Sudamericana contin\u00faa.<\/p>\n<p>Moto M1<\/p>\n<p>1\u00ba #06 Ontiveros, Alberto<\/p>\n<p>2\u00ba #03 Micheloud, Santiago<\/p>\n<p>3\u00ba #07 Debeljuh Taruselli, Santiago<\/p>\n<p>Moto M2<\/p>\n<p>1\u00ba #45 Roldan, Diego<\/p>\n<p>2\u00ba # 42 Cueva, Mauricio<\/p>\n<p>3\u00ba #46 Pedro Rodr\u00edguez<\/p>\n<p><a href=\"http:\/\/labestiadeportiva.com\/lbd\/wp-content\/uploads\/2021\/02\/Screenshot_20210227-2135493.png\"><img loading=\"lazy\" src=\"http:\/\/labestiadeportiva.com\/lbd\/wp-content\/uploads\/2021\/02\/Screenshot_20210227-2135493-300x158.png\" alt=\"Screenshot_20210227-213549~3\" width=\"300\" height=\"158\" class=\"aligncenter size-medium wp-image-37819\" srcset=\"http:\/\/labestiadeportiva.com\/lbd\/wp-content\/uploads\/2021\/02\/Screenshot_20210227-2135493-300x158.png 300w, http:\/\/labestiadeportiva.com\/lbd\/wp-content\/uploads\/2021\/02\/Screenshot_20210227-2135493.png 928w\" sizes=\"(max-width: 300px) 100vw, 300px\" \/><\/a><br \/>\nQuad Q1<\/p>\n<p>1\u00ba #52 Frini, Andr\u00e9s<\/p>\n<p>2\u00ba #68 Barria D\u2019Avis, Tom\u00e1s<\/p>\n<p>3\u00ba #65\u00a0\u00a0 Viel, Facundo<\/p>\n<p>Quad Q2<\/p>\n<p>1\u00ba #71 Estanget, Julio C\u00e9sar<\/p>\n<p>2\u00ba #80 Di Natale Carlos Mario<\/p>\n<p>3\u00ba #82\u00a0\u00a0 Puma Mamani, Nicol\u00e1s<\/p>\n<p>Quad Q3<\/p>\n<p>1 #92 Gianarello, Eduardo<\/p>\n<p>2\u00ba #95 Canalis, Matias<\/p>\n<p>3\u00ba #96 Aburgeily, Ian<\/p>\n<p>Autos T1.1<\/p>\n<p>1 #101 Yacopini, Juan Cruz \u2013 Yacopini, Alejandro<\/p>\n<p>2\u00ba #113 Bobadilla, Javier- Dibatista, Adriano<\/p>\n<p>3\u00ba #102 Castro, Francisco \u2013 L\u00f3pez, Daniel<\/p>\n<p>Autos T1.2<\/p>\n<p>1\u00ba #131 Cavigliasso, Claudio \u2013 Ju\u00e1rez, M\u00f3nica<\/p>\n<p>2\u00ba #136 Iglesias, Maximiliano \u2013 Genzelis, Enrique Genzelis<\/p>\n<p>3\u00ba #160 Zurman, Ricardi \u2013 Zurman, Federico<\/p>\n<p><a href=\"http:\/\/labestiadeportiva.com\/lbd\/wp-content\/uploads\/2021\/02\/Screenshot_20210227-2135543.png\"><img loading=\"lazy\" src=\"http:\/\/labestiadeportiva.com\/lbd\/wp-content\/uploads\/2021\/02\/Screenshot_20210227-2135543-300x177.png\" alt=\"Screenshot_20210227-213554~3\" width=\"300\" height=\"177\" class=\"aligncenter size-medium wp-image-37820\" srcset=\"http:\/\/labestiadeportiva.com\/lbd\/wp-content\/uploads\/2021\/02\/Screenshot_20210227-2135543-300x177.png 300w, http:\/\/labestiadeportiva.com\/lbd\/wp-content\/uploads\/2021\/02\/Screenshot_20210227-2135543.png 902w\" sizes=\"(max-width: 300px) 100vw, 300px\" \/><\/a><br \/>\nAutos T2<\/p>\n<p>1\u00ba #161 Mansilla, Jorge \u2013 Amendola, Ezequiel<\/p>\n<p>2\u00ba #168 Alguacil Jorge \u2013 Hidalgo, Alvaro<\/p>\n<p>3\u00ba #152 Bollero, Rodolfo &#8211; Bollero, Nicol\u00e1s<\/p>\n<p>Autos T3.1<\/p>\n<p>1\u00ba #207 Luppi, Rodrigo Oliveira \u2013 Justos, Maykel<\/p>\n<p>2\u00ba #201 Gonz\u00e1lez Ferioli, Jerem\u00edas \u2013 Rinaldi, Gonzalo<\/p>\n<p>3\u00ba #202 Echegaray, Federico \u2013 Sisterna, Lisandro<\/p>\n<p>Autos T3.2<\/p>\n<p>1\u00ba #256 Conti, Bruno \u2013 Bianchini, Felipe<\/p>\n<p>2\u00ba #258 Sendra, Rafael \u2013 Mart\u00ednez, Fernando<\/p>\n<p>3\u00ba #254 Stratico, Nico \u2013 Rodr\u00edguez, Tomas<\/p>\n<p>Navegaci\u00f3n<\/p>\n<p>1\u00ba #311 Yampa, Jos\u00e9 Marcio Cat. N1<\/p>\n<p>2\u00ba #401 Manfre, Cleoris \u2013 Corval\u00e1n, Ramiro Cat. N1<\/p>\n<p>3\u00ba #354 Lagoria, Rub\u00e9n Gerardo Cat. N2<\/p>\n<p>4\u00ba #405 L\u00f3pez, Marcos \u2013 Barnabo, Sergio Cat. N3<\/p>\n<p>5\u00ba #406 Mastantuono, Eduardo \u2013 Garay L\u00f3pez, Orlando Cat. N3<\/p>\n<p>6\u00ba #407 Larreguy, Sergio \u2013 Norha, N\u00e9stor \u2013 Santana, Alfonso Cat.N3<\/p>\n<p>7\u00ba #304 Medina, Dardo Cat. N1<\/p>\n<p>8\u00ba #356 Battistoti, Mart\u00edn Cat. N2<\/p>\n<p>9\u00ba #309 Fabris, Horacio Gabriel Cat. N1<\/p>\n<div class='epvc-post-count'><span class='epvc-eye'><\/span>  <span class=\"epvc-count\"> 1.090<\/span><span class='epvc-label'> veces le\u00edda<\/span><\/div>\n<div class=\"jwsharethis\">\nShare this: \n<br \/>\n<a href=\"mailto:?subject=Los%20fueguinos%20Di%20Natale%20y%20Barr%C3%ADa%20en%20el%20podio%20del%20SARR&amp;body=http%3A%2F%2Flabestiadeportiva.com%2Flbd%2Flos-fueguinos-di-natale-y-barria-en-el-podio-del-sarr%2F\">\n<img src=\"http:\/\/labestiadeportiva.com\/lbd\/wp-content\/plugins\/jw-share-this\/email.png\" alt=\"Share this page via Email\" \/>\n<\/a>\n<a target=\"_blank\" href=\"http:\/\/www.stumbleupon.com\/submit?url=http%3A%2F%2Flabestiadeportiva.com%2Flbd%2Flos-fueguinos-di-natale-y-barria-en-el-podio-del-sarr%2F&amp;title=Los+fueguinos+Di+Natale+y+Barr%C3%ADa+en+el+podio+del+SARR\">\n<img src=\"http:\/\/labestiadeportiva.com\/lbd\/wp-content\/plugins\/jw-share-this\/su.png\" alt=\"Share this page via Stumble Upon\" \/>\n<\/a>\n<a target=\"_blank\" href=\"http:\/\/digg.com\/submit?url=http%3A%2F%2Flabestiadeportiva.com%2Flbd%2Flos-fueguinos-di-natale-y-barria-en-el-podio-del-sarr%2F&amp;title=Los+fueguinos+Di+Natale+y+Barr%C3%ADa+en+el+podio+del+SARR\">\n<img src=\"http:\/\/labestiadeportiva.com\/lbd\/wp-content\/plugins\/jw-share-this\/digg.png\" alt=\"Share this page via Digg this\" \/>\n<\/a>\n<a target=\"_blank\" href=\"http:\/\/www.facebook.com\/sharer.php?u=http%3A%2F%2Flabestiadeportiva.com%2Flbd%2Flos-fueguinos-di-natale-y-barria-en-el-podio-del-sarr%2F&amp;t=Los+fueguinos+Di+Natale+y+Barr%C3%ADa+en+el+podio+del+SARR\">\n<img src=\"http:\/\/labestiadeportiva.com\/lbd\/wp-content\/plugins\/jw-share-this\/fb.png\" alt=\"Share this page via Facebook\" \/>\n<\/a>\n<a target=\"_blank\" href=\"http:\/\/twitter.com\/intent\/tweet?text=I+like+http%3A%2F%2Flabestiadeportiva.com%2Flbd%2Flos-fueguinos-di-natale-y-barria-en-el-podio-del-sarr%2F&amp;title=Los+fueguinos+Di+Natale+y+Barr%C3%ADa+en+el+podio+del+SARR\">\n<img src=\"http:\/\/labestiadeportiva.com\/lbd\/wp-content\/plugins\/jw-share-this\/twitter.png\" alt=\"Share this page via Twitter\" \/>\n<\/a>\n<\/div>\n","protected":false},"excerpt":{"rendered":"<p>Finaliz\u00f3 la segunda edici\u00f3n de la competencia con gran participaci\u00f3n Fueguina donde Tom\u00e1s Barr\u00eda (Q1) y Carlos \u00abTano\u00bb Di Natale (Q2) ocuparon los segundos escalones del podio en sus categor\u00edas de Cuatriciclos. Compartimos la cr\u00f3nica oficial. Las fotos internas son gentileza de PACO foto Agencia. 1.090 veces le\u00edda Share this:<\/p>\n","protected":false},"author":1,"featured_media":37816,"comment_status":"open","ping_status":"open","sticky":false,"template":"","format":"standard","meta":[],"categories":[3533,5,4,6,2159,1,4424],"tags":[86,2944,71,4425],"_links":{"self":[{"href":"http:\/\/labestiadeportiva.com\/lbd\/wp-json\/wp\/v2\/posts\/37815"}],"collection":[{"href":"http:\/\/labestiadeportiva.com\/lbd\/wp-json\/wp\/v2\/posts"}],"about":[{"href":"http:\/\/labestiadeportiva.com\/lbd\/wp-json\/wp\/v2\/types\/post"}],"author":[{"embeddable":true,"href":"http:\/\/labestiadeportiva.com\/lbd\/wp-json\/wp\/v2\/users\/1"}],"replies":[{"embeddable":true,"href":"http:\/\/labestiadeportiva.com\/lbd\/wp-json\/wp\/v2\/comments?post=37815"}],"version-history":[{"count":1,"href":"http:\/\/labestiadeportiva.com\/lbd\/wp-json\/wp\/v2\/posts\/37815\/revisions"}],"predecessor-version":[{"id":37821,"href":"http:\/\/labestiadeportiva.com\/lbd\/wp-json\/wp\/v2\/posts\/37815\/revisions\/37821"}],"wp:featuredmedia":[{"embeddable":true,"href":"http:\/\/labestiadeportiva.com\/lbd\/wp-json\/wp\/v2\/media\/37816"}],"wp:attachment":[{"href":"http:\/\/labestiadeportiva.com\/lbd\/wp-json\/wp\/v2\/media?parent=37815"}],"wp:term":[{"taxonomy":"category","embeddable":true,"href":"http:\/\/labestiadeportiva.com\/lbd\/wp-json\/wp\/v2\/categories?post=37815"},{"taxonomy":"post_tag","embeddable":true,"href":"http:\/\/labestiadeportiva.com\/lbd\/wp-json\/wp\/v2\/tags?post=37815"}],"curies":[{"name":"wp","href":"https:\/\/api.w.org\/{rel}","templated":true}]}}