{"id":37852,"date":"2021-03-03T00:55:26","date_gmt":"2021-03-03T03:55:26","guid":{"rendered":"http:\/\/labestiadeportiva.com\/lbd\/?p=37852"},"modified":"2021-03-03T00:55:26","modified_gmt":"2021-03-03T03:55:26","slug":"la-copa-fueguina-brillo-a-pesar-de-la-lluvia","status":"publish","type":"post","link":"http:\/\/labestiadeportiva.com\/lbd\/la-copa-fueguina-brillo-a-pesar-de-la-lluvia\/","title":{"rendered":"La Copa Fueguina brill\u00f3 a pesar de la lluvia"},"content":{"rendered":"<p><a href=\"http:\/\/labestiadeportiva.com\/lbd\/wp-content\/uploads\/2021\/03\/IMG-20210302-WA0123.jpg\"><img loading=\"lazy\" src=\"http:\/\/labestiadeportiva.com\/lbd\/wp-content\/uploads\/2021\/03\/IMG-20210302-WA0123-300x200.jpg\" alt=\"IMG-20210302-WA0123\" width=\"300\" height=\"200\" class=\"aligncenter size-medium wp-image-37856\" srcset=\"http:\/\/labestiadeportiva.com\/lbd\/wp-content\/uploads\/2021\/03\/IMG-20210302-WA0123-300x200.jpg 300w, http:\/\/labestiadeportiva.com\/lbd\/wp-content\/uploads\/2021\/03\/IMG-20210302-WA0123-1024x683.jpg 1024w, http:\/\/labestiadeportiva.com\/lbd\/wp-content\/uploads\/2021\/03\/IMG-20210302-WA0123.jpg 1280w\" sizes=\"(max-width: 300px) 100vw, 300px\" \/><\/a><br \/>\nDe la mano de El Fuego Deportivo Eventos se disput\u00f3 la fecha \u00fanica de XCO en el sector del ex Aut\u00f3dromo 12 de Octubre. Gran puesta en escena que amenizaron 120 ciclistas de toda la provincia. Fotos gentileza El Fuego Deportivo. <!--more--><\/p>\n<p>Luego de un s\u00e1bado de ensue\u00f1o desde lo clim\u00e1tico el domingo, como lo adelantaba el pron\u00f3stico, amaneci\u00f3 nublado y lluvioso.<\/p>\n<p>Esto no fue inconveniente para que los organizadores preparar\u00e1n un escenario de gran nivel donde nada fue dejado al azar. <\/p>\n<p>La novedad fueron las largadas por mangas, con el objetivo de que los ciclistas pudieran desarrollar el m\u00e1ximo de su potencial y a su vez brindarles seguridad.<\/p>\n<p>La primera largada se dio pasada las 11 de la ma\u00f1ana con los Promocionales de ambas ramas y Master C2 c\u00f3mo protagonistas.<\/p>\n<p>Los mismos cumplieron 2.5 k en el circuito de menor distancia.<\/p>\n<p><a href=\"http:\/\/labestiadeportiva.com\/lbd\/wp-content\/uploads\/2021\/03\/IMG-20210302-WA0121.jpg\"><img loading=\"lazy\" src=\"http:\/\/labestiadeportiva.com\/lbd\/wp-content\/uploads\/2021\/03\/IMG-20210302-WA0121-300x200.jpg\" alt=\"IMG-20210302-WA0121\" width=\"300\" height=\"200\" class=\"aligncenter size-medium wp-image-37857\" srcset=\"http:\/\/labestiadeportiva.com\/lbd\/wp-content\/uploads\/2021\/03\/IMG-20210302-WA0121-300x200.jpg 300w, http:\/\/labestiadeportiva.com\/lbd\/wp-content\/uploads\/2021\/03\/IMG-20210302-WA0121-1024x683.jpg 1024w, http:\/\/labestiadeportiva.com\/lbd\/wp-content\/uploads\/2021\/03\/IMG-20210302-WA0121.jpg 1280w\" sizes=\"(max-width: 300px) 100vw, 300px\" \/><\/a><br \/>\nA la una de la tarde lleg\u00f3 el momento de  damas Elite y Master A, junto a los caballeros Juveniles, Sub 23, Master B1, B2 y C1, quienes fueron en busca del trazado m\u00e1s extenso de 4.000 metros de extensi\u00f3n complejo desde su estructura<br \/>\ncon bajadas en picada, largas subidas y un sinf\u00edn de retomes. <\/p>\n<p>Finalmente a las tres de la tarde se efectu\u00f3 la \u00faltima largada donde en l\u00ednea de largada estuvieron damas Elite y Master A, junto a los caballeros Juveniles, Sub23, Master B1, B2 y C1.<\/p>\n<p>Asimismo el plato fuerte lo dieron los caballeros Elite, Master A1 y A2, junto a una nueva categor\u00eda que EFD implement\u00f3 para esta competencia, reuniendo a los mejores exponentes del Mountain Bike de la provincia.<\/p>\n<p><a href=\"http:\/\/labestiadeportiva.com\/lbd\/wp-content\/uploads\/2021\/03\/IMG-20210302-WA0120.jpg\"><img loading=\"lazy\" src=\"http:\/\/labestiadeportiva.com\/lbd\/wp-content\/uploads\/2021\/03\/IMG-20210302-WA0120-300x200.jpg\" alt=\"IMG-20210302-WA0120\" width=\"300\" height=\"200\" class=\"aligncenter size-medium wp-image-37858\" srcset=\"http:\/\/labestiadeportiva.com\/lbd\/wp-content\/uploads\/2021\/03\/IMG-20210302-WA0120-300x200.jpg 300w, http:\/\/labestiadeportiva.com\/lbd\/wp-content\/uploads\/2021\/03\/IMG-20210302-WA0120-1024x682.jpg 1024w, http:\/\/labestiadeportiva.com\/lbd\/wp-content\/uploads\/2021\/03\/IMG-20210302-WA0120.jpg 1280w\" sizes=\"(max-width: 300px) 100vw, 300px\" \/><\/a><br \/>\nLa primera edicion de la \u00abCopa Fueguina\u00bb super\u00f3 con creces cada obst\u00e1culo presentando dos trazados algo novedoso  en la provincia.<\/p>\n<p>Se\u00f1alizaci\u00f3n de los mismos sin nada que envidiarle a citas nacionales donde la carteler\u00eda, encintado y banderas se hicieron presentes.<\/p>\n<p>Desde LBD nos contactamos brevemente con los organizadores quienes se mostraron satisfechos por la jornada vivida, asimismo nos adelantaron la intenci\u00f3n de mantener est\u00e1 competencia en el calendario del ciclismo fueguino.<\/p>\n<p><a href=\"http:\/\/labestiadeportiva.com\/lbd\/wp-content\/uploads\/2021\/03\/Screenshot_20210303-0045013.png\"><img loading=\"lazy\" src=\"http:\/\/labestiadeportiva.com\/lbd\/wp-content\/uploads\/2021\/03\/Screenshot_20210303-0045013-300x194.png\" alt=\"Screenshot_20210303-004501~3\" width=\"300\" height=\"194\" class=\"aligncenter size-medium wp-image-37853\" srcset=\"http:\/\/labestiadeportiva.com\/lbd\/wp-content\/uploads\/2021\/03\/Screenshot_20210303-0045013-300x194.png 300w, http:\/\/labestiadeportiva.com\/lbd\/wp-content\/uploads\/2021\/03\/Screenshot_20210303-0045013.png 963w\" sizes=\"(max-width: 300px) 100vw, 300px\" \/><\/a><\/p>\n<p><a href=\"http:\/\/labestiadeportiva.com\/lbd\/wp-content\/uploads\/2021\/03\/Screenshot_20210303-0044533.png\"><img loading=\"lazy\" src=\"http:\/\/labestiadeportiva.com\/lbd\/wp-content\/uploads\/2021\/03\/Screenshot_20210303-0044533-300x269.png\" alt=\"Screenshot_20210303-004453~3\" width=\"300\" height=\"269\" class=\"aligncenter size-medium wp-image-37854\" srcset=\"http:\/\/labestiadeportiva.com\/lbd\/wp-content\/uploads\/2021\/03\/Screenshot_20210303-0044533-300x269.png 300w, http:\/\/labestiadeportiva.com\/lbd\/wp-content\/uploads\/2021\/03\/Screenshot_20210303-0044533-1024x920.png 1024w, http:\/\/labestiadeportiva.com\/lbd\/wp-content\/uploads\/2021\/03\/Screenshot_20210303-0044533.png 1080w\" sizes=\"(max-width: 300px) 100vw, 300px\" \/><\/a><\/p>\n<p><a href=\"http:\/\/labestiadeportiva.com\/lbd\/wp-content\/uploads\/2021\/03\/Screenshot_20210303-0044453.png\"><img loading=\"lazy\" src=\"http:\/\/labestiadeportiva.com\/lbd\/wp-content\/uploads\/2021\/03\/Screenshot_20210303-0044453-295x300.png\" alt=\"Screenshot_20210303-004445~3\" width=\"295\" height=\"300\" class=\"aligncenter size-medium wp-image-37855\" srcset=\"http:\/\/labestiadeportiva.com\/lbd\/wp-content\/uploads\/2021\/03\/Screenshot_20210303-0044453-295x300.png 295w, http:\/\/labestiadeportiva.com\/lbd\/wp-content\/uploads\/2021\/03\/Screenshot_20210303-0044453-1006x1024.png 1006w, http:\/\/labestiadeportiva.com\/lbd\/wp-content\/uploads\/2021\/03\/Screenshot_20210303-0044453-60x60.png 60w, http:\/\/labestiadeportiva.com\/lbd\/wp-content\/uploads\/2021\/03\/Screenshot_20210303-0044453.png 1080w\" sizes=\"(max-width: 295px) 100vw, 295px\" \/><\/a><\/p>\n<div class='epvc-post-count'><span class='epvc-eye'><\/span>  <span class=\"epvc-count\"> 1.090<\/span><span class='epvc-label'> veces le\u00edda<\/span><\/div>\n<div class=\"jwsharethis\">\nShare this: \n<br \/>\n<a href=\"mailto:?subject=La%20Copa%20Fueguina%20brill%C3%B3%20a%20pesar%20de%20la%20lluvia&amp;body=http%3A%2F%2Flabestiadeportiva.com%2Flbd%2Fla-copa-fueguina-brillo-a-pesar-de-la-lluvia%2F\">\n<img src=\"http:\/\/labestiadeportiva.com\/lbd\/wp-content\/plugins\/jw-share-this\/email.png\" alt=\"Share this page via Email\" \/>\n<\/a>\n<a target=\"_blank\" href=\"http:\/\/www.stumbleupon.com\/submit?url=http%3A%2F%2Flabestiadeportiva.com%2Flbd%2Fla-copa-fueguina-brillo-a-pesar-de-la-lluvia%2F&amp;title=La+Copa+Fueguina+brill%C3%B3+a+pesar+de+la+lluvia\">\n<img src=\"http:\/\/labestiadeportiva.com\/lbd\/wp-content\/plugins\/jw-share-this\/su.png\" alt=\"Share this page via Stumble Upon\" \/>\n<\/a>\n<a target=\"_blank\" href=\"http:\/\/digg.com\/submit?url=http%3A%2F%2Flabestiadeportiva.com%2Flbd%2Fla-copa-fueguina-brillo-a-pesar-de-la-lluvia%2F&amp;title=La+Copa+Fueguina+brill%C3%B3+a+pesar+de+la+lluvia\">\n<img src=\"http:\/\/labestiadeportiva.com\/lbd\/wp-content\/plugins\/jw-share-this\/digg.png\" alt=\"Share this page via Digg this\" \/>\n<\/a>\n<a target=\"_blank\" href=\"http:\/\/www.facebook.com\/sharer.php?u=http%3A%2F%2Flabestiadeportiva.com%2Flbd%2Fla-copa-fueguina-brillo-a-pesar-de-la-lluvia%2F&amp;t=La+Copa+Fueguina+brill%C3%B3+a+pesar+de+la+lluvia\">\n<img src=\"http:\/\/labestiadeportiva.com\/lbd\/wp-content\/plugins\/jw-share-this\/fb.png\" alt=\"Share this page via Facebook\" \/>\n<\/a>\n<a target=\"_blank\" href=\"http:\/\/twitter.com\/intent\/tweet?text=I+like+http%3A%2F%2Flabestiadeportiva.com%2Flbd%2Fla-copa-fueguina-brillo-a-pesar-de-la-lluvia%2F&amp;title=La+Copa+Fueguina+brill%C3%B3+a+pesar+de+la+lluvia\">\n<img src=\"http:\/\/labestiadeportiva.com\/lbd\/wp-content\/plugins\/jw-share-this\/twitter.png\" alt=\"Share this page via Twitter\" \/>\n<\/a>\n<\/div>\n","protected":false},"excerpt":{"rendered":"<p>De la mano de El Fuego Deportivo Eventos se disput\u00f3 la fecha \u00fanica de XCO en el sector del ex Aut\u00f3dromo 12 de Octubre. Gran puesta en escena que amenizaron 120 ciclistas de toda la provincia. Fotos gentileza El Fuego Deportivo. 1.090 veces le\u00edda Share this:<\/p>\n","protected":false},"author":1,"featured_media":37856,"comment_status":"open","ping_status":"open","sticky":false,"template":"","format":"standard","meta":[],"categories":[5,2888,1],"tags":[473,3105,2022,3660],"_links":{"self":[{"href":"http:\/\/labestiadeportiva.com\/lbd\/wp-json\/wp\/v2\/posts\/37852"}],"collection":[{"href":"http:\/\/labestiadeportiva.com\/lbd\/wp-json\/wp\/v2\/posts"}],"about":[{"href":"http:\/\/labestiadeportiva.com\/lbd\/wp-json\/wp\/v2\/types\/post"}],"author":[{"embeddable":true,"href":"http:\/\/labestiadeportiva.com\/lbd\/wp-json\/wp\/v2\/users\/1"}],"replies":[{"embeddable":true,"href":"http:\/\/labestiadeportiva.com\/lbd\/wp-json\/wp\/v2\/comments?post=37852"}],"version-history":[{"count":1,"href":"http:\/\/labestiadeportiva.com\/lbd\/wp-json\/wp\/v2\/posts\/37852\/revisions"}],"predecessor-version":[{"id":37859,"href":"http:\/\/labestiadeportiva.com\/lbd\/wp-json\/wp\/v2\/posts\/37852\/revisions\/37859"}],"wp:featuredmedia":[{"embeddable":true,"href":"http:\/\/labestiadeportiva.com\/lbd\/wp-json\/wp\/v2\/media\/37856"}],"wp:attachment":[{"href":"http:\/\/labestiadeportiva.com\/lbd\/wp-json\/wp\/v2\/media?parent=37852"}],"wp:term":[{"taxonomy":"category","embeddable":true,"href":"http:\/\/labestiadeportiva.com\/lbd\/wp-json\/wp\/v2\/categories?post=37852"},{"taxonomy":"post_tag","embeddable":true,"href":"http:\/\/labestiadeportiva.com\/lbd\/wp-json\/wp\/v2\/tags?post=37852"}],"curies":[{"name":"wp","href":"https:\/\/api.w.org\/{rel}","templated":true}]}}