{"id":37926,"date":"2021-03-08T00:13:04","date_gmt":"2021-03-08T03:13:04","guid":{"rendered":"http:\/\/labestiadeportiva.com\/lbd\/?p=37926"},"modified":"2021-03-08T00:13:04","modified_gmt":"2021-03-08T03:13:04","slug":"la-septima-maravilla","status":"publish","type":"post","link":"http:\/\/labestiadeportiva.com\/lbd\/la-septima-maravilla\/","title":{"rendered":"La s\u00e9ptima maravilla"},"content":{"rendered":"<p>Por Javier Nicol\u00e1s Baroli (Corresponsal LBD en R\u00edo Gallegos)<\/p>\n<p><a href=\"http:\/\/labestiadeportiva.com\/lbd\/wp-content\/uploads\/2021\/03\/IMG-20210307-WA01012.jpg\"><img loading=\"lazy\" src=\"http:\/\/labestiadeportiva.com\/lbd\/wp-content\/uploads\/2021\/03\/IMG-20210307-WA01012.jpg\" alt=\"IMG-20210307-WA0101~2\" width=\"293\" height=\"172\" class=\"aligncenter size-full wp-image-37927\" \/><\/a><br \/>\nBoca super\u00f3 a V\u00e9lez en Liniers con autoridad.\u00a0El equipo de\u00a0Russo\u00a0brill\u00f3 con una gran actuaci\u00f3n de los colombianos.\u00a0El \u00abXeneize\u00bb es cosa seria y est\u00e1 en competencia nuevamente. En la pr\u00f3xima fecha recibir\u00e1 a River en la \u00abBombonera\u00bb.<!--more--><\/p>\n<p>Gan\u00f3, gole\u00f3 y gust\u00f3. En la vuelta de Carlos Tevez sus compa\u00f1eros le hicieron el mejor homenaje. Cardona\u00a0abri\u00f3 el marcador y\u00a0Lucero\u00a0empat\u00f3 a los cinco minutos. Enseguida,\u00a0Villa\u00a0puso el 1-2 y el \u00abXeneize\u00bb arranc\u00f3 la m\u00e1quina que no parar\u00eda hasta el minuto 90.<\/p>\n<p>La fiesta continu\u00f3 y Maroni\u00a0aport\u00f3 un doblete,\u00a0Tevez\u00a0y\u00a0Campuzano\u00a0se sumaron a la fiesta de goles, dejando sensaciones de desaz\u00f3n e impotencia en Pellegrino y sus dirigidos, que hasta la goleada de esta noche, ven\u00eda siendo una de las grandes revelaciones del certamen.<\/p>\n<p>River juega este lunes mientras que el pr\u00f3ximo fin de semana volver\u00e1n a verse las caras en un nuevo Supercl\u00e1sico. <\/p>\n<p>M\u00e1s all\u00e1 de lo que suceda con los de Gallardo en el comienzo de la semana el triunfo con goleada del bicampe\u00f3n le pone pimienta a la previa del trascendental choque.<\/p>\n<p><a href=\"http:\/\/labestiadeportiva.com\/lbd\/wp-content\/uploads\/2021\/03\/IMG-20210307-WA00993.jpg\"><img loading=\"lazy\" src=\"http:\/\/labestiadeportiva.com\/lbd\/wp-content\/uploads\/2021\/03\/IMG-20210307-WA00993-300x171.jpg\" alt=\"IMG-20210307-WA0099~3\" width=\"300\" height=\"171\" class=\"aligncenter size-medium wp-image-37928\" srcset=\"http:\/\/labestiadeportiva.com\/lbd\/wp-content\/uploads\/2021\/03\/IMG-20210307-WA00993-300x171.jpg 300w, http:\/\/labestiadeportiva.com\/lbd\/wp-content\/uploads\/2021\/03\/IMG-20210307-WA00993.jpg 723w\" sizes=\"(max-width: 300px) 100vw, 300px\" \/><\/a><\/p>\n<div class='epvc-post-count'><span class='epvc-eye'><\/span>  <span class=\"epvc-count\"> 1.174<\/span><span class='epvc-label'> veces le\u00edda<\/span><\/div>\n<div class=\"jwsharethis\">\nShare this: \n<br \/>\n<a href=\"mailto:?subject=La%20s%C3%A9ptima%20maravilla&amp;body=http%3A%2F%2Flabestiadeportiva.com%2Flbd%2Fla-septima-maravilla%2F\">\n<img src=\"http:\/\/labestiadeportiva.com\/lbd\/wp-content\/plugins\/jw-share-this\/email.png\" alt=\"Share this page via Email\" \/>\n<\/a>\n<a target=\"_blank\" href=\"http:\/\/www.stumbleupon.com\/submit?url=http%3A%2F%2Flabestiadeportiva.com%2Flbd%2Fla-septima-maravilla%2F&amp;title=La+s%C3%A9ptima+maravilla\">\n<img src=\"http:\/\/labestiadeportiva.com\/lbd\/wp-content\/plugins\/jw-share-this\/su.png\" alt=\"Share this page via Stumble Upon\" \/>\n<\/a>\n<a target=\"_blank\" href=\"http:\/\/digg.com\/submit?url=http%3A%2F%2Flabestiadeportiva.com%2Flbd%2Fla-septima-maravilla%2F&amp;title=La+s%C3%A9ptima+maravilla\">\n<img src=\"http:\/\/labestiadeportiva.com\/lbd\/wp-content\/plugins\/jw-share-this\/digg.png\" alt=\"Share this page via Digg this\" \/>\n<\/a>\n<a target=\"_blank\" href=\"http:\/\/www.facebook.com\/sharer.php?u=http%3A%2F%2Flabestiadeportiva.com%2Flbd%2Fla-septima-maravilla%2F&amp;t=La+s%C3%A9ptima+maravilla\">\n<img src=\"http:\/\/labestiadeportiva.com\/lbd\/wp-content\/plugins\/jw-share-this\/fb.png\" alt=\"Share this page via Facebook\" \/>\n<\/a>\n<a target=\"_blank\" href=\"http:\/\/twitter.com\/intent\/tweet?text=I+like+http%3A%2F%2Flabestiadeportiva.com%2Flbd%2Fla-septima-maravilla%2F&amp;title=La+s%C3%A9ptima+maravilla\">\n<img src=\"http:\/\/labestiadeportiva.com\/lbd\/wp-content\/plugins\/jw-share-this\/twitter.png\" alt=\"Share this page via Twitter\" \/>\n<\/a>\n<\/div>\n","protected":false},"excerpt":{"rendered":"<p>Por Javier Nicol\u00e1s Baroli (Corresponsal LBD en R\u00edo Gallegos) Boca super\u00f3 a V\u00e9lez en Liniers con autoridad.\u00a0El equipo de\u00a0Russo\u00a0brill\u00f3 con una gran actuaci\u00f3n de los colombianos.\u00a0El \u00abXeneize\u00bb es cosa seria y est\u00e1 en competencia nuevamente. En la pr\u00f3xima fecha recibir\u00e1 a River en la \u00abBombonera\u00bb. 1.174 veces le\u00edda Share this:<\/p>\n","protected":false},"author":1,"featured_media":37927,"comment_status":"open","ping_status":"open","sticky":false,"template":"","format":"standard","meta":[],"categories":[6,1987,4352,1],"tags":[445,245,4309,17],"_links":{"self":[{"href":"http:\/\/labestiadeportiva.com\/lbd\/wp-json\/wp\/v2\/posts\/37926"}],"collection":[{"href":"http:\/\/labestiadeportiva.com\/lbd\/wp-json\/wp\/v2\/posts"}],"about":[{"href":"http:\/\/labestiadeportiva.com\/lbd\/wp-json\/wp\/v2\/types\/post"}],"author":[{"embeddable":true,"href":"http:\/\/labestiadeportiva.com\/lbd\/wp-json\/wp\/v2\/users\/1"}],"replies":[{"embeddable":true,"href":"http:\/\/labestiadeportiva.com\/lbd\/wp-json\/wp\/v2\/comments?post=37926"}],"version-history":[{"count":1,"href":"http:\/\/labestiadeportiva.com\/lbd\/wp-json\/wp\/v2\/posts\/37926\/revisions"}],"predecessor-version":[{"id":37929,"href":"http:\/\/labestiadeportiva.com\/lbd\/wp-json\/wp\/v2\/posts\/37926\/revisions\/37929"}],"wp:featuredmedia":[{"embeddable":true,"href":"http:\/\/labestiadeportiva.com\/lbd\/wp-json\/wp\/v2\/media\/37927"}],"wp:attachment":[{"href":"http:\/\/labestiadeportiva.com\/lbd\/wp-json\/wp\/v2\/media?parent=37926"}],"wp:term":[{"taxonomy":"category","embeddable":true,"href":"http:\/\/labestiadeportiva.com\/lbd\/wp-json\/wp\/v2\/categories?post=37926"},{"taxonomy":"post_tag","embeddable":true,"href":"http:\/\/labestiadeportiva.com\/lbd\/wp-json\/wp\/v2\/tags?post=37926"}],"curies":[{"name":"wp","href":"https:\/\/api.w.org\/{rel}","templated":true}]}}