{"id":37930,"date":"2021-03-08T10:06:36","date_gmt":"2021-03-08T13:06:36","guid":{"rendered":"http:\/\/labestiadeportiva.com\/lbd\/?p=37930"},"modified":"2021-03-08T10:06:36","modified_gmt":"2021-03-08T13:06:36","slug":"fecha-suspendida-4","status":"publish","type":"post","link":"http:\/\/labestiadeportiva.com\/lbd\/fecha-suspendida-4\/","title":{"rendered":"Fecha suspendida"},"content":{"rendered":"<p>Por Javier Nicol\u00e1s Baroli (Corresponsal LBD en R\u00edo Gallegos)<\/p>\n<p><a href=\"http:\/\/labestiadeportiva.com\/lbd\/wp-content\/uploads\/2021\/03\/IMG-20210308-WA0050.jpg\"><img loading=\"lazy\" src=\"http:\/\/labestiadeportiva.com\/lbd\/wp-content\/uploads\/2021\/03\/IMG-20210308-WA0050-300x200.jpg\" alt=\"IMG-20210308-WA0050\" width=\"300\" height=\"200\" class=\"aligncenter size-medium wp-image-37931\" srcset=\"http:\/\/labestiadeportiva.com\/lbd\/wp-content\/uploads\/2021\/03\/IMG-20210308-WA0050-300x200.jpg 300w, http:\/\/labestiadeportiva.com\/lbd\/wp-content\/uploads\/2021\/03\/IMG-20210308-WA0050.jpg 600w\" sizes=\"(max-width: 300px) 100vw, 300px\" \/><\/a><br \/>\nSe trata de la doble fecha en la que Argentina enfrentar\u00eda a Uruguay y Brasil. El principal motivo es por las restricciones en algunos pa\u00edses de Europa por la segunda ola de Covid19.<!--more--><\/p>\n<p>Sorpresa en el f\u00fatbol Sudamericano. La estricta posici\u00f3n tomada por Europa, principalmente por parte de los clubes y de los protocolos sanitarios de sus pa\u00edses, provoc\u00f3 la suspensi\u00f3n de la doble fecha de Eliminatorias Sudamericanas, seg\u00fan anunci\u00f3 este s\u00e1bado la Conmebol. <\/p>\n<p>La Selecci\u00f3n Argentina, que deb\u00eda enfrentar en esa instancia a Uruguay y Brasil el 26 y 30 de marzo respectivamente, deber\u00e1 esperar la reprogramacion de la fecha para volver a competir.<\/p>\n<div class='epvc-post-count'><span class='epvc-eye'><\/span>  <span class=\"epvc-count\"> 969<\/span><span class='epvc-label'> veces le\u00edda<\/span><\/div>\n<div class=\"jwsharethis\">\nShare this: \n<br \/>\n<a href=\"mailto:?subject=Fecha%20suspendida&amp;body=http%3A%2F%2Flabestiadeportiva.com%2Flbd%2Ffecha-suspendida-4%2F\">\n<img src=\"http:\/\/labestiadeportiva.com\/lbd\/wp-content\/plugins\/jw-share-this\/email.png\" alt=\"Share this page via Email\" \/>\n<\/a>\n<a target=\"_blank\" href=\"http:\/\/www.stumbleupon.com\/submit?url=http%3A%2F%2Flabestiadeportiva.com%2Flbd%2Ffecha-suspendida-4%2F&amp;title=Fecha+suspendida\">\n<img src=\"http:\/\/labestiadeportiva.com\/lbd\/wp-content\/plugins\/jw-share-this\/su.png\" alt=\"Share this page via Stumble Upon\" \/>\n<\/a>\n<a target=\"_blank\" href=\"http:\/\/digg.com\/submit?url=http%3A%2F%2Flabestiadeportiva.com%2Flbd%2Ffecha-suspendida-4%2F&amp;title=Fecha+suspendida\">\n<img src=\"http:\/\/labestiadeportiva.com\/lbd\/wp-content\/plugins\/jw-share-this\/digg.png\" alt=\"Share this page via Digg this\" \/>\n<\/a>\n<a target=\"_blank\" href=\"http:\/\/www.facebook.com\/sharer.php?u=http%3A%2F%2Flabestiadeportiva.com%2Flbd%2Ffecha-suspendida-4%2F&amp;t=Fecha+suspendida\">\n<img src=\"http:\/\/labestiadeportiva.com\/lbd\/wp-content\/plugins\/jw-share-this\/fb.png\" alt=\"Share this page via Facebook\" \/>\n<\/a>\n<a target=\"_blank\" href=\"http:\/\/twitter.com\/intent\/tweet?text=I+like+http%3A%2F%2Flabestiadeportiva.com%2Flbd%2Ffecha-suspendida-4%2F&amp;title=Fecha+suspendida\">\n<img src=\"http:\/\/labestiadeportiva.com\/lbd\/wp-content\/plugins\/jw-share-this\/twitter.png\" alt=\"Share this page via Twitter\" \/>\n<\/a>\n<\/div>\n","protected":false},"excerpt":{"rendered":"<p>Por Javier Nicol\u00e1s Baroli (Corresponsal LBD en R\u00edo Gallegos) Se trata de la doble fecha en la que Argentina enfrentar\u00eda a Uruguay y Brasil. El principal motivo es por las restricciones en algunos pa\u00edses de Europa por la segunda ola de Covid19. 969 veces le\u00edda Share this:<\/p>\n","protected":false},"author":1,"featured_media":37931,"comment_status":"open","ping_status":"open","sticky":false,"template":"","format":"standard","meta":[],"categories":[4,6,57,14,1],"tags":[58,17,3660],"_links":{"self":[{"href":"http:\/\/labestiadeportiva.com\/lbd\/wp-json\/wp\/v2\/posts\/37930"}],"collection":[{"href":"http:\/\/labestiadeportiva.com\/lbd\/wp-json\/wp\/v2\/posts"}],"about":[{"href":"http:\/\/labestiadeportiva.com\/lbd\/wp-json\/wp\/v2\/types\/post"}],"author":[{"embeddable":true,"href":"http:\/\/labestiadeportiva.com\/lbd\/wp-json\/wp\/v2\/users\/1"}],"replies":[{"embeddable":true,"href":"http:\/\/labestiadeportiva.com\/lbd\/wp-json\/wp\/v2\/comments?post=37930"}],"version-history":[{"count":1,"href":"http:\/\/labestiadeportiva.com\/lbd\/wp-json\/wp\/v2\/posts\/37930\/revisions"}],"predecessor-version":[{"id":37932,"href":"http:\/\/labestiadeportiva.com\/lbd\/wp-json\/wp\/v2\/posts\/37930\/revisions\/37932"}],"wp:featuredmedia":[{"embeddable":true,"href":"http:\/\/labestiadeportiva.com\/lbd\/wp-json\/wp\/v2\/media\/37931"}],"wp:attachment":[{"href":"http:\/\/labestiadeportiva.com\/lbd\/wp-json\/wp\/v2\/media?parent=37930"}],"wp:term":[{"taxonomy":"category","embeddable":true,"href":"http:\/\/labestiadeportiva.com\/lbd\/wp-json\/wp\/v2\/categories?post=37930"},{"taxonomy":"post_tag","embeddable":true,"href":"http:\/\/labestiadeportiva.com\/lbd\/wp-json\/wp\/v2\/tags?post=37930"}],"curies":[{"name":"wp","href":"https:\/\/api.w.org\/{rel}","templated":true}]}}