{"id":38001,"date":"2021-03-13T19:45:49","date_gmt":"2021-03-13T22:45:49","guid":{"rendered":"http:\/\/labestiadeportiva.com\/lbd\/?p=38001"},"modified":"2021-03-13T19:48:57","modified_gmt":"2021-03-13T22:48:57","slug":"mejora-mercedes-alonso-ha-vuelto","status":"publish","type":"post","link":"http:\/\/labestiadeportiva.com\/lbd\/mejora-mercedes-alonso-ha-vuelto\/","title":{"rendered":"Mejora Mercedes, Alonso ha vuelto"},"content":{"rendered":"<p>Por Daniel Campos ( Corresponsal LBD en Palma de Mallorca, Espa\u00f1a)<\/p>\n<p><a href=\"http:\/\/labestiadeportiva.com\/lbd\/wp-content\/uploads\/2021\/03\/alpine-Alonso.jpg\"><img loading=\"lazy\" class=\"aligncenter size-medium wp-image-38002\" src=\"http:\/\/labestiadeportiva.com\/lbd\/wp-content\/uploads\/2021\/03\/alpine-Alonso-300x170.jpg\" alt=\"alpine Alonso\" width=\"300\" height=\"170\" srcset=\"http:\/\/labestiadeportiva.com\/lbd\/wp-content\/uploads\/2021\/03\/alpine-Alonso-300x170.jpg 300w, http:\/\/labestiadeportiva.com\/lbd\/wp-content\/uploads\/2021\/03\/alpine-Alonso.jpg 980w\" sizes=\"(max-width: 300px) 100vw, 300px\" \/><\/a>Segundo d\u00eda de test de pretemporada en Bahre\u00edn, y de a poco los equipos van poni\u00e9ndose a tono para la primera cita del Mundial.<!--more--><\/p>\n<p>Las condiciones clim\u00e1ticas en el trazado de Shakir se mantuvieron con calor y con mucho polvo en suspensi\u00f3n, pero no fue impedimento para que las escuder\u00edas salieran a pista.<\/p>\n<p>En el turno matutino, Hamilton apenas pudo girar ya que, completando ocho vueltas, sufri\u00f3 una salida de pista en el sector de la curva 13 y all\u00ed se qued\u00f3 atrapado su Mercedes Benz W12. Al campe\u00f3n ingl\u00e9s le toc\u00f3 bajarse del coche y regresar a boxes.<\/p>\n<p>Tras la reanudaci\u00f3n volvi\u00f3 a girar y se ubic\u00f3 sexto en una sesi\u00f3n donde el m\u00e1s r\u00e1pido, fue otra vez Ricciardo con el McLaren, y segundo, Fernando Alonso con el Alpine.<\/p>\n<p>Buenas sensaciones las del asturiano en su regreso a la categor\u00eda y a su ex equipo. Otro\u00a0 ex -campe\u00f3n, Sebastian Vettel, con pocas vueltas en el asfalto romp\u00eda la caja de cambio de su Aston Martin mientras su compa\u00f1ero de equipo Lance Stroll volv\u00eda a ser m\u00e1s veloz que el alem\u00e1n.<\/p>\n<p>En Ferrari, siguen las dudas sobre el rendimiento del nuevo motor del SF21, siempre un segundo por detr\u00e1s de los otros monoplazas con motor Mercedes u Honda.<\/p>\n<p>El Ferrari que s\u00ed funciona parece ser la versi\u00f3n del a\u00f1o pasado que impulsa a los Alfa Romeo de Raikkonen y Giovinazzi, que en estos d\u00edas siempre han estado por delante de los monoplazas de Maranello.<\/p>\n<p>Por la tarde siguieron las pruebas y en Mercedes volvieron a sonre\u00edr gracias a los tiempos del finland\u00e9s Valtteri Bottas que se encaram\u00f3 al primer puesto\u00a0 con un registro de 1:30,289, mientras que el ganador del \u00faltimo gran premio de Italia del a\u00f1o pasado, Pierre Gasly se ubicaba en segundo lugar. Tercer mejor tiempo para Lance Stroll con el Aston Martin.<\/p>\n<p>La sesi\u00f3n de la tarde noche en Bahre\u00edn acab\u00f3 con una bandera roja a cinco minutos de cumplirse el tiempo reglamentario, se trataba de un simulacro para comprobar protocolos\u00a0 de seguridad de la FIA.<\/p>\n<p>Ma\u00f1ana \u00faltimo d\u00eda de entrenamientos y veremos qu\u00e9 nos deja esta breve pretemporada.<\/p>\n<p><a href=\"http:\/\/labestiadeportiva.com\/lbd\/wp-content\/uploads\/2021\/03\/Bottas77.jpg\"><img loading=\"lazy\" class=\"aligncenter size-medium wp-image-38003\" src=\"http:\/\/labestiadeportiva.com\/lbd\/wp-content\/uploads\/2021\/03\/Bottas77-300x188.jpg\" alt=\"El auto de Valttieri Bottas de Mercedes en las pruebas de pretemporada de la F\u00f3rmula Uno en Bahr\u00e9in. Marzo 12, 2021. REUTERS\/Hamad I Mohammed\" width=\"300\" height=\"188\" srcset=\"http:\/\/labestiadeportiva.com\/lbd\/wp-content\/uploads\/2021\/03\/Bottas77-300x188.jpg 300w, http:\/\/labestiadeportiva.com\/lbd\/wp-content\/uploads\/2021\/03\/Bottas77.jpg 800w\" sizes=\"(max-width: 300px) 100vw, 300px\" \/><\/a>Segunda sesi\u00f3n<\/p>\n<p>1\u00ba V. Bottas-Mercedes Benz 1:30,289<br \/>\n2\u00ba P. Gasly-Alpha Tauri Honda a 0,124<br \/>\n3\u00ba L. Stroll-Aston Martin Mercedes Benz a 0,171<br \/>\n4\u00ba L. Norris-McLaren Mercedes a 0,297<br \/>\n5\u00ba A. Giovinazzi-Alfa Romeo Ferrari a 0,471<br \/>\n6\u00ba C. Leclerc-Ferrari a 0,597<br \/>\n7\u00ba N. Latifi-Williams Mercedes Benz a 1,383<br \/>\n8\u00ba S. P\u00e9rez-Red Bull Honda a 1,393<br \/>\n9\u00ba D. Ricciardo- McLaren Mercedes Benz a 1,926<br \/>\n10\u00ba F. Alonso-Alpine Renault a 2,050<\/p>\n<div class='epvc-post-count'><span class='epvc-eye'><\/span>  <span class=\"epvc-count\"> 1.814<\/span><span class='epvc-label'> veces le\u00edda<\/span><\/div>\n<div class=\"jwsharethis\">\nShare this: \n<br \/>\n<a href=\"mailto:?subject=Mejora%20Mercedes%2C%20Alonso%20ha%20vuelto&amp;body=http%3A%2F%2Flabestiadeportiva.com%2Flbd%2Fmejora-mercedes-alonso-ha-vuelto%2F\">\n<img src=\"http:\/\/labestiadeportiva.com\/lbd\/wp-content\/plugins\/jw-share-this\/email.png\" alt=\"Share this page via Email\" \/>\n<\/a>\n<a target=\"_blank\" href=\"http:\/\/www.stumbleupon.com\/submit?url=http%3A%2F%2Flabestiadeportiva.com%2Flbd%2Fmejora-mercedes-alonso-ha-vuelto%2F&amp;title=Mejora+Mercedes%2C+Alonso+ha+vuelto\">\n<img src=\"http:\/\/labestiadeportiva.com\/lbd\/wp-content\/plugins\/jw-share-this\/su.png\" alt=\"Share this page via Stumble Upon\" \/>\n<\/a>\n<a target=\"_blank\" href=\"http:\/\/digg.com\/submit?url=http%3A%2F%2Flabestiadeportiva.com%2Flbd%2Fmejora-mercedes-alonso-ha-vuelto%2F&amp;title=Mejora+Mercedes%2C+Alonso+ha+vuelto\">\n<img src=\"http:\/\/labestiadeportiva.com\/lbd\/wp-content\/plugins\/jw-share-this\/digg.png\" alt=\"Share this page via Digg this\" \/>\n<\/a>\n<a target=\"_blank\" href=\"http:\/\/www.facebook.com\/sharer.php?u=http%3A%2F%2Flabestiadeportiva.com%2Flbd%2Fmejora-mercedes-alonso-ha-vuelto%2F&amp;t=Mejora+Mercedes%2C+Alonso+ha+vuelto\">\n<img src=\"http:\/\/labestiadeportiva.com\/lbd\/wp-content\/plugins\/jw-share-this\/fb.png\" alt=\"Share this page via Facebook\" \/>\n<\/a>\n<a target=\"_blank\" href=\"http:\/\/twitter.com\/intent\/tweet?text=I+like+http%3A%2F%2Flabestiadeportiva.com%2Flbd%2Fmejora-mercedes-alonso-ha-vuelto%2F&amp;title=Mejora+Mercedes%2C+Alonso+ha+vuelto\">\n<img src=\"http:\/\/labestiadeportiva.com\/lbd\/wp-content\/plugins\/jw-share-this\/twitter.png\" alt=\"Share this page via Twitter\" \/>\n<\/a>\n<\/div>\n","protected":false},"excerpt":{"rendered":"<p>Por Daniel Campos ( Corresponsal LBD en Palma de Mallorca, Espa\u00f1a) Segundo d\u00eda de test de pretemporada en Bahre\u00edn, y de a poco los equipos van poni\u00e9ndose a tono para la primera cita del Mundial. 1.814 veces le\u00edda Share this:<\/p>\n","protected":false},"author":1,"featured_media":38002,"comment_status":"open","ping_status":"open","sticky":false,"template":"","format":"standard","meta":[],"categories":[2176,4,3534,1],"tags":[154,148,3660,4440],"_links":{"self":[{"href":"http:\/\/labestiadeportiva.com\/lbd\/wp-json\/wp\/v2\/posts\/38001"}],"collection":[{"href":"http:\/\/labestiadeportiva.com\/lbd\/wp-json\/wp\/v2\/posts"}],"about":[{"href":"http:\/\/labestiadeportiva.com\/lbd\/wp-json\/wp\/v2\/types\/post"}],"author":[{"embeddable":true,"href":"http:\/\/labestiadeportiva.com\/lbd\/wp-json\/wp\/v2\/users\/1"}],"replies":[{"embeddable":true,"href":"http:\/\/labestiadeportiva.com\/lbd\/wp-json\/wp\/v2\/comments?post=38001"}],"version-history":[{"count":1,"href":"http:\/\/labestiadeportiva.com\/lbd\/wp-json\/wp\/v2\/posts\/38001\/revisions"}],"predecessor-version":[{"id":38004,"href":"http:\/\/labestiadeportiva.com\/lbd\/wp-json\/wp\/v2\/posts\/38001\/revisions\/38004"}],"wp:featuredmedia":[{"embeddable":true,"href":"http:\/\/labestiadeportiva.com\/lbd\/wp-json\/wp\/v2\/media\/38002"}],"wp:attachment":[{"href":"http:\/\/labestiadeportiva.com\/lbd\/wp-json\/wp\/v2\/media?parent=38001"}],"wp:term":[{"taxonomy":"category","embeddable":true,"href":"http:\/\/labestiadeportiva.com\/lbd\/wp-json\/wp\/v2\/categories?post=38001"},{"taxonomy":"post_tag","embeddable":true,"href":"http:\/\/labestiadeportiva.com\/lbd\/wp-json\/wp\/v2\/tags?post=38001"}],"curies":[{"name":"wp","href":"https:\/\/api.w.org\/{rel}","templated":true}]}}