{"id":38165,"date":"2021-03-30T12:09:15","date_gmt":"2021-03-30T15:09:15","guid":{"rendered":"http:\/\/labestiadeportiva.com\/lbd\/?p=38165"},"modified":"2021-03-30T12:13:34","modified_gmt":"2021-03-30T15:13:34","slug":"ushuaia-ya-tiene-sus-clasificados","status":"publish","type":"post","link":"http:\/\/labestiadeportiva.com\/lbd\/ushuaia-ya-tiene-sus-clasificados\/","title":{"rendered":"Ushuaia ya tiene sus clasificados"},"content":{"rendered":"<p><a href=\"http:\/\/labestiadeportiva.com\/lbd\/wp-content\/uploads\/2021\/03\/IMG_20210327_1953424153.jpg\"><img loading=\"lazy\" src=\"http:\/\/labestiadeportiva.com\/lbd\/wp-content\/uploads\/2021\/03\/IMG_20210327_1953424153-300x170.jpg\" alt=\"IMG_20210327_195342415~3\" width=\"300\" height=\"170\" class=\"aligncenter size-medium wp-image-38166\" srcset=\"http:\/\/labestiadeportiva.com\/lbd\/wp-content\/uploads\/2021\/03\/IMG_20210327_1953424153-300x170.jpg 300w, http:\/\/labestiadeportiva.com\/lbd\/wp-content\/uploads\/2021\/03\/IMG_20210327_1953424153-1024x582.jpg 1024w\" sizes=\"(max-width: 300px) 100vw, 300px\" \/><\/a><br \/>\nLuego de las revanchas, jugadas en los gimnasios \u00abS\u00e1bato\u00bb y \u00abPetrina\u00bb, quedaron definidos los equipos locales que jugar\u00e1n la instancia provincial de la Copa Argentina de Futsal AFA. Sorpresas y resultados l\u00f3gicos, desde LBD el resumen.<!--more--><\/p>\n<p>La jornada inicial, disputada hace una larga semana en el \u00abGigante del Sur\u00bb, la casa de Camioneros di\u00f3 un primer indicio de como avanzar\u00eda la serie eliminatoria.<\/p>\n<p>A decir verdad en la mayor\u00eda de los cruces pudo observarse la falta de ritmo y precisi\u00f3n en el juego, algo que mejorar\u00e1 con el correr de la temporada y los partidos.<\/p>\n<p>El primer d\u00eda de las revanchas, s\u00e1bado, consolid\u00f3 la producci\u00f3n de Camioneros, Los Andes y Ateneo quienes hab\u00edan superado claramente a sus rivales en el partido inicial.<\/p>\n<p><a href=\"http:\/\/labestiadeportiva.com\/lbd\/wp-content\/uploads\/2021\/03\/IMG_20210327_1951350803.jpg\"><img loading=\"lazy\" src=\"http:\/\/labestiadeportiva.com\/lbd\/wp-content\/uploads\/2021\/03\/IMG_20210327_1951350803-300x177.jpg\" alt=\"IMG_20210327_195135080~3\" width=\"300\" height=\"177\" class=\"aligncenter size-medium wp-image-38167\" srcset=\"http:\/\/labestiadeportiva.com\/lbd\/wp-content\/uploads\/2021\/03\/IMG_20210327_1951350803-300x177.jpg 300w, http:\/\/labestiadeportiva.com\/lbd\/wp-content\/uploads\/2021\/03\/IMG_20210327_1951350803-1024x604.jpg 1024w\" sizes=\"(max-width: 300px) 100vw, 300px\" \/><\/a><br \/>\nEl \u00abCami\u00f3n\u00bb volvi\u00f3 a golear a AATEDYC, esta vez por 7 a 2, el \u00abvidriero\u00bb super\u00f3 a Prat 9 a 5 mientras que el \u00abAte\u00bb se flore\u00f3 frente a G\u00fcemes venciendo por 11 a 1.<\/p>\n<p>En el choque de la jornada, transmitido en vivo por el facebook de la Liga Ushuaiense y Radio Provincia, Centro Galicia igual\u00f3 la serie ante Mercantil.<\/p>\n<p>Cabe recordar que en el juego inicial el conjunto \u00abGallego\u00bb hab\u00eda ca\u00eddo por un ajustado 3 a 2.<\/p>\n<p>En esta oportunidad Galicia se impuso en tiempo reglamentario 3 a 1 forzando la definici\u00f3n de la serie a los penales.<\/p>\n<p>Gran producci\u00f3n de dos hist\u00f3ricos en el ganador, Seveca y S\u00e1nchez, el primero con un impecable primer tiempo mientras que el \u00abSanjua\u00bb fu\u00e9 la figura del encuentro determinante inclusive en los penales.<\/p>\n<p>Ya el domingo la actividad se traslad\u00f3 al gimnasio \u00abCarlos Petrina\u00bb, all\u00ed Campolter pudo torcer la serie ante Tigre ganando por 5 a 2, recordando que en el partido inicial hab\u00eda ca\u00eddo 4 a 2.<br \/>\nEn la serie de penales, que se alarg\u00f3 m\u00e1s de la cuenta, Tigre se impuso por un ajustado 7 a 6.<\/p>\n<p>Lo de Comercio volvi\u00f3 a ser un tr\u00e1mite. Est\u00e1 vez con un marcador menor, 9 a 0, ante Escuela de Futsal MB que presenta un juvenil equipo en cancha.<\/p>\n<p>Otro de los conjuntos que revirti\u00f3 su serie fue Andes del Sur quien derrot\u00f3 a CAEF por 6 a 3. A la hora de los penales fue categ\u00f3rico triunfando por 4 a 1.<\/p>\n<p>Finalmente La UOM se impuso a Lasserre por un claro 9 a 3 ratificando todo lo producido en el juego inicial.<\/p>\n<p>Con los ocho clubes clasificados habr\u00e1 una instancia local m\u00e1s, con cruces determinados por reglamento, los mismos definir\u00e1n quienes ser\u00e1n locales ante sus pares riograndenses y cuales deber\u00e1n viajar al norte de la isla.<\/p>\n<p><a href=\"http:\/\/labestiadeportiva.com\/lbd\/wp-content\/uploads\/2021\/03\/IMG_20210327_1951443312.jpg\"><img loading=\"lazy\" src=\"http:\/\/labestiadeportiva.com\/lbd\/wp-content\/uploads\/2021\/03\/IMG_20210327_1951443312-300x225.jpg\" alt=\"IMG_20210327_195144331~2\" width=\"300\" height=\"225\" class=\"aligncenter size-medium wp-image-38168\" srcset=\"http:\/\/labestiadeportiva.com\/lbd\/wp-content\/uploads\/2021\/03\/IMG_20210327_1951443312-300x225.jpg 300w, http:\/\/labestiadeportiva.com\/lbd\/wp-content\/uploads\/2021\/03\/IMG_20210327_1951443312-1024x768.jpg 1024w\" sizes=\"(max-width: 300px) 100vw, 300px\" \/><\/a><br \/>\nResultados revanchas<br \/>\nCamioneros 7 AATEDYC 2<br \/>\nLos Andes 9 Prat 5<br \/>\nAteneo 11 G\u00fcemes 1<br \/>\nMercantil 1 (4) Centro Galicia 3 (5)<br \/>\nCamPolTer 5 (6) Tigre 2 (7)<br \/>\nComercio 9 Escuela de Futsal MB 0<br \/>\nCAEF 3 (1) Andes del Sur 6 (4)<br \/>\nLa UOM 9 Lasserre 3<\/p>\n<p>Los cruces por las local\u00edas<\/p>\n<p>Camioneros\/Centro Galicia<br \/>\nAteneo\/La UOM<br \/>\nAndes del Sur\/Los Andes<br \/>\nComercio\/Tigre<\/p>\n<div class='epvc-post-count'><span class='epvc-eye'><\/span>  <span class=\"epvc-count\"> 1.380<\/span><span class='epvc-label'> veces le\u00edda<\/span><\/div>\n<div class=\"jwsharethis\">\nShare this: \n<br \/>\n<a href=\"mailto:?subject=Ushuaia%20ya%20tiene%20sus%20clasificados&amp;body=http%3A%2F%2Flabestiadeportiva.com%2Flbd%2Fushuaia-ya-tiene-sus-clasificados%2F\">\n<img src=\"http:\/\/labestiadeportiva.com\/lbd\/wp-content\/plugins\/jw-share-this\/email.png\" alt=\"Share this page via Email\" \/>\n<\/a>\n<a target=\"_blank\" href=\"http:\/\/www.stumbleupon.com\/submit?url=http%3A%2F%2Flabestiadeportiva.com%2Flbd%2Fushuaia-ya-tiene-sus-clasificados%2F&amp;title=Ushuaia+ya+tiene+sus+clasificados\">\n<img src=\"http:\/\/labestiadeportiva.com\/lbd\/wp-content\/plugins\/jw-share-this\/su.png\" alt=\"Share this page via Stumble Upon\" \/>\n<\/a>\n<a target=\"_blank\" href=\"http:\/\/digg.com\/submit?url=http%3A%2F%2Flabestiadeportiva.com%2Flbd%2Fushuaia-ya-tiene-sus-clasificados%2F&amp;title=Ushuaia+ya+tiene+sus+clasificados\">\n<img src=\"http:\/\/labestiadeportiva.com\/lbd\/wp-content\/plugins\/jw-share-this\/digg.png\" alt=\"Share this page via Digg this\" \/>\n<\/a>\n<a target=\"_blank\" href=\"http:\/\/www.facebook.com\/sharer.php?u=http%3A%2F%2Flabestiadeportiva.com%2Flbd%2Fushuaia-ya-tiene-sus-clasificados%2F&amp;t=Ushuaia+ya+tiene+sus+clasificados\">\n<img src=\"http:\/\/labestiadeportiva.com\/lbd\/wp-content\/plugins\/jw-share-this\/fb.png\" alt=\"Share this page via Facebook\" \/>\n<\/a>\n<a target=\"_blank\" href=\"http:\/\/twitter.com\/intent\/tweet?text=I+like+http%3A%2F%2Flabestiadeportiva.com%2Flbd%2Fushuaia-ya-tiene-sus-clasificados%2F&amp;title=Ushuaia+ya+tiene+sus+clasificados\">\n<img src=\"http:\/\/labestiadeportiva.com\/lbd\/wp-content\/plugins\/jw-share-this\/twitter.png\" alt=\"Share this page via Twitter\" \/>\n<\/a>\n<\/div>\n","protected":false},"excerpt":{"rendered":"<p>Luego de las revanchas, jugadas en los gimnasios \u00abS\u00e1bato\u00bb y \u00abPetrina\u00bb, quedaron definidos los equipos locales que jugar\u00e1n la instancia provincial de la Copa Argentina de Futsal AFA. Sorpresas y resultados l\u00f3gicos, desde LBD el resumen. 1.380 veces le\u00edda Share this:<\/p>\n","protected":false},"author":1,"featured_media":38166,"comment_status":"open","ping_status":"open","sticky":false,"template":"","format":"standard","meta":[],"categories":[5,47,1],"tags":[387,30,907,4471],"_links":{"self":[{"href":"http:\/\/labestiadeportiva.com\/lbd\/wp-json\/wp\/v2\/posts\/38165"}],"collection":[{"href":"http:\/\/labestiadeportiva.com\/lbd\/wp-json\/wp\/v2\/posts"}],"about":[{"href":"http:\/\/labestiadeportiva.com\/lbd\/wp-json\/wp\/v2\/types\/post"}],"author":[{"embeddable":true,"href":"http:\/\/labestiadeportiva.com\/lbd\/wp-json\/wp\/v2\/users\/1"}],"replies":[{"embeddable":true,"href":"http:\/\/labestiadeportiva.com\/lbd\/wp-json\/wp\/v2\/comments?post=38165"}],"version-history":[{"count":2,"href":"http:\/\/labestiadeportiva.com\/lbd\/wp-json\/wp\/v2\/posts\/38165\/revisions"}],"predecessor-version":[{"id":38170,"href":"http:\/\/labestiadeportiva.com\/lbd\/wp-json\/wp\/v2\/posts\/38165\/revisions\/38170"}],"wp:featuredmedia":[{"embeddable":true,"href":"http:\/\/labestiadeportiva.com\/lbd\/wp-json\/wp\/v2\/media\/38166"}],"wp:attachment":[{"href":"http:\/\/labestiadeportiva.com\/lbd\/wp-json\/wp\/v2\/media?parent=38165"}],"wp:term":[{"taxonomy":"category","embeddable":true,"href":"http:\/\/labestiadeportiva.com\/lbd\/wp-json\/wp\/v2\/categories?post=38165"},{"taxonomy":"post_tag","embeddable":true,"href":"http:\/\/labestiadeportiva.com\/lbd\/wp-json\/wp\/v2\/tags?post=38165"}],"curies":[{"name":"wp","href":"https:\/\/api.w.org\/{rel}","templated":true}]}}