{"id":38197,"date":"2021-04-01T13:41:13","date_gmt":"2021-04-01T16:41:13","guid":{"rendered":"http:\/\/labestiadeportiva.com\/lbd\/?p=38197"},"modified":"2021-04-01T20:41:09","modified_gmt":"2021-04-01T23:41:09","slug":"banfield-jugara-la-sudamericana","status":"publish","type":"post","link":"http:\/\/labestiadeportiva.com\/lbd\/banfield-jugara-la-sudamericana\/","title":{"rendered":"Banfield jugar\u00e1 la Sudamericana"},"content":{"rendered":"<p>Por Javier Nicol\u00e1s Baroli (Corresponsal LBD en R\u00edo Gallegos)<\/p>\n<p><a href=\"http:\/\/labestiadeportiva.com\/lbd\/wp-content\/uploads\/2021\/04\/IMG-20210401-WA0056.jpg\"><img loading=\"lazy\" class=\"aligncenter size-medium wp-image-38198\" src=\"http:\/\/labestiadeportiva.com\/lbd\/wp-content\/uploads\/2021\/04\/IMG-20210401-WA0056-300x169.jpg\" alt=\"IMG-20210401-WA0056\" width=\"300\" height=\"169\" srcset=\"http:\/\/labestiadeportiva.com\/lbd\/wp-content\/uploads\/2021\/04\/IMG-20210401-WA0056-300x169.jpg 300w, http:\/\/labestiadeportiva.com\/lbd\/wp-content\/uploads\/2021\/04\/IMG-20210401-WA0056.jpg 862w\" sizes=\"(max-width: 300px) 100vw, 300px\" \/><\/a><span style=\"color: #000000;\">El Subcampeon de la Copa Diego Armando Maradona y el ganador de la etapa complementaci\u00f3n, V\u00e9lez, jugaron el partido final para ganar un lugar en el certamen continental 2022. En un entretenido partido los del Sur de Buenos Aires se impuso por 3 a 2.<\/span><!--more--><\/p>\n<p><span style=\"color: #000000;\">En un \u00abpartidazo\u00bb el Taladro super\u00f3 por 3 a 2 al Fortinero y gan\u00f3 el derecho para jugar la Copa Sudamericana del a\u00f1o pr\u00f3ximo.<\/span><\/p>\n<p><span style=\"color: #000000;\">Luego de comenzar ganando con autoridad 2 a 0, Banfield parec\u00eda tener el juego resuelto.<\/span><\/p>\n<p><span style=\"color: #000000;\">Sin embargo el equipo de Pellegrino a fuerza del talento de sus juveniles logr\u00f3 empatar el juego y ponerle una cuota de dram\u00e1tismo y emotividad muy alto al juego.<\/span><\/p>\n<p><span style=\"color: #000000;\">Sobre el final fueron los dirigidos por Sanguinetti quienes mostraron tener el temple y la personalidad para sobreponerse al empate parcial de V\u00e9lez y con un cabezazo de Cabrera poner\u00a0 cifras definitivas a un partido emotivo y lleno de gritos de gol en la noche sanjuanina.<\/span><\/p>\n<div class='epvc-post-count'><span class='epvc-eye'><\/span>  <span class=\"epvc-count\"> 1.247<\/span><span class='epvc-label'> veces le\u00edda<\/span><\/div>\n<div class=\"jwsharethis\">\nShare this: \n<br \/>\n<a href=\"mailto:?subject=Banfield%20jugar%C3%A1%20la%20Sudamericana&amp;body=http%3A%2F%2Flabestiadeportiva.com%2Flbd%2Fbanfield-jugara-la-sudamericana%2F\">\n<img src=\"http:\/\/labestiadeportiva.com\/lbd\/wp-content\/plugins\/jw-share-this\/email.png\" alt=\"Share this page via Email\" \/>\n<\/a>\n<a target=\"_blank\" href=\"http:\/\/www.stumbleupon.com\/submit?url=http%3A%2F%2Flabestiadeportiva.com%2Flbd%2Fbanfield-jugara-la-sudamericana%2F&amp;title=Banfield+jugar%C3%A1+la+Sudamericana\">\n<img src=\"http:\/\/labestiadeportiva.com\/lbd\/wp-content\/plugins\/jw-share-this\/su.png\" alt=\"Share this page via Stumble Upon\" \/>\n<\/a>\n<a target=\"_blank\" href=\"http:\/\/digg.com\/submit?url=http%3A%2F%2Flabestiadeportiva.com%2Flbd%2Fbanfield-jugara-la-sudamericana%2F&amp;title=Banfield+jugar%C3%A1+la+Sudamericana\">\n<img src=\"http:\/\/labestiadeportiva.com\/lbd\/wp-content\/plugins\/jw-share-this\/digg.png\" alt=\"Share this page via Digg this\" \/>\n<\/a>\n<a target=\"_blank\" href=\"http:\/\/www.facebook.com\/sharer.php?u=http%3A%2F%2Flabestiadeportiva.com%2Flbd%2Fbanfield-jugara-la-sudamericana%2F&amp;t=Banfield+jugar%C3%A1+la+Sudamericana\">\n<img src=\"http:\/\/labestiadeportiva.com\/lbd\/wp-content\/plugins\/jw-share-this\/fb.png\" alt=\"Share this page via Facebook\" \/>\n<\/a>\n<a target=\"_blank\" href=\"http:\/\/twitter.com\/intent\/tweet?text=I+like+http%3A%2F%2Flabestiadeportiva.com%2Flbd%2Fbanfield-jugara-la-sudamericana%2F&amp;title=Banfield+jugar%C3%A1+la+Sudamericana\">\n<img src=\"http:\/\/labestiadeportiva.com\/lbd\/wp-content\/plugins\/jw-share-this\/twitter.png\" alt=\"Share this page via Twitter\" \/>\n<\/a>\n<\/div>\n","protected":false},"excerpt":{"rendered":"<p>Por Javier Nicol\u00e1s Baroli (Corresponsal LBD en R\u00edo Gallegos) El Subcampeon de la Copa Diego Armando Maradona y el ganador de la etapa complementaci\u00f3n, V\u00e9lez, jugaron el partido final para ganar un lugar en el certamen continental 2022. En un entretenido partido los del Sur de Buenos Aires se impuso por 3 a 2. 1.247 &hellip; <a href=\"http:\/\/labestiadeportiva.com\/lbd\/banfield-jugara-la-sudamericana\/\" class=\"more-link\">Seguir leyendo <span class=\"screen-reader-text\">Banfield jugar\u00e1 la Sudamericana<\/span> <span class=\"meta-nav\">&rarr;<\/span><\/a><\/p>\n","protected":false},"author":1,"featured_media":38198,"comment_status":"open","ping_status":"open","sticky":false,"template":"","format":"standard","meta":[],"categories":[6,4386,1],"tags":[4360,17,3660],"_links":{"self":[{"href":"http:\/\/labestiadeportiva.com\/lbd\/wp-json\/wp\/v2\/posts\/38197"}],"collection":[{"href":"http:\/\/labestiadeportiva.com\/lbd\/wp-json\/wp\/v2\/posts"}],"about":[{"href":"http:\/\/labestiadeportiva.com\/lbd\/wp-json\/wp\/v2\/types\/post"}],"author":[{"embeddable":true,"href":"http:\/\/labestiadeportiva.com\/lbd\/wp-json\/wp\/v2\/users\/1"}],"replies":[{"embeddable":true,"href":"http:\/\/labestiadeportiva.com\/lbd\/wp-json\/wp\/v2\/comments?post=38197"}],"version-history":[{"count":2,"href":"http:\/\/labestiadeportiva.com\/lbd\/wp-json\/wp\/v2\/posts\/38197\/revisions"}],"predecessor-version":[{"id":38204,"href":"http:\/\/labestiadeportiva.com\/lbd\/wp-json\/wp\/v2\/posts\/38197\/revisions\/38204"}],"wp:featuredmedia":[{"embeddable":true,"href":"http:\/\/labestiadeportiva.com\/lbd\/wp-json\/wp\/v2\/media\/38198"}],"wp:attachment":[{"href":"http:\/\/labestiadeportiva.com\/lbd\/wp-json\/wp\/v2\/media?parent=38197"}],"wp:term":[{"taxonomy":"category","embeddable":true,"href":"http:\/\/labestiadeportiva.com\/lbd\/wp-json\/wp\/v2\/categories?post=38197"},{"taxonomy":"post_tag","embeddable":true,"href":"http:\/\/labestiadeportiva.com\/lbd\/wp-json\/wp\/v2\/tags?post=38197"}],"curies":[{"name":"wp","href":"https:\/\/api.w.org\/{rel}","templated":true}]}}