{"id":38209,"date":"2021-04-04T01:48:46","date_gmt":"2021-04-04T04:48:46","guid":{"rendered":"http:\/\/labestiadeportiva.com\/lbd\/?p=38209"},"modified":"2021-04-04T02:13:00","modified_gmt":"2021-04-04T05:13:00","slug":"vtdf-la-novela-de-semana-santa","status":"publish","type":"post","link":"http:\/\/labestiadeportiva.com\/lbd\/vtdf-la-novela-de-semana-santa\/","title":{"rendered":"VTDF: La novela de Semana Santa"},"content":{"rendered":"<p><a href=\"http:\/\/labestiadeportiva.com\/lbd\/wp-content\/uploads\/2021\/04\/FB_IMG_1617509230545.jpg\"><img loading=\"lazy\" class=\"aligncenter size-medium wp-image-38211\" src=\"http:\/\/labestiadeportiva.com\/lbd\/wp-content\/uploads\/2021\/04\/FB_IMG_1617509230545-230x300.jpg\" alt=\"FB_IMG_1617509230545\" width=\"230\" height=\"300\" srcset=\"http:\/\/labestiadeportiva.com\/lbd\/wp-content\/uploads\/2021\/04\/FB_IMG_1617509230545-230x300.jpg 230w, http:\/\/labestiadeportiva.com\/lbd\/wp-content\/uploads\/2021\/04\/FB_IMG_1617509230545.jpg 671w\" sizes=\"(max-width: 230px) 100vw, 230px\" \/><\/a>Luego de cumplimentar la primera etapa en tiempo record y con mucho p\u00fabl\u00edco sobre la ruta sin protocolo ni distanciamiento en lugares ic\u00f3nicos, como era de prever. se vivieron al menos entre 4 a 5 horas de incertidumbre sobre la continuidad de la 37\u00b0 edici\u00f3n. Finalmente despu\u00e9s de reuniones de las autoridades de Gobierno se dispuso acortar la segunda parte de la competencia. Se largar\u00e1 el domingo desde Tolhuin hacia R\u00edo Grande. Ariel Lenti en Moto Experto (2h 58 22) y Tom\u00e1s Barr\u00eda ATV Elite (3h 21 05) los ganadores de la Clasificaci\u00f3n General. Desde LBD te contamos detalles del primer tramo de una \u00abVuelta\u00bb envuelta en pol\u00e9micas y contradicciones. Las fotos son gentileza de Fuego Motor.<!--more--><\/p>\n<p><a href=\"http:\/\/labestiadeportiva.com\/lbd\/wp-content\/uploads\/2021\/04\/FB_IMG_16174164481101.jpg\"><img loading=\"lazy\" class=\"aligncenter size-medium wp-image-38217\" src=\"http:\/\/labestiadeportiva.com\/lbd\/wp-content\/uploads\/2021\/04\/FB_IMG_16174164481101-238x300.jpg\" alt=\"FB_IMG_1617416448110\" width=\"238\" height=\"300\" srcset=\"http:\/\/labestiadeportiva.com\/lbd\/wp-content\/uploads\/2021\/04\/FB_IMG_16174164481101-238x300.jpg 238w, http:\/\/labestiadeportiva.com\/lbd\/wp-content\/uploads\/2021\/04\/FB_IMG_16174164481101-812x1024.jpg 812w, http:\/\/labestiadeportiva.com\/lbd\/wp-content\/uploads\/2021\/04\/FB_IMG_16174164481101.jpg 1080w\" sizes=\"(max-width: 238px) 100vw, 238px\" \/><\/a>Ya desde la partida en el norte de la isla las condiciones clim\u00e1ticas comenzaron a ser adversas con la lluvia como factor principal. A medida que la carrera avanzaba en sentido sur la misma se fue tornando m\u00e1s espesa para, a la hora de cruzar el Paso Garibaldi, transformarse en una intensa nevada.<\/p>\n<p>El espect\u00e1culo de las motos qued\u00f3 en manos de Federico Vel\u00e1zquez, el primero en largar, junto a Ariel Lenti y Gast\u00f3n Mart\u00ednez. Los dos primeros entablaron un duelo impresionante que deja abierta la definici\u00f3n en Expertos y por ende la general dado que Lenti es el l\u00edder pero solo lo separan poco m\u00e1s de tres d\u00e9cimas de Vel\u00e1zquez.<\/p>\n<p>Andar demoledor de Tom\u00e1s Barr\u00eda de principio a fin que le permite una luz de doce minutos sobre su inmediato perseguidos Daniel \u00abTerrible\u00bb C\u00e1rdenas. Chac\u00f3n es tercero a 15 minutos del puntero mientras que \u00abTomy\u00bb Zentner, quien pen\u00f3 con su unidad en varios sectores del trayecto est\u00e1 5\u00b0 a casi 40 minutos de la punta.<\/p>\n<p><a href=\"http:\/\/labestiadeportiva.com\/lbd\/wp-content\/uploads\/2021\/04\/FB_IMG_1617509321352.jpg\"><img loading=\"lazy\" class=\"aligncenter size-medium wp-image-38213\" src=\"http:\/\/labestiadeportiva.com\/lbd\/wp-content\/uploads\/2021\/04\/FB_IMG_1617509321352-300x200.jpg\" alt=\"FB_IMG_1617509321352\" width=\"300\" height=\"200\" srcset=\"http:\/\/labestiadeportiva.com\/lbd\/wp-content\/uploads\/2021\/04\/FB_IMG_1617509321352-300x200.jpg 300w, http:\/\/labestiadeportiva.com\/lbd\/wp-content\/uploads\/2021\/04\/FB_IMG_1617509321352-1024x683.jpg 1024w, http:\/\/labestiadeportiva.com\/lbd\/wp-content\/uploads\/2021\/04\/FB_IMG_1617509321352.jpg 1080w\" sizes=\"(max-width: 300px) 100vw, 300px\" \/><\/a>Con la reducci\u00f3n de la segunda etapa los planes de carrera seguramente cambiar\u00e1n para muchos seg\u00fan las diferencias obtenidas en los relojes. Finalmente se correr\u00e1 media etapa m\u00e1s de una edici\u00f3n que seguramente dar\u00e1 para la pol\u00e9mica apenas se enfr\u00eden los motores. Por el esfuerzo de pilotos, equipos y organizadores nos parece bien que as\u00ed sea.<\/p>\n<p>Los podios por categor\u00edas<\/p>\n<p>ATV 4X4<br \/>\n1\u00b0 Carlos Di Natale 4h 04 38<br \/>\n2\u00b0 Facundo Carletti 4h 28 03<br \/>\n3\u00b0 Diego Vega 4h 50 02<br \/>\nATV Elite<br \/>\n1\u00b0 Tom\u00e1s Barr\u00eda 3h 21 05<br \/>\n2\u00b0 Daniel C\u00e1rdenas 3h 32 59<br \/>\n3\u00b0 Mat\u00edas Chac\u00f3n 3h 35 20<br \/>\nATV Limitada<br \/>\n1\u00b0 Nicol\u00e1s Hern\u00e1ndez 4h 51 17<br \/>\n2\u00b0 Lautaro Barr\u00eda 5h 02 03<br \/>\n3\u00b0 H\u00e9ctor Gallardo 5h 18 27<br \/>\nATV Master<br \/>\n1\u00b0 Daniel Elizondo 4h 15 28<br \/>\n2\u00b0 Favio P\u00e1ez 4h 26 59<br \/>\n3\u00b0 Jos\u00e9 Imaray 5h 20 48<br \/>\nATV Pro<br \/>\n1\u00b0 Mart\u00edn Pereira 4h 08 53<br \/>\n2\u00b0 Marcos Agnes 4h 12 26<br \/>\n3\u00b0 Arm\u00edn Baeza 4h 19 44<br \/>\nATV Damas<br \/>\n1\u00b0 Eliana Palavecino 5h 32 42<\/p>\n<p><a href=\"http:\/\/labestiadeportiva.com\/lbd\/wp-content\/uploads\/2021\/04\/FB_IMG_1617509336450.jpg\"><img loading=\"lazy\" class=\"aligncenter size-medium wp-image-38214\" src=\"http:\/\/labestiadeportiva.com\/lbd\/wp-content\/uploads\/2021\/04\/FB_IMG_1617509336450-300x200.jpg\" alt=\"FB_IMG_1617509336450\" width=\"300\" height=\"200\" srcset=\"http:\/\/labestiadeportiva.com\/lbd\/wp-content\/uploads\/2021\/04\/FB_IMG_1617509336450-300x200.jpg 300w, http:\/\/labestiadeportiva.com\/lbd\/wp-content\/uploads\/2021\/04\/FB_IMG_1617509336450-1024x683.jpg 1024w, http:\/\/labestiadeportiva.com\/lbd\/wp-content\/uploads\/2021\/04\/FB_IMG_1617509336450.jpg 1080w\" sizes=\"(max-width: 300px) 100vw, 300px\" \/><\/a>Moto Experto<br \/>\n1\u00b0 Ariel Lenti 2h 58 22 525<br \/>\n2\u00b0 Federico Vel\u00e1zquez 2h 58 22 829<br \/>\n3\u00b0 Aaron Pintos 3h 04 22<br \/>\nMoto Master \u00abA\u00bb<br \/>\n1\u00b0 Ra\u00fal Gonz\u00e1lez 3h 52 37<br \/>\n2\u00b0 Rodrigo Harding 3h 53 26<br \/>\n3\u00b0 Gonzalo Gamboa 3h 56 57<br \/>\nMoto Master \u00abB\u00bb<br \/>\n1\u00b0 Germ\u00e1n N\u00fa\u00f1ez 3h 57 02<br \/>\n2\u00b0 Carlos Escudero 4h 03 05<br \/>\n3\u00b0 Pablo Onyszczuk 4h 31 09<br \/>\nMoto Novato<br \/>\n1\u00b0 Thiago Gonz\u00e1lez 4h 07 02<br \/>\n2\u00b0 Ronny Rodr\u00edguez 4h 13 11<br \/>\n3\u00b0 Facundo Vergara 4h 32 10<br \/>\nMoto Open<br \/>\n1\u00b0 Agust\u00edn Vera 3h 18 30<br \/>\n2\u00b0 Santiago Juez 3h 23 21<br \/>\n3\u00b0 M\u00e1ximo Quinteros 3h 24 58<\/p>\n<div class='epvc-post-count'><span class='epvc-eye'><\/span>  <span class=\"epvc-count\"> 1.180<\/span><span class='epvc-label'> veces le\u00edda<\/span><\/div>\n<div class=\"jwsharethis\">\nShare this: \n<br \/>\n<a href=\"mailto:?subject=VTDF%3A%20La%20novela%20de%20Semana%20Santa&amp;body=http%3A%2F%2Flabestiadeportiva.com%2Flbd%2Fvtdf-la-novela-de-semana-santa%2F\">\n<img src=\"http:\/\/labestiadeportiva.com\/lbd\/wp-content\/plugins\/jw-share-this\/email.png\" alt=\"Share this page via Email\" \/>\n<\/a>\n<a target=\"_blank\" href=\"http:\/\/www.stumbleupon.com\/submit?url=http%3A%2F%2Flabestiadeportiva.com%2Flbd%2Fvtdf-la-novela-de-semana-santa%2F&amp;title=VTDF%3A+La+novela+de+Semana+Santa\">\n<img src=\"http:\/\/labestiadeportiva.com\/lbd\/wp-content\/plugins\/jw-share-this\/su.png\" alt=\"Share this page via Stumble Upon\" \/>\n<\/a>\n<a target=\"_blank\" href=\"http:\/\/digg.com\/submit?url=http%3A%2F%2Flabestiadeportiva.com%2Flbd%2Fvtdf-la-novela-de-semana-santa%2F&amp;title=VTDF%3A+La+novela+de+Semana+Santa\">\n<img src=\"http:\/\/labestiadeportiva.com\/lbd\/wp-content\/plugins\/jw-share-this\/digg.png\" alt=\"Share this page via Digg this\" \/>\n<\/a>\n<a target=\"_blank\" href=\"http:\/\/www.facebook.com\/sharer.php?u=http%3A%2F%2Flabestiadeportiva.com%2Flbd%2Fvtdf-la-novela-de-semana-santa%2F&amp;t=VTDF%3A+La+novela+de+Semana+Santa\">\n<img src=\"http:\/\/labestiadeportiva.com\/lbd\/wp-content\/plugins\/jw-share-this\/fb.png\" alt=\"Share this page via Facebook\" \/>\n<\/a>\n<a target=\"_blank\" href=\"http:\/\/twitter.com\/intent\/tweet?text=I+like+http%3A%2F%2Flabestiadeportiva.com%2Flbd%2Fvtdf-la-novela-de-semana-santa%2F&amp;title=VTDF%3A+La+novela+de+Semana+Santa\">\n<img src=\"http:\/\/labestiadeportiva.com\/lbd\/wp-content\/plugins\/jw-share-this\/twitter.png\" alt=\"Share this page via Twitter\" \/>\n<\/a>\n<\/div>\n","protected":false},"excerpt":{"rendered":"<p>Luego de cumplimentar la primera etapa en tiempo record y con mucho p\u00fabl\u00edco sobre la ruta sin protocolo ni distanciamiento en lugares ic\u00f3nicos, como era de prever. se vivieron al menos entre 4 a 5 horas de incertidumbre sobre la continuidad de la 37\u00b0 edici\u00f3n. Finalmente despu\u00e9s de reuniones de las autoridades de Gobierno se &hellip; <a href=\"http:\/\/labestiadeportiva.com\/lbd\/vtdf-la-novela-de-semana-santa\/\" class=\"more-link\">Seguir leyendo <span class=\"screen-reader-text\">VTDF: La novela de Semana Santa<\/span> <span class=\"meta-nav\">&rarr;<\/span><\/a><\/p>\n","protected":false},"author":1,"featured_media":38211,"comment_status":"open","ping_status":"open","sticky":false,"template":"","format":"standard","meta":[],"categories":[5,6,2159,1,4415],"tags":[2045,4473,71,4416],"_links":{"self":[{"href":"http:\/\/labestiadeportiva.com\/lbd\/wp-json\/wp\/v2\/posts\/38209"}],"collection":[{"href":"http:\/\/labestiadeportiva.com\/lbd\/wp-json\/wp\/v2\/posts"}],"about":[{"href":"http:\/\/labestiadeportiva.com\/lbd\/wp-json\/wp\/v2\/types\/post"}],"author":[{"embeddable":true,"href":"http:\/\/labestiadeportiva.com\/lbd\/wp-json\/wp\/v2\/users\/1"}],"replies":[{"embeddable":true,"href":"http:\/\/labestiadeportiva.com\/lbd\/wp-json\/wp\/v2\/comments?post=38209"}],"version-history":[{"count":5,"href":"http:\/\/labestiadeportiva.com\/lbd\/wp-json\/wp\/v2\/posts\/38209\/revisions"}],"predecessor-version":[{"id":38218,"href":"http:\/\/labestiadeportiva.com\/lbd\/wp-json\/wp\/v2\/posts\/38209\/revisions\/38218"}],"wp:featuredmedia":[{"embeddable":true,"href":"http:\/\/labestiadeportiva.com\/lbd\/wp-json\/wp\/v2\/media\/38211"}],"wp:attachment":[{"href":"http:\/\/labestiadeportiva.com\/lbd\/wp-json\/wp\/v2\/media?parent=38209"}],"wp:term":[{"taxonomy":"category","embeddable":true,"href":"http:\/\/labestiadeportiva.com\/lbd\/wp-json\/wp\/v2\/categories?post=38209"},{"taxonomy":"post_tag","embeddable":true,"href":"http:\/\/labestiadeportiva.com\/lbd\/wp-json\/wp\/v2\/tags?post=38209"}],"curies":[{"name":"wp","href":"https:\/\/api.w.org\/{rel}","templated":true}]}}