{"id":38244,"date":"2021-04-06T23:39:25","date_gmt":"2021-04-07T02:39:25","guid":{"rendered":"http:\/\/labestiadeportiva.com\/lbd\/?p=38244"},"modified":"2021-05-13T13:01:21","modified_gmt":"2021-05-13T16:01:21","slug":"es-la-primera-vez-en-mi-carrera-que-me-toca-convertir-en-dos-fechas-consecutivas-audio","status":"publish","type":"post","link":"http:\/\/labestiadeportiva.com\/lbd\/es-la-primera-vez-en-mi-carrera-que-me-toca-convertir-en-dos-fechas-consecutivas-audio\/","title":{"rendered":"\u00abEs la primera vez en mi carrera que me toca convertir en dos fechas consecutivas\u00bb (Audio)"},"content":{"rendered":"<p><a href=\"http:\/\/labestiadeportiva.com\/lbd\/wp-content\/uploads\/2021\/04\/FB_IMG_1617739468333.jpg\"><img loading=\"lazy\" src=\"http:\/\/labestiadeportiva.com\/lbd\/wp-content\/uploads\/2021\/04\/FB_IMG_1617739468333-300x230.jpg\" alt=\"FB_IMG_1617739468333\" width=\"300\" height=\"230\" class=\"aligncenter size-medium wp-image-38246\" srcset=\"http:\/\/labestiadeportiva.com\/lbd\/wp-content\/uploads\/2021\/04\/FB_IMG_1617739468333-300x230.jpg 300w, http:\/\/labestiadeportiva.com\/lbd\/wp-content\/uploads\/2021\/04\/FB_IMG_1617739468333.jpg 980w\" sizes=\"(max-width: 300px) 100vw, 300px\" \/><\/a>El defensor ushuaiense Oliver Ben\u00edtez fue uno de los goleadores de Patronato en la victoria ante Aldosivi que marc\u00f3 la finalizaci\u00f3n de una racha negativa de siete derrotas en l\u00ednea. En la previa del compromiso por Copa Argentina dialogamos con \u00e9l de su presente y actualidad del \u00abPatr\u00f3n\u00bb.<\/p>\n<p>Compartimos la entrevista lograda este martes en la 100.1 Radio Provincia.<!--more--><\/p>\n<p><iframe loading=\"lazy\" width=\"560\" height=\"315\" src=\"https:\/\/www.youtube.com\/embed\/IyLDb76HBT8\" title=\"YouTube video player\" frameborder=\"0\" allow=\"accelerometer; autoplay; clipboard-write; encrypted-media; gyroscope; picture-in-picture\" allowfullscreen><\/iframe><\/p>\n<div class='epvc-post-count'><span class='epvc-eye'><\/span>  <span class=\"epvc-count\"> 1.189<\/span><span class='epvc-label'> veces le\u00edda<\/span><\/div>\n<div class=\"jwsharethis\">\nShare this: \n<br \/>\n<a href=\"mailto:?subject=%C2%ABEs%20la%20primera%20vez%20en%20mi%20carrera%20que%20me%20toca%20convertir%20en%20dos%20fechas%20consecutivas%C2%BB%20%28Audio%29&amp;body=http%3A%2F%2Flabestiadeportiva.com%2Flbd%2Fes-la-primera-vez-en-mi-carrera-que-me-toca-convertir-en-dos-fechas-consecutivas-audio%2F\">\n<img src=\"http:\/\/labestiadeportiva.com\/lbd\/wp-content\/plugins\/jw-share-this\/email.png\" alt=\"Share this page via Email\" \/>\n<\/a>\n<a target=\"_blank\" href=\"http:\/\/www.stumbleupon.com\/submit?url=http%3A%2F%2Flabestiadeportiva.com%2Flbd%2Fes-la-primera-vez-en-mi-carrera-que-me-toca-convertir-en-dos-fechas-consecutivas-audio%2F&amp;title=%C2%ABEs+la+primera+vez+en+mi+carrera+que+me+toca+convertir+en+dos+fechas+consecutivas%C2%BB+%28Audio%29\">\n<img src=\"http:\/\/labestiadeportiva.com\/lbd\/wp-content\/plugins\/jw-share-this\/su.png\" alt=\"Share this page via Stumble Upon\" \/>\n<\/a>\n<a target=\"_blank\" href=\"http:\/\/digg.com\/submit?url=http%3A%2F%2Flabestiadeportiva.com%2Flbd%2Fes-la-primera-vez-en-mi-carrera-que-me-toca-convertir-en-dos-fechas-consecutivas-audio%2F&amp;title=%C2%ABEs+la+primera+vez+en+mi+carrera+que+me+toca+convertir+en+dos+fechas+consecutivas%C2%BB+%28Audio%29\">\n<img src=\"http:\/\/labestiadeportiva.com\/lbd\/wp-content\/plugins\/jw-share-this\/digg.png\" alt=\"Share this page via Digg this\" \/>\n<\/a>\n<a target=\"_blank\" href=\"http:\/\/www.facebook.com\/sharer.php?u=http%3A%2F%2Flabestiadeportiva.com%2Flbd%2Fes-la-primera-vez-en-mi-carrera-que-me-toca-convertir-en-dos-fechas-consecutivas-audio%2F&amp;t=%C2%ABEs+la+primera+vez+en+mi+carrera+que+me+toca+convertir+en+dos+fechas+consecutivas%C2%BB+%28Audio%29\">\n<img src=\"http:\/\/labestiadeportiva.com\/lbd\/wp-content\/plugins\/jw-share-this\/fb.png\" alt=\"Share this page via Facebook\" \/>\n<\/a>\n<a target=\"_blank\" href=\"http:\/\/twitter.com\/intent\/tweet?text=I+like+http%3A%2F%2Flabestiadeportiva.com%2Flbd%2Fes-la-primera-vez-en-mi-carrera-que-me-toca-convertir-en-dos-fechas-consecutivas-audio%2F&amp;title=%C2%ABEs+la+primera+vez+en+mi+carrera+que+me+toca+convertir+en+dos+fechas+consecutivas%C2%BB+%28Audio%29\">\n<img src=\"http:\/\/labestiadeportiva.com\/lbd\/wp-content\/plugins\/jw-share-this\/twitter.png\" alt=\"Share this page via Twitter\" \/>\n<\/a>\n<\/div>\n","protected":false},"excerpt":{"rendered":"<p>El defensor ushuaiense Oliver Ben\u00edtez fue uno de los goleadores de Patronato en la victoria ante Aldosivi que marc\u00f3 la finalizaci\u00f3n de una racha negativa de siete derrotas en l\u00ednea. En la previa del compromiso por Copa Argentina dialogamos con \u00e9l de su presente y actualidad del \u00abPatr\u00f3n\u00bb. Compartimos la entrevista lograda este martes en &hellip; <a href=\"http:\/\/labestiadeportiva.com\/lbd\/es-la-primera-vez-en-mi-carrera-que-me-toca-convertir-en-dos-fechas-consecutivas-audio\/\" class=\"more-link\">Seguir leyendo <span class=\"screen-reader-text\">\u00abEs la primera vez en mi carrera que me toca convertir en dos fechas consecutivas\u00bb (Audio)<\/span> <span class=\"meta-nav\">&rarr;<\/span><\/a><\/p>\n","protected":false},"author":1,"featured_media":38246,"comment_status":"open","ping_status":"open","sticky":false,"template":"","format":"standard","meta":[],"categories":[5,6,60,393,1987,4353,1],"tags":[2268],"_links":{"self":[{"href":"http:\/\/labestiadeportiva.com\/lbd\/wp-json\/wp\/v2\/posts\/38244"}],"collection":[{"href":"http:\/\/labestiadeportiva.com\/lbd\/wp-json\/wp\/v2\/posts"}],"about":[{"href":"http:\/\/labestiadeportiva.com\/lbd\/wp-json\/wp\/v2\/types\/post"}],"author":[{"embeddable":true,"href":"http:\/\/labestiadeportiva.com\/lbd\/wp-json\/wp\/v2\/users\/1"}],"replies":[{"embeddable":true,"href":"http:\/\/labestiadeportiva.com\/lbd\/wp-json\/wp\/v2\/comments?post=38244"}],"version-history":[{"count":3,"href":"http:\/\/labestiadeportiva.com\/lbd\/wp-json\/wp\/v2\/posts\/38244\/revisions"}],"predecessor-version":[{"id":38248,"href":"http:\/\/labestiadeportiva.com\/lbd\/wp-json\/wp\/v2\/posts\/38244\/revisions\/38248"}],"wp:featuredmedia":[{"embeddable":true,"href":"http:\/\/labestiadeportiva.com\/lbd\/wp-json\/wp\/v2\/media\/38246"}],"wp:attachment":[{"href":"http:\/\/labestiadeportiva.com\/lbd\/wp-json\/wp\/v2\/media?parent=38244"}],"wp:term":[{"taxonomy":"category","embeddable":true,"href":"http:\/\/labestiadeportiva.com\/lbd\/wp-json\/wp\/v2\/categories?post=38244"},{"taxonomy":"post_tag","embeddable":true,"href":"http:\/\/labestiadeportiva.com\/lbd\/wp-json\/wp\/v2\/tags?post=38244"}],"curies":[{"name":"wp","href":"https:\/\/api.w.org\/{rel}","templated":true}]}}