{"id":38249,"date":"2021-04-07T08:32:57","date_gmt":"2021-04-07T11:32:57","guid":{"rendered":"http:\/\/labestiadeportiva.com\/lbd\/?p=38249"},"modified":"2021-04-07T08:32:57","modified_gmt":"2021-04-07T11:32:57","slug":"el-futbol-argentino-a-fase-1","status":"publish","type":"post","link":"http:\/\/labestiadeportiva.com\/lbd\/el-futbol-argentino-a-fase-1\/","title":{"rendered":"El F\u00fatbol Argentino a Fase 1"},"content":{"rendered":"<p>Por Javier Nicol\u00e1s Baroli (Corresponsal LBD en R\u00edo Gallegos)<\/p>\n<p><a href=\"http:\/\/labestiadeportiva.com\/lbd\/wp-content\/uploads\/2021\/04\/IMG-20210407-WA0007.jpg\"><img loading=\"lazy\" src=\"http:\/\/labestiadeportiva.com\/lbd\/wp-content\/uploads\/2021\/04\/IMG-20210407-WA0007-300x185.jpg\" alt=\"IMG-20210407-WA0007\" width=\"300\" height=\"185\" class=\"aligncenter size-medium wp-image-38250\" srcset=\"http:\/\/labestiadeportiva.com\/lbd\/wp-content\/uploads\/2021\/04\/IMG-20210407-WA0007-300x185.jpg 300w, http:\/\/labestiadeportiva.com\/lbd\/wp-content\/uploads\/2021\/04\/IMG-20210407-WA0007.jpg 760w\" sizes=\"(max-width: 300px) 100vw, 300px\" \/><\/a>As\u00ed lo adelantaron desde la AFA. Las medidas ser\u00e1n las mismas que las adoptadas el 10 de Agosto pasado. <!--more--><\/p>\n<p>Los contagios por Coronavirus en medio de una incipiente nueva ola de la enfermedad en la Argentina, golpea fuertemente al f\u00fatbol, con varios brotes en la mayor\u00eda de los clubes, dejando a los equipos con muchos problemas a la hora de armar sus planteles para afrontar sus respectivos partidos. <\/p>\n<p>Por lo tanto, el Comit\u00e9 Ejecutivo de la Asociaci\u00f3n del F\u00fatbol Argentino (AFA) decidi\u00f3 este martes algunas medidas paliativas ante este aumento exponencial de casos: a partir de ahora, los jugadores deber\u00e1n ir a entrenar en su auto particular, sin concentraciones y sin acceder a los vestuarios. Esta medida abarca al f\u00fatbol de Primera Divisi\u00f3n (Liga Profesional Argentina) y todas las categor\u00edas de ascensos. <\/p>\n<p>El comunicado de AFA: <\/p>\n<p>La Asociaci\u00f3n del F\u00fatbol Argentino, a trav\u00e9s de su Comit\u00e9 Ejecutivo, expresa su profunda preocupaci\u00f3n en atenci\u00f3n a la cantidad creciente de casos de Covid 19, tanto en la sociedad como en los diferentes equipos de nuestro f\u00fatbol. En consonancia con los lineamientos de la pol\u00edtica sanitaria llevada adelante por el Gobierno Nacional, esta asociaci\u00f3n insta a los clubes, jugadores y jugadoras, miembros de las instituciones y a toda la familia del f\u00fatbol en general, a cumplir de forma estricta con los protocolos sanitarios oportunamente aprobados. <\/p>\n<p>La AFA, a partir de los pr\u00f3ximos d\u00edas, realizar\u00e1 inspecciones para corroborar el exhaustivo cumplimiento de todas las medidas. De no cumplirse las mismas, se elevar\u00e1 un informe al Tribunal de Disciplina a fin de que obre conforme su competencia.<\/p>\n<div class='epvc-post-count'><span class='epvc-eye'><\/span>  <span class=\"epvc-count\"> 1.171<\/span><span class='epvc-label'> veces le\u00edda<\/span><\/div>\n<div class=\"jwsharethis\">\nShare this: \n<br \/>\n<a href=\"mailto:?subject=El%20F%C3%BAtbol%20Argentino%20a%20Fase%201&amp;body=http%3A%2F%2Flabestiadeportiva.com%2Flbd%2Fel-futbol-argentino-a-fase-1%2F\">\n<img src=\"http:\/\/labestiadeportiva.com\/lbd\/wp-content\/plugins\/jw-share-this\/email.png\" alt=\"Share this page via Email\" \/>\n<\/a>\n<a target=\"_blank\" href=\"http:\/\/www.stumbleupon.com\/submit?url=http%3A%2F%2Flabestiadeportiva.com%2Flbd%2Fel-futbol-argentino-a-fase-1%2F&amp;title=El+F%C3%BAtbol+Argentino+a+Fase+1\">\n<img src=\"http:\/\/labestiadeportiva.com\/lbd\/wp-content\/plugins\/jw-share-this\/su.png\" alt=\"Share this page via Stumble Upon\" \/>\n<\/a>\n<a target=\"_blank\" href=\"http:\/\/digg.com\/submit?url=http%3A%2F%2Flabestiadeportiva.com%2Flbd%2Fel-futbol-argentino-a-fase-1%2F&amp;title=El+F%C3%BAtbol+Argentino+a+Fase+1\">\n<img src=\"http:\/\/labestiadeportiva.com\/lbd\/wp-content\/plugins\/jw-share-this\/digg.png\" alt=\"Share this page via Digg this\" \/>\n<\/a>\n<a target=\"_blank\" href=\"http:\/\/www.facebook.com\/sharer.php?u=http%3A%2F%2Flabestiadeportiva.com%2Flbd%2Fel-futbol-argentino-a-fase-1%2F&amp;t=El+F%C3%BAtbol+Argentino+a+Fase+1\">\n<img src=\"http:\/\/labestiadeportiva.com\/lbd\/wp-content\/plugins\/jw-share-this\/fb.png\" alt=\"Share this page via Facebook\" \/>\n<\/a>\n<a target=\"_blank\" href=\"http:\/\/twitter.com\/intent\/tweet?text=I+like+http%3A%2F%2Flabestiadeportiva.com%2Flbd%2Fel-futbol-argentino-a-fase-1%2F&amp;title=El+F%C3%BAtbol+Argentino+a+Fase+1\">\n<img src=\"http:\/\/labestiadeportiva.com\/lbd\/wp-content\/plugins\/jw-share-this\/twitter.png\" alt=\"Share this page via Twitter\" \/>\n<\/a>\n<\/div>\n","protected":false},"excerpt":{"rendered":"<p>Por Javier Nicol\u00e1s Baroli (Corresponsal LBD en R\u00edo Gallegos) As\u00ed lo adelantaron desde la AFA. Las medidas ser\u00e1n las mismas que las adoptadas el 10 de Agosto pasado. 1.171 veces le\u00edda Share this:<\/p>\n","protected":false},"author":1,"featured_media":38250,"comment_status":"open","ping_status":"open","sticky":false,"template":"","format":"standard","meta":[],"categories":[6,1987,4353,1],"tags":[4474,61,3660],"_links":{"self":[{"href":"http:\/\/labestiadeportiva.com\/lbd\/wp-json\/wp\/v2\/posts\/38249"}],"collection":[{"href":"http:\/\/labestiadeportiva.com\/lbd\/wp-json\/wp\/v2\/posts"}],"about":[{"href":"http:\/\/labestiadeportiva.com\/lbd\/wp-json\/wp\/v2\/types\/post"}],"author":[{"embeddable":true,"href":"http:\/\/labestiadeportiva.com\/lbd\/wp-json\/wp\/v2\/users\/1"}],"replies":[{"embeddable":true,"href":"http:\/\/labestiadeportiva.com\/lbd\/wp-json\/wp\/v2\/comments?post=38249"}],"version-history":[{"count":1,"href":"http:\/\/labestiadeportiva.com\/lbd\/wp-json\/wp\/v2\/posts\/38249\/revisions"}],"predecessor-version":[{"id":38251,"href":"http:\/\/labestiadeportiva.com\/lbd\/wp-json\/wp\/v2\/posts\/38249\/revisions\/38251"}],"wp:featuredmedia":[{"embeddable":true,"href":"http:\/\/labestiadeportiva.com\/lbd\/wp-json\/wp\/v2\/media\/38250"}],"wp:attachment":[{"href":"http:\/\/labestiadeportiva.com\/lbd\/wp-json\/wp\/v2\/media?parent=38249"}],"wp:term":[{"taxonomy":"category","embeddable":true,"href":"http:\/\/labestiadeportiva.com\/lbd\/wp-json\/wp\/v2\/categories?post=38249"},{"taxonomy":"post_tag","embeddable":true,"href":"http:\/\/labestiadeportiva.com\/lbd\/wp-json\/wp\/v2\/tags?post=38249"}],"curies":[{"name":"wp","href":"https:\/\/api.w.org\/{rel}","templated":true}]}}