{"id":38311,"date":"2021-04-14T20:55:07","date_gmt":"2021-04-14T23:55:07","guid":{"rendered":"http:\/\/labestiadeportiva.com\/lbd\/?p=38311"},"modified":"2021-05-13T13:00:00","modified_gmt":"2021-05-13T16:00:00","slug":"me-anime-tome-la-decision-compre-un-ford-ka-y-voy-a-estar-en-la-categoria-d-de-apitur-audio","status":"publish","type":"post","link":"http:\/\/labestiadeportiva.com\/lbd\/me-anime-tome-la-decision-compre-un-ford-ka-y-voy-a-estar-en-la-categoria-d-de-apitur-audio\/","title":{"rendered":"\u00abMe anim\u00e9, tom\u00e9 la decisi\u00f3n, compr\u00e9 un Ford KA y voy a estar en la categor\u00eda \u00abD\u00bb de APITUR\u00bb (Audio)"},"content":{"rendered":"<p><a href=\"http:\/\/labestiadeportiva.com\/lbd\/wp-content\/uploads\/2021\/04\/IMG-20210414-WA0048.jpg\"><img loading=\"lazy\" src=\"http:\/\/labestiadeportiva.com\/lbd\/wp-content\/uploads\/2021\/04\/IMG-20210414-WA0048-225x300.jpg\" alt=\"IMG-20210414-WA0048\" width=\"225\" height=\"300\" class=\"aligncenter size-medium wp-image-38313\" srcset=\"http:\/\/labestiadeportiva.com\/lbd\/wp-content\/uploads\/2021\/04\/IMG-20210414-WA0048-225x300.jpg 225w, http:\/\/labestiadeportiva.com\/lbd\/wp-content\/uploads\/2021\/04\/IMG-20210414-WA0048.jpg 768w\" sizes=\"(max-width: 225px) 100vw, 225px\" \/><\/a><br \/>\nEl piloto ushuaiense Luciano \u00abLucho\u00bb Preto, confirm\u00f3 su llegada al Rally Fueguino. En la actualidad se encuentra trabajando en su unidad con miras a sumarse al campeonato en la segunda fecha. Ayrton Pavlov ser\u00e1 su navegante. <\/p>\n<p>Los detalles en la nota lograda este mi\u00e9rcoles en la 94.1 FM del Sur.<!--more--><\/p>\n<p><iframe loading=\"lazy\" width=\"560\" height=\"315\" src=\"https:\/\/www.youtube.com\/embed\/t8YEoQEt5vk\" title=\"YouTube video player\" frameborder=\"0\" allow=\"accelerometer; autoplay; clipboard-write; encrypted-media; gyroscope; picture-in-picture\" allowfullscreen><\/iframe><\/p>\n<div class='epvc-post-count'><span class='epvc-eye'><\/span>  <span class=\"epvc-count\"> 1.091<\/span><span class='epvc-label'> veces le\u00edda<\/span><\/div>\n<div class=\"jwsharethis\">\nShare this: \n<br \/>\n<a href=\"mailto:?subject=%C2%ABMe%20anim%C3%A9%2C%20tom%C3%A9%20la%20decisi%C3%B3n%2C%20compr%C3%A9%20un%20Ford%20KA%20y%20voy%20a%20estar%20en%20la%20categor%C3%ADa%20%C2%ABD%C2%BB%20de%20APITUR%C2%BB%20%28Audio%29&amp;body=http%3A%2F%2Flabestiadeportiva.com%2Flbd%2Fme-anime-tome-la-decision-compre-un-ford-ka-y-voy-a-estar-en-la-categoria-d-de-apitur-audio%2F\">\n<img src=\"http:\/\/labestiadeportiva.com\/lbd\/wp-content\/plugins\/jw-share-this\/email.png\" alt=\"Share this page via Email\" \/>\n<\/a>\n<a target=\"_blank\" href=\"http:\/\/www.stumbleupon.com\/submit?url=http%3A%2F%2Flabestiadeportiva.com%2Flbd%2Fme-anime-tome-la-decision-compre-un-ford-ka-y-voy-a-estar-en-la-categoria-d-de-apitur-audio%2F&amp;title=%C2%ABMe+anim%C3%A9%2C+tom%C3%A9+la+decisi%C3%B3n%2C+compr%C3%A9+un+Ford+KA+y+voy+a+estar+en+la+categor%C3%ADa+%C2%ABD%C2%BB+de+APITUR%C2%BB+%28Audio%29\">\n<img src=\"http:\/\/labestiadeportiva.com\/lbd\/wp-content\/plugins\/jw-share-this\/su.png\" alt=\"Share this page via Stumble Upon\" \/>\n<\/a>\n<a target=\"_blank\" href=\"http:\/\/digg.com\/submit?url=http%3A%2F%2Flabestiadeportiva.com%2Flbd%2Fme-anime-tome-la-decision-compre-un-ford-ka-y-voy-a-estar-en-la-categoria-d-de-apitur-audio%2F&amp;title=%C2%ABMe+anim%C3%A9%2C+tom%C3%A9+la+decisi%C3%B3n%2C+compr%C3%A9+un+Ford+KA+y+voy+a+estar+en+la+categor%C3%ADa+%C2%ABD%C2%BB+de+APITUR%C2%BB+%28Audio%29\">\n<img src=\"http:\/\/labestiadeportiva.com\/lbd\/wp-content\/plugins\/jw-share-this\/digg.png\" alt=\"Share this page via Digg this\" \/>\n<\/a>\n<a target=\"_blank\" href=\"http:\/\/www.facebook.com\/sharer.php?u=http%3A%2F%2Flabestiadeportiva.com%2Flbd%2Fme-anime-tome-la-decision-compre-un-ford-ka-y-voy-a-estar-en-la-categoria-d-de-apitur-audio%2F&amp;t=%C2%ABMe+anim%C3%A9%2C+tom%C3%A9+la+decisi%C3%B3n%2C+compr%C3%A9+un+Ford+KA+y+voy+a+estar+en+la+categor%C3%ADa+%C2%ABD%C2%BB+de+APITUR%C2%BB+%28Audio%29\">\n<img src=\"http:\/\/labestiadeportiva.com\/lbd\/wp-content\/plugins\/jw-share-this\/fb.png\" alt=\"Share this page via Facebook\" \/>\n<\/a>\n<a target=\"_blank\" href=\"http:\/\/twitter.com\/intent\/tweet?text=I+like+http%3A%2F%2Flabestiadeportiva.com%2Flbd%2Fme-anime-tome-la-decision-compre-un-ford-ka-y-voy-a-estar-en-la-categoria-d-de-apitur-audio%2F&amp;title=%C2%ABMe+anim%C3%A9%2C+tom%C3%A9+la+decisi%C3%B3n%2C+compr%C3%A9+un+Ford+KA+y+voy+a+estar+en+la+categor%C3%ADa+%C2%ABD%C2%BB+de+APITUR%C2%BB+%28Audio%29\">\n<img src=\"http:\/\/labestiadeportiva.com\/lbd\/wp-content\/plugins\/jw-share-this\/twitter.png\" alt=\"Share this page via Twitter\" \/>\n<\/a>\n<\/div>\n","protected":false},"excerpt":{"rendered":"<p>El piloto ushuaiense Luciano \u00abLucho\u00bb Preto, confirm\u00f3 su llegada al Rally Fueguino. En la actualidad se encuentra trabajando en su unidad con miras a sumarse al campeonato en la segunda fecha. Ayrton Pavlov ser\u00e1 su navegante. Los detalles en la nota lograda este mi\u00e9rcoles en la 94.1 FM del Sur. 1.091 veces le\u00edda Share this:<\/p>\n","protected":false},"author":1,"featured_media":38313,"comment_status":"open","ping_status":"open","sticky":false,"template":"","format":"standard","meta":[],"categories":[5,60,1,4141],"tags":[2081,2268,86,554,581],"_links":{"self":[{"href":"http:\/\/labestiadeportiva.com\/lbd\/wp-json\/wp\/v2\/posts\/38311"}],"collection":[{"href":"http:\/\/labestiadeportiva.com\/lbd\/wp-json\/wp\/v2\/posts"}],"about":[{"href":"http:\/\/labestiadeportiva.com\/lbd\/wp-json\/wp\/v2\/types\/post"}],"author":[{"embeddable":true,"href":"http:\/\/labestiadeportiva.com\/lbd\/wp-json\/wp\/v2\/users\/1"}],"replies":[{"embeddable":true,"href":"http:\/\/labestiadeportiva.com\/lbd\/wp-json\/wp\/v2\/comments?post=38311"}],"version-history":[{"count":2,"href":"http:\/\/labestiadeportiva.com\/lbd\/wp-json\/wp\/v2\/posts\/38311\/revisions"}],"predecessor-version":[{"id":38314,"href":"http:\/\/labestiadeportiva.com\/lbd\/wp-json\/wp\/v2\/posts\/38311\/revisions\/38314"}],"wp:featuredmedia":[{"embeddable":true,"href":"http:\/\/labestiadeportiva.com\/lbd\/wp-json\/wp\/v2\/media\/38313"}],"wp:attachment":[{"href":"http:\/\/labestiadeportiva.com\/lbd\/wp-json\/wp\/v2\/media?parent=38311"}],"wp:term":[{"taxonomy":"category","embeddable":true,"href":"http:\/\/labestiadeportiva.com\/lbd\/wp-json\/wp\/v2\/categories?post=38311"},{"taxonomy":"post_tag","embeddable":true,"href":"http:\/\/labestiadeportiva.com\/lbd\/wp-json\/wp\/v2\/tags?post=38311"}],"curies":[{"name":"wp","href":"https:\/\/api.w.org\/{rel}","templated":true}]}}