{"id":3850,"date":"2013-04-10T17:53:54","date_gmt":"2013-04-10T17:53:54","guid":{"rendered":"http:\/\/labestiadeportiva.com\/lbd\/?p=3850"},"modified":"2013-04-10T17:53:54","modified_gmt":"2013-04-10T17:53:54","slug":"subir-un-nivel-mas","status":"publish","type":"post","link":"http:\/\/labestiadeportiva.com\/lbd\/subir-un-nivel-mas\/","title":{"rendered":"\u00abSubir un nivel m\u00e1s\u00bb"},"content":{"rendered":"<p><em>Por Mauricio Zentner Lavori (Corresponsal LBD en Buenos Aires)<\/em><\/p>\n<p>El basquetbolista fueguino Gonzalo Peralta encara una nueva temporada en las filas de Gimnasia y Esgrima de Buenos Aires y espera mejorar la gran actuaci\u00f3n del a\u00f1o pasado. En contacto exclusivo con nosotros hace un repaso de objetivos, expectativas y metas con las que aspira cumplir en 2013.<\/p>\n<figure id=\"attachment_3851\" aria-describedby=\"caption-attachment-3851\" style=\"width: 540px\" class=\"wp-caption aligncenter\"><a href=\"http:\/\/labestiadeportiva.com\/lbd\/wp-content\/uploads\/2013\/04\/MZL-22.jpg\"><img loading=\"lazy\" class=\" wp-image-3851\" title=\"MZL 2\" src=\"http:\/\/labestiadeportiva.com\/lbd\/wp-content\/uploads\/2013\/04\/MZL-22.jpg\" alt=\"\" width=\"540\" height=\"210\" srcset=\"http:\/\/labestiadeportiva.com\/lbd\/wp-content\/uploads\/2013\/04\/MZL-22.jpg 900w, http:\/\/labestiadeportiva.com\/lbd\/wp-content\/uploads\/2013\/04\/MZL-22-300x116.jpg 300w\" sizes=\"(max-width: 540px) 100vw, 540px\" \/><\/a><figcaption id=\"caption-attachment-3851\" class=\"wp-caption-text\">Foto: Esteban Romani<\/figcaption><\/figure>\n<p><!--more Nota completa--><\/p>\n<p><span style=\"font-size: 13px;\">Platense, con un plantel m\u00e1s numeroso, fue el escollo que acab\u00f3 con el sue\u00f1o de GEBA en semifinales del Torneo de la Capital Federal la temporada que pas\u00f3. Hoy, a minutos de iniciar el camino 2013, Gimnasia y Esgrima de Buenos Aires aspira a encontrar esos resultados que lo depositen en el Torneo Federal.<\/span><\/p>\n<p>El licenciado Gonzalo Peralta, un fueguino que supo representar de la mejor manera a Tierra del Fuego en los Juegos de la Araucan\u00eda y ya recibido de sus estudios, volver\u00e1 a encarar un a\u00f1o con actividad deportiva plena: <span style=\"color: #ff0000;\">\u201cArregl\u00e9 una temporada m\u00e1s a fines de 2012 y estoy empezando mi quinto a\u00f1o en GEBA. Las expectativas son mejorar lo hecho el a\u00f1o pasado -semifinales- y ver si se puede dar un salto de categor\u00eda que el club se lo merece y es lo que est\u00e1 buscando\u201d<\/span>.<\/p>\n<p>Sin dudas, la pretemporada siempre es pilar fundamental para los resultados que vienen m\u00e1s tarde y el ushuaiense tambi\u00e9n se encarg\u00f3 de dejarlo en claro: <span style=\"color: #ff0000;\">\u201cLa pretemporada empez\u00f3 los primeros d\u00edas de febrero dentro del club y dur\u00f3 aproximadamente un mes combinada con una serie de partidos amistosos (River, Independiente y Comunicaciones, entre otros). De todos modos, yo hice una especie de pretemporada personal en Mar del Plata para llegar bien f\u00edsicamente a este torneo dado que el a\u00f1o anterior no lo estuve y reci\u00e9n tom\u00e9 ritmo para fin de temporada as\u00ed que la idea para este campeonato es no dar ninguna ventaja\u201d<\/span>.<\/p>\n<p>Y a\u00f1adi\u00f3 analizando sus expectativas: <span style=\"color: #ff0000;\">\u201cEl a\u00f1o pasado nos dej\u00f3 la vara muy alta para superar y el objetivo al cort\u00edsimo plazo es lograr que lo que se viene diagramando se plasme en la cancha con un buen juego colectivo. Est\u00e1 de m\u00e1s agregar que, como en todos los deportes, los que mandan son los resultados y de nada sirve si estos no se alcanzan\u201d<\/span>.<\/p>\n<p>Con un calendario que se puso confuso tras el aplazo de la primera fecha que deb\u00eda arrancar este fin de semana y se pospuso para el Viernes 19, el certamen de la Capital Federal promete ser duro como siempre pero el \u201cChino\u201d tiene su objetivo claro: <span style=\"color: #ff0000;\">\u201cMi idea es, al igual que en lo colectivo, jugar un nivel m\u00e1s. Hace ya varios a\u00f1os que me vengo preparando para eso pero me limitaba tener que conseguir un club que solo sea de Capital debido al estudio. Igual, soy consciente que para que eso suceda tengo que rendir de la mejor manera en GEBA y trabajar para eso. Nadie te regala nada as\u00ed que en eso me concentro ahora\u201d<\/span>.<\/p>\n<p>Con la cabeza puesta en Hurac\u00e1n de San Justo, primer obst\u00e1culo en el camino hacia el Torneo Federal, y luego en Gimnasia y Esgrima de Villa del Parque, recientemente descendido, Gonzalo Peralta Chapperon planifica en grande.<\/p>\n<figure id=\"attachment_3852\" aria-describedby=\"caption-attachment-3852\" style=\"width: 540px\" class=\"wp-caption aligncenter\"><a href=\"http:\/\/labestiadeportiva.com\/lbd\/wp-content\/uploads\/2013\/04\/MZL1.jpg\"><img loading=\"lazy\" class=\" wp-image-3852 \" title=\"MZL\" src=\"http:\/\/labestiadeportiva.com\/lbd\/wp-content\/uploads\/2013\/04\/MZL1.jpg\" alt=\"\" width=\"540\" height=\"210\" srcset=\"http:\/\/labestiadeportiva.com\/lbd\/wp-content\/uploads\/2013\/04\/MZL1.jpg 900w, http:\/\/labestiadeportiva.com\/lbd\/wp-content\/uploads\/2013\/04\/MZL1-300x116.jpg 300w\" sizes=\"(max-width: 540px) 100vw, 540px\" \/><\/a><figcaption id=\"caption-attachment-3852\" class=\"wp-caption-text\">El plantel 2012 que consigui\u00f3 las semifinales<\/figcaption><\/figure>\n<div class='epvc-post-count'><span class='epvc-eye'><\/span>  <span class=\"epvc-count\"> 1.023<\/span><span class='epvc-label'> veces le\u00edda<\/span><\/div>\n<div class=\"jwsharethis\">\nShare this: \n<br \/>\n<a href=\"mailto:?subject=%C2%ABSubir%20un%20nivel%20m%C3%A1s%C2%BB&amp;body=http%3A%2F%2Flabestiadeportiva.com%2Flbd%2Fsubir-un-nivel-mas%2F\">\n<img src=\"http:\/\/labestiadeportiva.com\/lbd\/wp-content\/plugins\/jw-share-this\/email.png\" alt=\"Share this page via Email\" \/>\n<\/a>\n<a target=\"_blank\" href=\"http:\/\/www.stumbleupon.com\/submit?url=http%3A%2F%2Flabestiadeportiva.com%2Flbd%2Fsubir-un-nivel-mas%2F&amp;title=%C2%ABSubir+un+nivel+m%C3%A1s%C2%BB\">\n<img src=\"http:\/\/labestiadeportiva.com\/lbd\/wp-content\/plugins\/jw-share-this\/su.png\" alt=\"Share this page via Stumble Upon\" \/>\n<\/a>\n<a target=\"_blank\" href=\"http:\/\/digg.com\/submit?url=http%3A%2F%2Flabestiadeportiva.com%2Flbd%2Fsubir-un-nivel-mas%2F&amp;title=%C2%ABSubir+un+nivel+m%C3%A1s%C2%BB\">\n<img src=\"http:\/\/labestiadeportiva.com\/lbd\/wp-content\/plugins\/jw-share-this\/digg.png\" alt=\"Share this page via Digg this\" \/>\n<\/a>\n<a target=\"_blank\" href=\"http:\/\/www.facebook.com\/sharer.php?u=http%3A%2F%2Flabestiadeportiva.com%2Flbd%2Fsubir-un-nivel-mas%2F&amp;t=%C2%ABSubir+un+nivel+m%C3%A1s%C2%BB\">\n<img src=\"http:\/\/labestiadeportiva.com\/lbd\/wp-content\/plugins\/jw-share-this\/fb.png\" alt=\"Share this page via Facebook\" \/>\n<\/a>\n<a target=\"_blank\" href=\"http:\/\/twitter.com\/intent\/tweet?text=I+like+http%3A%2F%2Flabestiadeportiva.com%2Flbd%2Fsubir-un-nivel-mas%2F&amp;title=%C2%ABSubir+un+nivel+m%C3%A1s%C2%BB\">\n<img src=\"http:\/\/labestiadeportiva.com\/lbd\/wp-content\/plugins\/jw-share-this\/twitter.png\" alt=\"Share this page via Twitter\" \/>\n<\/a>\n<\/div>\n","protected":false},"excerpt":{"rendered":"<p>Por Mauricio Zentner Lavori (Corresponsal LBD en Buenos Aires) El basquetbolista fueguino Gonzalo Peralta encara una nueva temporada en las filas de Gimnasia y Esgrima de Buenos Aires y espera mejorar la gran actuaci\u00f3n del a\u00f1o pasado. En contacto exclusivo con nosotros hace un repaso de objetivos, expectativas y metas con las que aspira cumplir &hellip; <a href=\"http:\/\/labestiadeportiva.com\/lbd\/subir-un-nivel-mas\/\" class=\"more-link\">Seguir leyendo <span class=\"screen-reader-text\">\u00abSubir un nivel m\u00e1s\u00bb<\/span> <span class=\"meta-nav\">&rarr;<\/span><\/a><\/p>\n","protected":false},"author":1,"featured_media":3851,"comment_status":"open","ping_status":"open","sticky":false,"template":"","format":"standard","meta":[],"categories":[5,6,1],"tags":[171,549,548,547],"_links":{"self":[{"href":"http:\/\/labestiadeportiva.com\/lbd\/wp-json\/wp\/v2\/posts\/3850"}],"collection":[{"href":"http:\/\/labestiadeportiva.com\/lbd\/wp-json\/wp\/v2\/posts"}],"about":[{"href":"http:\/\/labestiadeportiva.com\/lbd\/wp-json\/wp\/v2\/types\/post"}],"author":[{"embeddable":true,"href":"http:\/\/labestiadeportiva.com\/lbd\/wp-json\/wp\/v2\/users\/1"}],"replies":[{"embeddable":true,"href":"http:\/\/labestiadeportiva.com\/lbd\/wp-json\/wp\/v2\/comments?post=3850"}],"version-history":[{"count":1,"href":"http:\/\/labestiadeportiva.com\/lbd\/wp-json\/wp\/v2\/posts\/3850\/revisions"}],"predecessor-version":[{"id":3853,"href":"http:\/\/labestiadeportiva.com\/lbd\/wp-json\/wp\/v2\/posts\/3850\/revisions\/3853"}],"wp:featuredmedia":[{"embeddable":true,"href":"http:\/\/labestiadeportiva.com\/lbd\/wp-json\/wp\/v2\/media\/3851"}],"wp:attachment":[{"href":"http:\/\/labestiadeportiva.com\/lbd\/wp-json\/wp\/v2\/media?parent=3850"}],"wp:term":[{"taxonomy":"category","embeddable":true,"href":"http:\/\/labestiadeportiva.com\/lbd\/wp-json\/wp\/v2\/categories?post=3850"},{"taxonomy":"post_tag","embeddable":true,"href":"http:\/\/labestiadeportiva.com\/lbd\/wp-json\/wp\/v2\/tags?post=3850"}],"curies":[{"name":"wp","href":"https:\/\/api.w.org\/{rel}","templated":true}]}}