{"id":38672,"date":"2021-05-18T09:28:16","date_gmt":"2021-05-18T12:28:16","guid":{"rendered":"http:\/\/labestiadeportiva.com\/lbd\/?p=38672"},"modified":"2021-05-18T16:45:20","modified_gmt":"2021-05-18T19:45:20","slug":"camioneros-grito-campeon-en-los-penales","status":"publish","type":"post","link":"http:\/\/labestiadeportiva.com\/lbd\/camioneros-grito-campeon-en-los-penales\/","title":{"rendered":"Camioneros grit\u00f3 campe\u00f3n en los penales"},"content":{"rendered":"<p><a href=\"http:\/\/labestiadeportiva.com\/lbd\/wp-content\/uploads\/2021\/05\/IMG_20210516_151610216.jpg\"><img loading=\"lazy\" src=\"http:\/\/labestiadeportiva.com\/lbd\/wp-content\/uploads\/2021\/05\/IMG_20210516_151610216-300x225.jpg\" alt=\"IMG_20210516_151610216\" width=\"300\" height=\"225\" class=\"aligncenter size-medium wp-image-38673\" srcset=\"http:\/\/labestiadeportiva.com\/lbd\/wp-content\/uploads\/2021\/05\/IMG_20210516_151610216-300x225.jpg 300w, http:\/\/labestiadeportiva.com\/lbd\/wp-content\/uploads\/2021\/05\/IMG_20210516_151610216-1024x768.jpg 1024w\" sizes=\"(max-width: 300px) 100vw, 300px\" \/><\/a><br \/>\nDefinici\u00f3n para el Torneo Apertura de f\u00fatbol \u00abJos\u00e9 Guala\u00bb. Camioneros y CAEF igualaron en un tanto en tiempo reglamentario a trav\u00e9s de los goles de Fern\u00e1ndez y Zalazar. En la definici\u00f3n desde el punto del penal Eduardo Di Lella, arquero y capit\u00e1n transportista, le contuvo los disparos a Aguilar y Pastor. <!--more--><\/p>\n<p>Gran domingo para el f\u00fatbol capitalino. Momento de definici\u00f3n que tuvo el acompa\u00f1amiento del clima, permitiendo la pr\u00e1ctica ideal de la disciplina a pleno sol y sin viento.<\/p>\n<p>Minutos despu\u00e9s de las 13 horas se puso en marcha el encuentro definitorio a cargo de la terna Carracedo, Gentilo y Alderete.<\/p>\n<p>Comienzo a toda adrenalina, din\u00e1mica, e intensidad para ambos equipos. El equilibrio de las acciones fue una constante durante casi toda la tarde donde por momentos se \u00abprestaron\u00bb el control del juego.<\/p>\n<p>Antes de los 10, en realidad a los 6, el Club Atl\u00e9tico de la Educaci\u00f3n Fueguina abrir\u00eda el marcador a trav\u00e9s de la pelota parada.<\/p>\n<p><a href=\"http:\/\/labestiadeportiva.com\/lbd\/wp-content\/uploads\/2021\/05\/IMG_20210516_151332006_HDR.jpg\"><img loading=\"lazy\" src=\"http:\/\/labestiadeportiva.com\/lbd\/wp-content\/uploads\/2021\/05\/IMG_20210516_151332006_HDR-270x300.jpg\" alt=\"IMG_20210516_151332006_HDR\" width=\"270\" height=\"300\" class=\"aligncenter size-medium wp-image-38674\" srcset=\"http:\/\/labestiadeportiva.com\/lbd\/wp-content\/uploads\/2021\/05\/IMG_20210516_151332006_HDR-270x300.jpg 270w, http:\/\/labestiadeportiva.com\/lbd\/wp-content\/uploads\/2021\/05\/IMG_20210516_151332006_HDR-921x1024.jpg 921w\" sizes=\"(max-width: 270px) 100vw, 270px\" \/><\/a><br \/>\nCentro quir\u00fargico de \u00abRagnar\u00bb Baumgartner, la versi\u00f3n del \u00abPollo\u00bb rapada y con trencitas, para que Fern\u00e1ndez realice un gran movimiento dentro del \u00e1rea que le permiti\u00f3 definir de aire ante la pasividad de todo el fondo camionero.<\/p>\n<p>Luego de varios minutos para acomodarse a la sorpresiva situaci\u00f3n el conjunto de Ponce volvi\u00f3 a hacer pie. Hasta ese momento no hab\u00eda podido habilitar claramente a sus hombres de ofensiva, principalmente Gatica y \u00c1vila, pues se exced\u00eda con pelotazos que mayormente quedaban en las manos del arquero Rey.<\/p>\n<p>En uno de los ataques transportistas por izquierda llegar\u00eda el penal. En esta oportunidad \u00c1vila ingresa al \u00e1rea con el bal\u00f3n semi controlado pero se encuentran con la humanidad del arquero Rey quien \u00abse lo lleva puesto\u00bb al intentar el anticipo. Carracedo, quien segu\u00eda la jugada de cerca, no dud\u00f3 marcando la pena m\u00e1xima.<\/p>\n<p>Zalazar cambi\u00f3 disparo por gol para poner el 1 a 1 parcial que se mantendr\u00eda hasta el cierre del juego.<\/p>\n<p><a href=\"http:\/\/labestiadeportiva.com\/lbd\/wp-content\/uploads\/2021\/05\/IMG_20210516_151252926_HDR.jpg\"><img loading=\"lazy\" src=\"http:\/\/labestiadeportiva.com\/lbd\/wp-content\/uploads\/2021\/05\/IMG_20210516_151252926_HDR-153x300.jpg\" alt=\"IMG_20210516_151252926_HDR\" width=\"153\" height=\"300\" class=\"aligncenter size-medium wp-image-38675\" srcset=\"http:\/\/labestiadeportiva.com\/lbd\/wp-content\/uploads\/2021\/05\/IMG_20210516_151252926_HDR-153x300.jpg 153w, http:\/\/labestiadeportiva.com\/lbd\/wp-content\/uploads\/2021\/05\/IMG_20210516_151252926_HDR-522x1024.jpg 522w, http:\/\/labestiadeportiva.com\/lbd\/wp-content\/uploads\/2021\/05\/IMG_20210516_151252926_HDR.jpg 1528w\" sizes=\"(max-width: 153px) 100vw, 153px\" \/><\/a><br \/>\nSolo un par de jugadas por bando antes de irse al descando. \u00c1vila desperdici\u00f3 una clara oportunidad y \u00abJoaco\u00bb Ibarra ejecut\u00f3 un tiro libre con buena direcci\u00f3n pero poca fuerza que Di Lella control\u00f3 sin problemas. <\/p>\n<p>Poco y nada en el complemento. Rodrigo Ponce y Pablo Rodr\u00edguez, los t\u00e9cnicos, intentaron buscar piernas frescas y soluciones en las variantes.<\/p>\n<p>Mamani, Aguilar y Felix adentro para los de camiseta negra (CAEF) mientras que Zapata, Acosta y Moreno ingresaron en el \u00abCami\u00f3n\u00bb.<\/p>\n<p>Despu\u00e9s de luchar por alrededor de 20 minutos ambos comenzaron a hacerse la idea de definir partido y t\u00edtulo desde el punto del penal.<\/p>\n<p>Visitas espor\u00e1dicas en ambas \u00e1reas casi sin peligro. A esa altura no sobraba aire y piernas y por ende tampoco las ideas.<\/p>\n<p><a href=\"http:\/\/labestiadeportiva.com\/lbd\/wp-content\/uploads\/2021\/05\/IMG_20210516_124100485_HDR-e1621341788614.jpg\"><img loading=\"lazy\" src=\"http:\/\/labestiadeportiva.com\/lbd\/wp-content\/uploads\/2021\/05\/IMG_20210516_124100485_HDR-e1621341788614-300x225.jpg\" alt=\"IMG_20210516_124100485_HDR\" width=\"300\" height=\"225\" class=\"aligncenter size-medium wp-image-38679\" srcset=\"http:\/\/labestiadeportiva.com\/lbd\/wp-content\/uploads\/2021\/05\/IMG_20210516_124100485_HDR-e1621341788614-300x225.jpg 300w, http:\/\/labestiadeportiva.com\/lbd\/wp-content\/uploads\/2021\/05\/IMG_20210516_124100485_HDR-e1621341788614-1024x768.jpg 1024w\" sizes=\"(max-width: 300px) 100vw, 300px\" \/><\/a><br \/>\nSolo quedar\u00eda tiempo para la expulsi\u00f3n de Ibarra quien a pura impotencia cruz\u00f3 a Oberti qued\u00e1ndose sin la posibilidad de estar en los penales.<\/p>\n<p>De est\u00e1 forma el \u00abJos\u00e9 Guala\u00bb se definir\u00eda con tiros desde el punto del penal. All\u00ed la experiencia de Eduardo Di Lella ser\u00eda determinante.<\/p>\n<p>El capit\u00e1n transportista contuvo los remates de Aguilar y Pastor para quedarse con la serie por 4 a 3. T\u00edtulo de Camioneros que recorri\u00f3 el torneo de menor a mayor con un equipo conformado por un mix de experiencia y juventud. <\/p>\n<p>Nuevo campe\u00f3n en la ciudad cortando la hegemon\u00eda \u00abCuerva\u00bb de los \u00faltimos a\u00f1os. Felicitaciones.<\/p>\n<p><a href=\"http:\/\/labestiadeportiva.com\/lbd\/wp-content\/uploads\/2021\/05\/IMG_20210516_151302834_HDR.jpg\"><img loading=\"lazy\" src=\"http:\/\/labestiadeportiva.com\/lbd\/wp-content\/uploads\/2021\/05\/IMG_20210516_151302834_HDR-300x225.jpg\" alt=\"IMG_20210516_151302834_HDR\" width=\"300\" height=\"225\" class=\"aligncenter size-medium wp-image-38676\" srcset=\"http:\/\/labestiadeportiva.com\/lbd\/wp-content\/uploads\/2021\/05\/IMG_20210516_151302834_HDR-300x225.jpg 300w, http:\/\/labestiadeportiva.com\/lbd\/wp-content\/uploads\/2021\/05\/IMG_20210516_151302834_HDR-1024x768.jpg 1024w\" sizes=\"(max-width: 300px) 100vw, 300px\" \/><\/a><\/p>\n<p>Formaciones<\/p>\n<p>Camioneros 1 (4) 1 Eduardo Di Lella (c), 2 Jorge Jaime, 3 Gino Grandis, 4 Ivan Zalazar, 5 Lautaro Espinoza, 6 Facundo Miranda, 7 Franco Delgado, 8 Facundo D\u00edaz, 9 Emanuel \u00c1vila, 10 Joaqu\u00edn Gatica y 11 Agust\u00edn Oberti.<\/p>\n<p>DT: Rodrigo Ponce.<\/p>\n<p>CAEF 1 (3) 1 Joaqu\u00edn Rey, 2 Enzo Paz (c), 3 Felipe N\u00fa\u00f1ez, 4 Jerem\u00edas D\u00edaz, 5 Axel Baumgartner, 6 Tom\u00e1s Pastor, 7 Lucas Brun, 8 Uriel Espinoza, 9 Sebasti\u00e1n Fern\u00e1ndez, 10 Joaqu\u00edn Ibarra y 11 Cristian Flores.<\/p>\n<p>DT: Pablo Rodr\u00edguez.   <\/p>\n<p>Cambios: Moreno x Delgado, Acosta x D\u00edaz y Zapata x Gatica (Camioneros), Felix x D\u00edaz, Nicollielo x N\u00fa\u00f1ez y Mamani x Brun (CAEF)<\/p>\n<p>Definici\u00f3n por penales<br \/>\nCamioneros<br \/>\nGoles: Oberti, Zapata, Zalazar y Miranda.<br \/>\nAtajado: Acosta.<br \/>\nCAEF<br \/>\nGoles: Baumgartner, Nicollielo, Mamani.<br \/>\nAtajados: Aguilar y Pastor.<\/p>\n<div class='epvc-post-count'><span class='epvc-eye'><\/span>  <span class=\"epvc-count\"> 1.313<\/span><span class='epvc-label'> veces le\u00edda<\/span><\/div>\n<div class=\"jwsharethis\">\nShare this: \n<br \/>\n<a href=\"mailto:?subject=Camioneros%20grit%C3%B3%20campe%C3%B3n%20en%20los%20penales&amp;body=http%3A%2F%2Flabestiadeportiva.com%2Flbd%2Fcamioneros-grito-campeon-en-los-penales%2F\">\n<img src=\"http:\/\/labestiadeportiva.com\/lbd\/wp-content\/plugins\/jw-share-this\/email.png\" alt=\"Share this page via Email\" \/>\n<\/a>\n<a target=\"_blank\" href=\"http:\/\/www.stumbleupon.com\/submit?url=http%3A%2F%2Flabestiadeportiva.com%2Flbd%2Fcamioneros-grito-campeon-en-los-penales%2F&amp;title=Camioneros+grit%C3%B3+campe%C3%B3n+en+los+penales\">\n<img src=\"http:\/\/labestiadeportiva.com\/lbd\/wp-content\/plugins\/jw-share-this\/su.png\" alt=\"Share this page via Stumble Upon\" \/>\n<\/a>\n<a target=\"_blank\" href=\"http:\/\/digg.com\/submit?url=http%3A%2F%2Flabestiadeportiva.com%2Flbd%2Fcamioneros-grito-campeon-en-los-penales%2F&amp;title=Camioneros+grit%C3%B3+campe%C3%B3n+en+los+penales\">\n<img src=\"http:\/\/labestiadeportiva.com\/lbd\/wp-content\/plugins\/jw-share-this\/digg.png\" alt=\"Share this page via Digg this\" \/>\n<\/a>\n<a target=\"_blank\" href=\"http:\/\/www.facebook.com\/sharer.php?u=http%3A%2F%2Flabestiadeportiva.com%2Flbd%2Fcamioneros-grito-campeon-en-los-penales%2F&amp;t=Camioneros+grit%C3%B3+campe%C3%B3n+en+los+penales\">\n<img src=\"http:\/\/labestiadeportiva.com\/lbd\/wp-content\/plugins\/jw-share-this\/fb.png\" alt=\"Share this page via Facebook\" \/>\n<\/a>\n<a target=\"_blank\" href=\"http:\/\/twitter.com\/intent\/tweet?text=I+like+http%3A%2F%2Flabestiadeportiva.com%2Flbd%2Fcamioneros-grito-campeon-en-los-penales%2F&amp;title=Camioneros+grit%C3%B3+campe%C3%B3n+en+los+penales\">\n<img src=\"http:\/\/labestiadeportiva.com\/lbd\/wp-content\/plugins\/jw-share-this\/twitter.png\" alt=\"Share this page via Twitter\" \/>\n<\/a>\n<\/div>\n","protected":false},"excerpt":{"rendered":"<p>Definici\u00f3n para el Torneo Apertura de f\u00fatbol \u00abJos\u00e9 Guala\u00bb. Camioneros y CAEF igualaron en un tanto en tiempo reglamentario a trav\u00e9s de los goles de Fern\u00e1ndez y Zalazar. En la definici\u00f3n desde el punto del penal Eduardo Di Lella, arquero y capit\u00e1n transportista, le contuvo los disparos a Aguilar y Pastor. 1.313 veces le\u00edda Share &hellip; <a href=\"http:\/\/labestiadeportiva.com\/lbd\/camioneros-grito-campeon-en-los-penales\/\" class=\"more-link\">Seguir leyendo <span class=\"screen-reader-text\">Camioneros grit\u00f3 campe\u00f3n en los penales<\/span> <span class=\"meta-nav\">&rarr;<\/span><\/a><\/p>\n","protected":false},"author":1,"featured_media":38673,"comment_status":"open","ping_status":"open","sticky":false,"template":"","format":"standard","meta":[],"categories":[5,1987,2439,1,4500],"tags":[233,17,48,4493],"_links":{"self":[{"href":"http:\/\/labestiadeportiva.com\/lbd\/wp-json\/wp\/v2\/posts\/38672"}],"collection":[{"href":"http:\/\/labestiadeportiva.com\/lbd\/wp-json\/wp\/v2\/posts"}],"about":[{"href":"http:\/\/labestiadeportiva.com\/lbd\/wp-json\/wp\/v2\/types\/post"}],"author":[{"embeddable":true,"href":"http:\/\/labestiadeportiva.com\/lbd\/wp-json\/wp\/v2\/users\/1"}],"replies":[{"embeddable":true,"href":"http:\/\/labestiadeportiva.com\/lbd\/wp-json\/wp\/v2\/comments?post=38672"}],"version-history":[{"count":6,"href":"http:\/\/labestiadeportiva.com\/lbd\/wp-json\/wp\/v2\/posts\/38672\/revisions"}],"predecessor-version":[{"id":38683,"href":"http:\/\/labestiadeportiva.com\/lbd\/wp-json\/wp\/v2\/posts\/38672\/revisions\/38683"}],"wp:featuredmedia":[{"embeddable":true,"href":"http:\/\/labestiadeportiva.com\/lbd\/wp-json\/wp\/v2\/media\/38673"}],"wp:attachment":[{"href":"http:\/\/labestiadeportiva.com\/lbd\/wp-json\/wp\/v2\/media?parent=38672"}],"wp:term":[{"taxonomy":"category","embeddable":true,"href":"http:\/\/labestiadeportiva.com\/lbd\/wp-json\/wp\/v2\/categories?post=38672"},{"taxonomy":"post_tag","embeddable":true,"href":"http:\/\/labestiadeportiva.com\/lbd\/wp-json\/wp\/v2\/tags?post=38672"}],"curies":[{"name":"wp","href":"https:\/\/api.w.org\/{rel}","templated":true}]}}