{"id":3877,"date":"2013-04-11T22:17:50","date_gmt":"2013-04-11T22:17:50","guid":{"rendered":"http:\/\/labestiadeportiva.com\/lbd\/?p=3877"},"modified":"2013-04-11T22:17:50","modified_gmt":"2013-04-11T22:17:50","slug":"preto-a-la-copa-aca","status":"publish","type":"post","link":"http:\/\/labestiadeportiva.com\/lbd\/preto-a-la-copa-aca\/","title":{"rendered":"Preto a la Copa ACA"},"content":{"rendered":"<p><em>Por Mauricio Zentner Lavori (Corresponsal LBD en Buenos Aires)<\/em><\/p>\n<p>El fueguino Luciano Preto debutar\u00e1 a nivel nacional a bordo de un Mitsubishi Evolution IX del Pro Rally dentro de la Copa ACA, que recorrer\u00e1 algunos tramos del cronograma de la 5ta Fecha del Campeonato Mundial de Rally en la provincia de C\u00f3rdoba. Una experiencia nueva para el joven piloto que quiere sumar experiencia pensando en el debut dentro del Campeonato Argentino.<\/p>\n<p style=\"text-align: center;\"><a href=\"http:\/\/labestiadeportiva.com\/lbd\/wp-content\/uploads\/2013\/04\/MZL-24.jpg\"><img loading=\"lazy\" class=\"aligncenter  wp-image-3878\" title=\"MZL 2\" src=\"http:\/\/labestiadeportiva.com\/lbd\/wp-content\/uploads\/2013\/04\/MZL-24.jpg\" alt=\"\" width=\"540\" height=\"210\" srcset=\"http:\/\/labestiadeportiva.com\/lbd\/wp-content\/uploads\/2013\/04\/MZL-24.jpg 900w, http:\/\/labestiadeportiva.com\/lbd\/wp-content\/uploads\/2013\/04\/MZL-24-300x116.jpg 300w\" sizes=\"(max-width: 540px) 100vw, 540px\" \/><!--moreLeer nota completa --><\/a><\/p>\n<p><span style=\"font-size: 13px;\">Luego de los ensayos a fines del mes pasado en la zona de Las Jarillas, el sue\u00f1o del piloto ushuaiense Luciano Preto ha obtenido la confirmaci\u00f3n con la inscripci\u00f3n a la Copa ACA, una categor\u00eda especial que se pondr\u00e1 en marcha por tercer a\u00f1o consecutivo.<\/span><\/p>\n<p>Dicho segmento presentar\u00e1 un recorrido especial, diferente al completo que est\u00e1 designado para el WRC y con premios en dinero que oscilar\u00e1n entre 40.000 y 10.000 pesos entre el ganador y quien ocupe el \u00faltimo escal\u00f3n del podio.<\/p>\n<p>Con Richard Kember en su butaca derecha largar\u00e1 al comando de un Mitsubishi Evolution IX similar a la unidad con la que estuvo realizando las pruebas tambi\u00e9n del equipo Pro Rally en la b\u00fasqueda de sumar experiencia tanto con el auto como con los caminos.<\/p>\n<p>La estad\u00eda est\u00e1 pactada desde el viernes 26, momento en que viajar\u00e1 hacia la provincia del centro del pa\u00eds; durante el fin de semana tendr\u00e1 alg\u00fan contacto con el auto mientras que la semana del Lunes 29 al S\u00e1bado 4 estar\u00e1 destinada a actividades del itinerario oficial de la competencia incluyendo hoja de ruta, con todo lo que ello implica en esta modalidad.<\/p>\n<p>Los primes en los que se desenvolver\u00e1n los nuevos talentos ser\u00e1n:<\/p>\n<p>Mi\u00e9rcoles 1 (10:58 horas) &#8211; Qualifying Stage (4,59 km.)<\/p>\n<p>Mi\u00e9rcoles 1 (16:00 horas) &#8211; Super Especial Branca \u00danico (6,04 km.)<\/p>\n<p>Jueves 2 (09:08 horas) &#8211; Santa Catalina \/ La Pampa (27,09 km.)<\/p>\n<p>Jueves 2 (09:51 horas) &#8211; Ascochinga \/ Agua de Oro (51,88 km.)<\/p>\n<p>Viernes 3 (08:33 horas) &#8211; Santa Rosa \/ Villa del Dique (40,69 km.)<\/p>\n<p>Viernes 3 (09:41 horas) &#8211; Amboy \/ Yacanto (39,16 km.)<\/p>\n<p>Viernes 3 (19:05 horas) &#8211; Super Especial Branca \u00danico (6,04 km.)<\/p>\n<p>S\u00e1bado 4 (11:39 horas) &#8211; Mina Clavero \/ Giulio Cesare (22,64 km.)<\/p>\n<p>S\u00e1bado 4 (12:57 horas) &#8211; Power Stage El C\u00f3ndor (16,32 km.)<\/p>\n<p style=\"text-align: center;\"><a href=\"http:\/\/labestiadeportiva.com\/lbd\/wp-content\/uploads\/2013\/04\/MZL3.jpg\"><img loading=\"lazy\" class=\"aligncenter  wp-image-3879\" title=\"MZL\" src=\"http:\/\/labestiadeportiva.com\/lbd\/wp-content\/uploads\/2013\/04\/MZL3.jpg\" alt=\"\" width=\"540\" height=\"210\" srcset=\"http:\/\/labestiadeportiva.com\/lbd\/wp-content\/uploads\/2013\/04\/MZL3.jpg 900w, http:\/\/labestiadeportiva.com\/lbd\/wp-content\/uploads\/2013\/04\/MZL3-300x116.jpg 300w\" sizes=\"(max-width: 540px) 100vw, 540px\" \/><\/a><\/p>\n<div class='epvc-post-count'><span class='epvc-eye'><\/span>  <span class=\"epvc-count\"> 1.269<\/span><span class='epvc-label'> veces le\u00edda<\/span><\/div>\n<div class=\"jwsharethis\">\nShare this: \n<br \/>\n<a href=\"mailto:?subject=Preto%20a%20la%20Copa%20ACA&amp;body=http%3A%2F%2Flabestiadeportiva.com%2Flbd%2Fpreto-a-la-copa-aca%2F\">\n<img src=\"http:\/\/labestiadeportiva.com\/lbd\/wp-content\/plugins\/jw-share-this\/email.png\" alt=\"Share this page via Email\" \/>\n<\/a>\n<a target=\"_blank\" href=\"http:\/\/www.stumbleupon.com\/submit?url=http%3A%2F%2Flabestiadeportiva.com%2Flbd%2Fpreto-a-la-copa-aca%2F&amp;title=Preto+a+la+Copa+ACA\">\n<img src=\"http:\/\/labestiadeportiva.com\/lbd\/wp-content\/plugins\/jw-share-this\/su.png\" alt=\"Share this page via Stumble Upon\" \/>\n<\/a>\n<a target=\"_blank\" href=\"http:\/\/digg.com\/submit?url=http%3A%2F%2Flabestiadeportiva.com%2Flbd%2Fpreto-a-la-copa-aca%2F&amp;title=Preto+a+la+Copa+ACA\">\n<img src=\"http:\/\/labestiadeportiva.com\/lbd\/wp-content\/plugins\/jw-share-this\/digg.png\" alt=\"Share this page via Digg this\" \/>\n<\/a>\n<a target=\"_blank\" href=\"http:\/\/www.facebook.com\/sharer.php?u=http%3A%2F%2Flabestiadeportiva.com%2Flbd%2Fpreto-a-la-copa-aca%2F&amp;t=Preto+a+la+Copa+ACA\">\n<img src=\"http:\/\/labestiadeportiva.com\/lbd\/wp-content\/plugins\/jw-share-this\/fb.png\" alt=\"Share this page via Facebook\" \/>\n<\/a>\n<a target=\"_blank\" href=\"http:\/\/twitter.com\/intent\/tweet?text=I+like+http%3A%2F%2Flabestiadeportiva.com%2Flbd%2Fpreto-a-la-copa-aca%2F&amp;title=Preto+a+la+Copa+ACA\">\n<img src=\"http:\/\/labestiadeportiva.com\/lbd\/wp-content\/plugins\/jw-share-this\/twitter.png\" alt=\"Share this page via Twitter\" \/>\n<\/a>\n<\/div>\n","protected":false},"excerpt":{"rendered":"<p>Por Mauricio Zentner Lavori (Corresponsal LBD en Buenos Aires) El fueguino Luciano Preto debutar\u00e1 a nivel nacional a bordo de un Mitsubishi Evolution IX del Pro Rally dentro de la Copa ACA, que recorrer\u00e1 algunos tramos del cronograma de la 5ta Fecha del Campeonato Mundial de Rally en la provincia de C\u00f3rdoba. Una experiencia nueva &hellip; <a href=\"http:\/\/labestiadeportiva.com\/lbd\/preto-a-la-copa-aca\/\" class=\"more-link\">Seguir leyendo <span class=\"screen-reader-text\">Preto a la Copa ACA<\/span> <span class=\"meta-nav\">&rarr;<\/span><\/a><\/p>\n","protected":false},"author":1,"featured_media":3878,"comment_status":"open","ping_status":"open","sticky":false,"template":"","format":"standard","meta":[],"categories":[5,4,6,1],"tags":[154,555,470,554,553],"_links":{"self":[{"href":"http:\/\/labestiadeportiva.com\/lbd\/wp-json\/wp\/v2\/posts\/3877"}],"collection":[{"href":"http:\/\/labestiadeportiva.com\/lbd\/wp-json\/wp\/v2\/posts"}],"about":[{"href":"http:\/\/labestiadeportiva.com\/lbd\/wp-json\/wp\/v2\/types\/post"}],"author":[{"embeddable":true,"href":"http:\/\/labestiadeportiva.com\/lbd\/wp-json\/wp\/v2\/users\/1"}],"replies":[{"embeddable":true,"href":"http:\/\/labestiadeportiva.com\/lbd\/wp-json\/wp\/v2\/comments?post=3877"}],"version-history":[{"count":1,"href":"http:\/\/labestiadeportiva.com\/lbd\/wp-json\/wp\/v2\/posts\/3877\/revisions"}],"predecessor-version":[{"id":3880,"href":"http:\/\/labestiadeportiva.com\/lbd\/wp-json\/wp\/v2\/posts\/3877\/revisions\/3880"}],"wp:featuredmedia":[{"embeddable":true,"href":"http:\/\/labestiadeportiva.com\/lbd\/wp-json\/wp\/v2\/media\/3878"}],"wp:attachment":[{"href":"http:\/\/labestiadeportiva.com\/lbd\/wp-json\/wp\/v2\/media?parent=3877"}],"wp:term":[{"taxonomy":"category","embeddable":true,"href":"http:\/\/labestiadeportiva.com\/lbd\/wp-json\/wp\/v2\/categories?post=3877"},{"taxonomy":"post_tag","embeddable":true,"href":"http:\/\/labestiadeportiva.com\/lbd\/wp-json\/wp\/v2\/tags?post=3877"}],"curies":[{"name":"wp","href":"https:\/\/api.w.org\/{rel}","templated":true}]}}