{"id":38955,"date":"2021-06-22T18:05:28","date_gmt":"2021-06-22T21:05:28","guid":{"rendered":"http:\/\/labestiadeportiva.com\/lbd\/?p=38955"},"modified":"2021-06-22T18:25:12","modified_gmt":"2021-06-22T21:25:12","slug":"38955","status":"publish","type":"post","link":"http:\/\/labestiadeportiva.com\/lbd\/38955\/","title":{"rendered":"\u00abLa verdad que todo va m\u00e1s que bien, los dos ya pudieron caminar dentro de la habitaci\u00f3n (Audio)"},"content":{"rendered":"<p><a href=\"http:\/\/labestiadeportiva.com\/lbd\/wp-content\/uploads\/2021\/06\/FB_IMG_1624384577734.jpg\"><img loading=\"lazy\" src=\"http:\/\/labestiadeportiva.com\/lbd\/wp-content\/uploads\/2021\/06\/FB_IMG_1624384577734-300x248.jpg\" alt=\"FB_IMG_1624384577734\" width=\"300\" height=\"248\" class=\"aligncenter size-medium wp-image-38957\" srcset=\"http:\/\/labestiadeportiva.com\/lbd\/wp-content\/uploads\/2021\/06\/FB_IMG_1624384577734-300x248.jpg 300w, http:\/\/labestiadeportiva.com\/lbd\/wp-content\/uploads\/2021\/06\/FB_IMG_1624384577734.jpg 533w\" sizes=\"(max-width: 300px) 100vw, 300px\" \/><\/a><\/p>\n<p>Lucas y Marcelo Garro evolucionan favorablemente en el CEMEP riograndense. \u00abPaleta\u00bb fue intervenido de las fracturas del pie como as\u00ed tambi\u00e9n de la columna donde le colocaron seis clavos.<\/p>\n<p>En busca de detalles sobre el d\u00eda a d\u00eda dialogamos con Gisela Zentner, esposa y madre del piloto y navegante accidentados.<\/p>\n<p>Compartimos la entrevista lograda este lunes en la 94.1 FM del Sur.<!--more--><\/p>\n<p><iframe loading=\"lazy\" width=\"560\" height=\"315\" src=\"https:\/\/www.youtube.com\/embed\/_Wi25tN5uMM\" title=\"YouTube video player\" frameborder=\"0\" allow=\"accelerometer; autoplay; clipboard-write; encrypted-media; gyroscope; picture-in-picture\" allowfullscreen><\/iframe><\/p>\n<div class='epvc-post-count'><span class='epvc-eye'><\/span>  <span class=\"epvc-count\"> 1.165<\/span><span class='epvc-label'> veces le\u00edda<\/span><\/div>\n<div class=\"jwsharethis\">\nShare this: \n<br \/>\n<a href=\"mailto:?subject=%C2%ABLa%20verdad%20que%20todo%20va%20m%C3%A1s%20que%20bien%2C%20los%20dos%20ya%20pudieron%20caminar%20dentro%20de%20la%20habitaci%C3%B3n%20%28Audio%29&amp;body=http%3A%2F%2Flabestiadeportiva.com%2Flbd%2F38955%2F\">\n<img src=\"http:\/\/labestiadeportiva.com\/lbd\/wp-content\/plugins\/jw-share-this\/email.png\" alt=\"Share this page via Email\" \/>\n<\/a>\n<a target=\"_blank\" href=\"http:\/\/www.stumbleupon.com\/submit?url=http%3A%2F%2Flabestiadeportiva.com%2Flbd%2F38955%2F&amp;title=%C2%ABLa+verdad+que+todo+va+m%C3%A1s+que+bien%2C+los+dos+ya+pudieron+caminar+dentro+de+la+habitaci%C3%B3n+%28Audio%29\">\n<img src=\"http:\/\/labestiadeportiva.com\/lbd\/wp-content\/plugins\/jw-share-this\/su.png\" alt=\"Share this page via Stumble Upon\" \/>\n<\/a>\n<a target=\"_blank\" href=\"http:\/\/digg.com\/submit?url=http%3A%2F%2Flabestiadeportiva.com%2Flbd%2F38955%2F&amp;title=%C2%ABLa+verdad+que+todo+va+m%C3%A1s+que+bien%2C+los+dos+ya+pudieron+caminar+dentro+de+la+habitaci%C3%B3n+%28Audio%29\">\n<img src=\"http:\/\/labestiadeportiva.com\/lbd\/wp-content\/plugins\/jw-share-this\/digg.png\" alt=\"Share this page via Digg this\" \/>\n<\/a>\n<a target=\"_blank\" href=\"http:\/\/www.facebook.com\/sharer.php?u=http%3A%2F%2Flabestiadeportiva.com%2Flbd%2F38955%2F&amp;t=%C2%ABLa+verdad+que+todo+va+m%C3%A1s+que+bien%2C+los+dos+ya+pudieron+caminar+dentro+de+la+habitaci%C3%B3n+%28Audio%29\">\n<img src=\"http:\/\/labestiadeportiva.com\/lbd\/wp-content\/plugins\/jw-share-this\/fb.png\" alt=\"Share this page via Facebook\" \/>\n<\/a>\n<a target=\"_blank\" href=\"http:\/\/twitter.com\/intent\/tweet?text=I+like+http%3A%2F%2Flabestiadeportiva.com%2Flbd%2F38955%2F&amp;title=%C2%ABLa+verdad+que+todo+va+m%C3%A1s+que+bien%2C+los+dos+ya+pudieron+caminar+dentro+de+la+habitaci%C3%B3n+%28Audio%29\">\n<img src=\"http:\/\/labestiadeportiva.com\/lbd\/wp-content\/plugins\/jw-share-this\/twitter.png\" alt=\"Share this page via Twitter\" \/>\n<\/a>\n<\/div>\n","protected":false},"excerpt":{"rendered":"<p>Lucas y Marcelo Garro evolucionan favorablemente en el CEMEP riograndense. \u00abPaleta\u00bb fue intervenido de las fracturas del pie como as\u00ed tambi\u00e9n de la columna donde le colocaron seis clavos. En busca de detalles sobre el d\u00eda a d\u00eda dialogamos con Gisela Zentner, esposa y madre del piloto y navegante accidentados. Compartimos la entrevista lograda este &hellip; <a href=\"http:\/\/labestiadeportiva.com\/lbd\/38955\/\" class=\"more-link\">Seguir leyendo <span class=\"screen-reader-text\">\u00abLa verdad que todo va m\u00e1s que bien, los dos ya pudieron caminar dentro de la habitaci\u00f3n (Audio)<\/span> <span class=\"meta-nav\">&rarr;<\/span><\/a><\/p>\n","protected":false},"author":1,"featured_media":38957,"comment_status":"open","ping_status":"open","sticky":false,"template":"","format":"standard","meta":[],"categories":[3533,5,60,1,4141],"tags":[4838,4521,4306],"_links":{"self":[{"href":"http:\/\/labestiadeportiva.com\/lbd\/wp-json\/wp\/v2\/posts\/38955"}],"collection":[{"href":"http:\/\/labestiadeportiva.com\/lbd\/wp-json\/wp\/v2\/posts"}],"about":[{"href":"http:\/\/labestiadeportiva.com\/lbd\/wp-json\/wp\/v2\/types\/post"}],"author":[{"embeddable":true,"href":"http:\/\/labestiadeportiva.com\/lbd\/wp-json\/wp\/v2\/users\/1"}],"replies":[{"embeddable":true,"href":"http:\/\/labestiadeportiva.com\/lbd\/wp-json\/wp\/v2\/comments?post=38955"}],"version-history":[{"count":4,"href":"http:\/\/labestiadeportiva.com\/lbd\/wp-json\/wp\/v2\/posts\/38955\/revisions"}],"predecessor-version":[{"id":38960,"href":"http:\/\/labestiadeportiva.com\/lbd\/wp-json\/wp\/v2\/posts\/38955\/revisions\/38960"}],"wp:featuredmedia":[{"embeddable":true,"href":"http:\/\/labestiadeportiva.com\/lbd\/wp-json\/wp\/v2\/media\/38957"}],"wp:attachment":[{"href":"http:\/\/labestiadeportiva.com\/lbd\/wp-json\/wp\/v2\/media?parent=38955"}],"wp:term":[{"taxonomy":"category","embeddable":true,"href":"http:\/\/labestiadeportiva.com\/lbd\/wp-json\/wp\/v2\/categories?post=38955"},{"taxonomy":"post_tag","embeddable":true,"href":"http:\/\/labestiadeportiva.com\/lbd\/wp-json\/wp\/v2\/tags?post=38955"}],"curies":[{"name":"wp","href":"https:\/\/api.w.org\/{rel}","templated":true}]}}