{"id":39117,"date":"2021-07-09T22:52:50","date_gmt":"2021-07-10T01:52:50","guid":{"rendered":"http:\/\/labestiadeportiva.com\/lbd\/?p=39117"},"modified":"2021-07-09T22:52:50","modified_gmt":"2021-07-10T01:52:50","slug":"logica-postergacion","status":"publish","type":"post","link":"http:\/\/labestiadeportiva.com\/lbd\/logica-postergacion\/","title":{"rendered":"L\u00f3gica postergaci\u00f3n"},"content":{"rendered":"<p><a href=\"http:\/\/labestiadeportiva.com\/lbd\/wp-content\/uploads\/2021\/07\/FB_IMG_1622856088434.jpg\"><img loading=\"lazy\" src=\"http:\/\/labestiadeportiva.com\/lbd\/wp-content\/uploads\/2021\/07\/FB_IMG_1622856088434-300x214.jpg\" alt=\"FB_IMG_1622856088434\" width=\"300\" height=\"214\" class=\"aligncenter size-medium wp-image-39118\" srcset=\"http:\/\/labestiadeportiva.com\/lbd\/wp-content\/uploads\/2021\/07\/FB_IMG_1622856088434-300x214.jpg 300w, http:\/\/labestiadeportiva.com\/lbd\/wp-content\/uploads\/2021\/07\/FB_IMG_1622856088434.jpg 720w\" sizes=\"(max-width: 300px) 100vw, 300px\" \/><\/a><br \/>\nLa Comisi\u00f3n Normalizadora de la APPRU tom\u00f3 la decisi\u00f3n en las \u00faltimas horas. El \u00abRally de la Nieve\u00bb fue reprogramado e intentar\u00e1 realizarse durante el mes de julio. Compartimos el comunicado de la Asociaci\u00f3n ushuaiense.<\/p>\n<p><a href=\"http:\/\/labestiadeportiva.com\/lbd\/wp-content\/uploads\/2021\/07\/IMG-20210709-WA0043.jpg\"><img loading=\"lazy\" src=\"http:\/\/labestiadeportiva.com\/lbd\/wp-content\/uploads\/2021\/07\/IMG-20210709-WA0043-300x201.jpg\" alt=\"IMG-20210709-WA0043\" width=\"300\" height=\"201\" class=\"aligncenter size-medium wp-image-39119\" srcset=\"http:\/\/labestiadeportiva.com\/lbd\/wp-content\/uploads\/2021\/07\/IMG-20210709-WA0043-300x201.jpg 300w, http:\/\/labestiadeportiva.com\/lbd\/wp-content\/uploads\/2021\/07\/IMG-20210709-WA0043.jpg 880w\" sizes=\"(max-width: 300px) 100vw, 300px\" \/><\/a><\/p>\n<div class='epvc-post-count'><span class='epvc-eye'><\/span>  <span class=\"epvc-count\"> 1.086<\/span><span class='epvc-label'> veces le\u00edda<\/span><\/div>\n<div class=\"jwsharethis\">\nShare this: \n<br \/>\n<a href=\"mailto:?subject=L%C3%B3gica%20postergaci%C3%B3n&amp;body=http%3A%2F%2Flabestiadeportiva.com%2Flbd%2Flogica-postergacion%2F\">\n<img src=\"http:\/\/labestiadeportiva.com\/lbd\/wp-content\/plugins\/jw-share-this\/email.png\" alt=\"Share this page via Email\" \/>\n<\/a>\n<a target=\"_blank\" href=\"http:\/\/www.stumbleupon.com\/submit?url=http%3A%2F%2Flabestiadeportiva.com%2Flbd%2Flogica-postergacion%2F&amp;title=L%C3%B3gica+postergaci%C3%B3n\">\n<img src=\"http:\/\/labestiadeportiva.com\/lbd\/wp-content\/plugins\/jw-share-this\/su.png\" alt=\"Share this page via Stumble Upon\" \/>\n<\/a>\n<a target=\"_blank\" href=\"http:\/\/digg.com\/submit?url=http%3A%2F%2Flabestiadeportiva.com%2Flbd%2Flogica-postergacion%2F&amp;title=L%C3%B3gica+postergaci%C3%B3n\">\n<img src=\"http:\/\/labestiadeportiva.com\/lbd\/wp-content\/plugins\/jw-share-this\/digg.png\" alt=\"Share this page via Digg this\" \/>\n<\/a>\n<a target=\"_blank\" href=\"http:\/\/www.facebook.com\/sharer.php?u=http%3A%2F%2Flabestiadeportiva.com%2Flbd%2Flogica-postergacion%2F&amp;t=L%C3%B3gica+postergaci%C3%B3n\">\n<img src=\"http:\/\/labestiadeportiva.com\/lbd\/wp-content\/plugins\/jw-share-this\/fb.png\" alt=\"Share this page via Facebook\" \/>\n<\/a>\n<a target=\"_blank\" href=\"http:\/\/twitter.com\/intent\/tweet?text=I+like+http%3A%2F%2Flabestiadeportiva.com%2Flbd%2Flogica-postergacion%2F&amp;title=L%C3%B3gica+postergaci%C3%B3n\">\n<img src=\"http:\/\/labestiadeportiva.com\/lbd\/wp-content\/plugins\/jw-share-this\/twitter.png\" alt=\"Share this page via Twitter\" \/>\n<\/a>\n<\/div>\n","protected":false},"excerpt":{"rendered":"<p>La Comisi\u00f3n Normalizadora de la APPRU tom\u00f3 la decisi\u00f3n en las \u00faltimas horas. El \u00abRally de la Nieve\u00bb fue reprogramado e intentar\u00e1 realizarse durante el mes de julio. Compartimos el comunicado de la Asociaci\u00f3n ushuaiense. 1.086 veces le\u00edda Share this:<\/p>\n","protected":false},"author":1,"featured_media":39118,"comment_status":"open","ping_status":"open","sticky":false,"template":"","format":"standard","meta":[],"categories":[5,1,2366],"tags":[1189,3660,2582,581],"_links":{"self":[{"href":"http:\/\/labestiadeportiva.com\/lbd\/wp-json\/wp\/v2\/posts\/39117"}],"collection":[{"href":"http:\/\/labestiadeportiva.com\/lbd\/wp-json\/wp\/v2\/posts"}],"about":[{"href":"http:\/\/labestiadeportiva.com\/lbd\/wp-json\/wp\/v2\/types\/post"}],"author":[{"embeddable":true,"href":"http:\/\/labestiadeportiva.com\/lbd\/wp-json\/wp\/v2\/users\/1"}],"replies":[{"embeddable":true,"href":"http:\/\/labestiadeportiva.com\/lbd\/wp-json\/wp\/v2\/comments?post=39117"}],"version-history":[{"count":1,"href":"http:\/\/labestiadeportiva.com\/lbd\/wp-json\/wp\/v2\/posts\/39117\/revisions"}],"predecessor-version":[{"id":39120,"href":"http:\/\/labestiadeportiva.com\/lbd\/wp-json\/wp\/v2\/posts\/39117\/revisions\/39120"}],"wp:featuredmedia":[{"embeddable":true,"href":"http:\/\/labestiadeportiva.com\/lbd\/wp-json\/wp\/v2\/media\/39118"}],"wp:attachment":[{"href":"http:\/\/labestiadeportiva.com\/lbd\/wp-json\/wp\/v2\/media?parent=39117"}],"wp:term":[{"taxonomy":"category","embeddable":true,"href":"http:\/\/labestiadeportiva.com\/lbd\/wp-json\/wp\/v2\/categories?post=39117"},{"taxonomy":"post_tag","embeddable":true,"href":"http:\/\/labestiadeportiva.com\/lbd\/wp-json\/wp\/v2\/tags?post=39117"}],"curies":[{"name":"wp","href":"https:\/\/api.w.org\/{rel}","templated":true}]}}