{"id":39259,"date":"2021-07-22T00:23:10","date_gmt":"2021-07-22T03:23:10","guid":{"rendered":"http:\/\/labestiadeportiva.com\/lbd\/?p=39259"},"modified":"2021-07-22T00:36:45","modified_gmt":"2021-07-22T03:36:45","slug":"39259","status":"publish","type":"post","link":"http:\/\/labestiadeportiva.com\/lbd\/39259\/","title":{"rendered":"\u00abEl Open de Valdivia en 2018 me di\u00f3 la oportunidad de la convocatoria\u00bb (Audio)"},"content":{"rendered":"<p><a href=\"http:\/\/labestiadeportiva.com\/lbd\/wp-content\/uploads\/2021\/07\/IMG-20210721-WA0087.jpg\"><img loading=\"lazy\" src=\"http:\/\/labestiadeportiva.com\/lbd\/wp-content\/uploads\/2021\/07\/IMG-20210721-WA0087-221x300.jpg\" alt=\"IMG-20210721-WA0087\" width=\"221\" height=\"300\" class=\"aligncenter size-medium wp-image-39261\" srcset=\"http:\/\/labestiadeportiva.com\/lbd\/wp-content\/uploads\/2021\/07\/IMG-20210721-WA0087-221x300.jpg 221w, http:\/\/labestiadeportiva.com\/lbd\/wp-content\/uploads\/2021\/07\/IMG-20210721-WA0087-755x1024.jpg 755w, http:\/\/labestiadeportiva.com\/lbd\/wp-content\/uploads\/2021\/07\/IMG-20210721-WA0087.jpg 1179w\" sizes=\"(max-width: 221px) 100vw, 221px\" \/><\/a><\/p>\n<p>El ushuaiense Rimer Alcocer fue convocado para integrar la Selecci\u00f3n Argentina en el mundial de Kickboxing que se disputar\u00e1 del 18 al 24 de octubre en El Cairo, Egipto.<\/p>\n<p>Desde LBD dialogamos con \u00e9l en busca de detalles. El peleador fueguino intensifica su entrenamiento y busca sumar apoyos para solventar gastos de viaje y estad\u00eda.<!--more--><\/p>\n<p><iframe loading=\"lazy\" width=\"560\" height=\"315\" src=\"https:\/\/www.youtube.com\/embed\/srrghgcAvSw\" title=\"YouTube video player\" frameborder=\"0\" allow=\"accelerometer; autoplay; clipboard-write; encrypted-media; gyroscope; picture-in-picture\" allowfullscreen><\/iframe><\/p>\n<div class='epvc-post-count'><span class='epvc-eye'><\/span>  <span class=\"epvc-count\"> 1.122<\/span><span class='epvc-label'> veces le\u00edda<\/span><\/div>\n<div class=\"jwsharethis\">\nShare this: \n<br \/>\n<a href=\"mailto:?subject=%C2%ABEl%20Open%20de%20Valdivia%20en%202018%20me%20di%C3%B3%20la%20oportunidad%20de%20la%20convocatoria%C2%BB%20%28Audio%29&amp;body=http%3A%2F%2Flabestiadeportiva.com%2Flbd%2F39259%2F\">\n<img src=\"http:\/\/labestiadeportiva.com\/lbd\/wp-content\/plugins\/jw-share-this\/email.png\" alt=\"Share this page via Email\" \/>\n<\/a>\n<a target=\"_blank\" href=\"http:\/\/www.stumbleupon.com\/submit?url=http%3A%2F%2Flabestiadeportiva.com%2Flbd%2F39259%2F&amp;title=%C2%ABEl+Open+de+Valdivia+en+2018+me+di%C3%B3+la+oportunidad+de+la+convocatoria%C2%BB+%28Audio%29\">\n<img src=\"http:\/\/labestiadeportiva.com\/lbd\/wp-content\/plugins\/jw-share-this\/su.png\" alt=\"Share this page via Stumble Upon\" \/>\n<\/a>\n<a target=\"_blank\" href=\"http:\/\/digg.com\/submit?url=http%3A%2F%2Flabestiadeportiva.com%2Flbd%2F39259%2F&amp;title=%C2%ABEl+Open+de+Valdivia+en+2018+me+di%C3%B3+la+oportunidad+de+la+convocatoria%C2%BB+%28Audio%29\">\n<img src=\"http:\/\/labestiadeportiva.com\/lbd\/wp-content\/plugins\/jw-share-this\/digg.png\" alt=\"Share this page via Digg this\" \/>\n<\/a>\n<a target=\"_blank\" href=\"http:\/\/www.facebook.com\/sharer.php?u=http%3A%2F%2Flabestiadeportiva.com%2Flbd%2F39259%2F&amp;t=%C2%ABEl+Open+de+Valdivia+en+2018+me+di%C3%B3+la+oportunidad+de+la+convocatoria%C2%BB+%28Audio%29\">\n<img src=\"http:\/\/labestiadeportiva.com\/lbd\/wp-content\/plugins\/jw-share-this\/fb.png\" alt=\"Share this page via Facebook\" \/>\n<\/a>\n<a target=\"_blank\" href=\"http:\/\/twitter.com\/intent\/tweet?text=I+like+http%3A%2F%2Flabestiadeportiva.com%2Flbd%2F39259%2F&amp;title=%C2%ABEl+Open+de+Valdivia+en+2018+me+di%C3%B3+la+oportunidad+de+la+convocatoria%C2%BB+%28Audio%29\">\n<img src=\"http:\/\/labestiadeportiva.com\/lbd\/wp-content\/plugins\/jw-share-this\/twitter.png\" alt=\"Share this page via Twitter\" \/>\n<\/a>\n<\/div>\n","protected":false},"excerpt":{"rendered":"<p>El ushuaiense Rimer Alcocer fue convocado para integrar la Selecci\u00f3n Argentina en el mundial de Kickboxing que se disputar\u00e1 del 18 al 24 de octubre en El Cairo, Egipto. Desde LBD dialogamos con \u00e9l en busca de detalles. El peleador fueguino intensifica su entrenamiento y busca sumar apoyos para solventar gastos de viaje y estad\u00eda. &hellip; <a href=\"http:\/\/labestiadeportiva.com\/lbd\/39259\/\" class=\"more-link\">Seguir leyendo <span class=\"screen-reader-text\">\u00abEl Open de Valdivia en 2018 me di\u00f3 la oportunidad de la convocatoria\u00bb (Audio)<\/span> <span class=\"meta-nav\">&rarr;<\/span><\/a><\/p>\n","protected":false},"author":1,"featured_media":39261,"comment_status":"open","ping_status":"open","sticky":false,"template":"","format":"standard","meta":[],"categories":[5,4,6,60,2241,1],"tags":[4553,4838,4554,3660],"_links":{"self":[{"href":"http:\/\/labestiadeportiva.com\/lbd\/wp-json\/wp\/v2\/posts\/39259"}],"collection":[{"href":"http:\/\/labestiadeportiva.com\/lbd\/wp-json\/wp\/v2\/posts"}],"about":[{"href":"http:\/\/labestiadeportiva.com\/lbd\/wp-json\/wp\/v2\/types\/post"}],"author":[{"embeddable":true,"href":"http:\/\/labestiadeportiva.com\/lbd\/wp-json\/wp\/v2\/users\/1"}],"replies":[{"embeddable":true,"href":"http:\/\/labestiadeportiva.com\/lbd\/wp-json\/wp\/v2\/comments?post=39259"}],"version-history":[{"count":3,"href":"http:\/\/labestiadeportiva.com\/lbd\/wp-json\/wp\/v2\/posts\/39259\/revisions"}],"predecessor-version":[{"id":39263,"href":"http:\/\/labestiadeportiva.com\/lbd\/wp-json\/wp\/v2\/posts\/39259\/revisions\/39263"}],"wp:featuredmedia":[{"embeddable":true,"href":"http:\/\/labestiadeportiva.com\/lbd\/wp-json\/wp\/v2\/media\/39261"}],"wp:attachment":[{"href":"http:\/\/labestiadeportiva.com\/lbd\/wp-json\/wp\/v2\/media?parent=39259"}],"wp:term":[{"taxonomy":"category","embeddable":true,"href":"http:\/\/labestiadeportiva.com\/lbd\/wp-json\/wp\/v2\/categories?post=39259"},{"taxonomy":"post_tag","embeddable":true,"href":"http:\/\/labestiadeportiva.com\/lbd\/wp-json\/wp\/v2\/tags?post=39259"}],"curies":[{"name":"wp","href":"https:\/\/api.w.org\/{rel}","templated":true}]}}