{"id":39272,"date":"2021-07-23T15:30:04","date_gmt":"2021-07-23T18:30:04","guid":{"rendered":"http:\/\/labestiadeportiva.com\/lbd\/?p=39272"},"modified":"2021-07-23T15:30:04","modified_gmt":"2021-07-23T18:30:04","slug":"positivas-confirmaciones","status":"publish","type":"post","link":"http:\/\/labestiadeportiva.com\/lbd\/positivas-confirmaciones\/","title":{"rendered":"Positivas confirmaciones"},"content":{"rendered":"<p><a href=\"http:\/\/labestiadeportiva.com\/lbd\/wp-content\/uploads\/2021\/07\/FB_IMG_1627063585420.jpg\"><img loading=\"lazy\" src=\"http:\/\/labestiadeportiva.com\/lbd\/wp-content\/uploads\/2021\/07\/FB_IMG_1627063585420-300x170.jpg\" alt=\"FB_IMG_1627063585420\" width=\"300\" height=\"170\" class=\"aligncenter size-medium wp-image-39273\" srcset=\"http:\/\/labestiadeportiva.com\/lbd\/wp-content\/uploads\/2021\/07\/FB_IMG_1627063585420-300x170.jpg 300w, http:\/\/labestiadeportiva.com\/lbd\/wp-content\/uploads\/2021\/07\/FB_IMG_1627063585420.jpg 720w\" sizes=\"(max-width: 300px) 100vw, 300px\" \/><\/a><\/p>\n<p>A trav\u00e9s de una Conferencia de Prensa en la localidad de Viedma, R\u00edo Negro, las autoridades confirmaron la realizaci\u00f3n de los Juegos EPADE, ParaEpade y una novedosa edici\u00f3n de Juegos de la Araucar\u00eda Nacionales con varias sedes y la inclusi\u00f3n del handball en car\u00e1cter de invitado. TDF recibir\u00e1 al v\u00f3ley.<!--more--><\/p>\n<p>El c\u00f3nclave cont\u00f3 con la presencia del Subsecretario de Deportes y Juventud Provincial, Carlos Turd\u00f3.<\/p>\n<p>Reuniones previas dieron como resultado la realizaci\u00f3n de las competencias juveniles para los deportistas de la Patagonia.<\/p>\n<p>En cuanto a fechas EPADE y ParaEpade se realizar\u00e1n en La Pampa del 5 al 10 de diciembre, aclarando que en tierra Pampeana contar\u00e1 con 7 sedes.<\/p>\n<p>La versi\u00f3n nacional de los Juegos de la Araucan\u00eda, categor\u00eda Sub 19, mantendr\u00e1 la fecha original de los Binacionales del 31 de octubre al 5 de noviembre.<\/p>\n<p>La particularidad ser\u00e1 los lugares de juego. Donde TDF recibir\u00e1 el v\u00f3ley, la capital santacruce\u00f1a la nataci\u00f3n, f\u00fatbol en Trelew y b\u00e1squet en Rawson dentro de la provincia de Chubut, Viedma tendr\u00e1 el judo y ciclismo mientras que el atletismo y el invitado handball (no sumar\u00e1 puntos para la clasificaci\u00f3n general) competir\u00e1 en Neuqu\u00e9n. <\/p>\n<p>Gran noticia para el deporte de la regi\u00f3n que a partir de la grata novedad intensificar\u00e1 su preparaci\u00f3n con la motivaci\u00f3n en alto.<\/p>\n<div class='epvc-post-count'><span class='epvc-eye'><\/span>  <span class=\"epvc-count\"> 973<\/span><span class='epvc-label'> veces le\u00edda<\/span><\/div>\n<div class=\"jwsharethis\">\nShare this: \n<br \/>\n<a href=\"mailto:?subject=Positivas%20confirmaciones&amp;body=http%3A%2F%2Flabestiadeportiva.com%2Flbd%2Fpositivas-confirmaciones%2F\">\n<img src=\"http:\/\/labestiadeportiva.com\/lbd\/wp-content\/plugins\/jw-share-this\/email.png\" alt=\"Share this page via Email\" \/>\n<\/a>\n<a target=\"_blank\" href=\"http:\/\/www.stumbleupon.com\/submit?url=http%3A%2F%2Flabestiadeportiva.com%2Flbd%2Fpositivas-confirmaciones%2F&amp;title=Positivas+confirmaciones\">\n<img src=\"http:\/\/labestiadeportiva.com\/lbd\/wp-content\/plugins\/jw-share-this\/su.png\" alt=\"Share this page via Stumble Upon\" \/>\n<\/a>\n<a target=\"_blank\" href=\"http:\/\/digg.com\/submit?url=http%3A%2F%2Flabestiadeportiva.com%2Flbd%2Fpositivas-confirmaciones%2F&amp;title=Positivas+confirmaciones\">\n<img src=\"http:\/\/labestiadeportiva.com\/lbd\/wp-content\/plugins\/jw-share-this\/digg.png\" alt=\"Share this page via Digg this\" \/>\n<\/a>\n<a target=\"_blank\" href=\"http:\/\/www.facebook.com\/sharer.php?u=http%3A%2F%2Flabestiadeportiva.com%2Flbd%2Fpositivas-confirmaciones%2F&amp;t=Positivas+confirmaciones\">\n<img src=\"http:\/\/labestiadeportiva.com\/lbd\/wp-content\/plugins\/jw-share-this\/fb.png\" alt=\"Share this page via Facebook\" \/>\n<\/a>\n<a target=\"_blank\" href=\"http:\/\/twitter.com\/intent\/tweet?text=I+like+http%3A%2F%2Flabestiadeportiva.com%2Flbd%2Fpositivas-confirmaciones%2F&amp;title=Positivas+confirmaciones\">\n<img src=\"http:\/\/labestiadeportiva.com\/lbd\/wp-content\/plugins\/jw-share-this\/twitter.png\" alt=\"Share this page via Twitter\" \/>\n<\/a>\n<\/div>\n","protected":false},"excerpt":{"rendered":"<p>A trav\u00e9s de una Conferencia de Prensa en la localidad de Viedma, R\u00edo Negro, las autoridades confirmaron la realizaci\u00f3n de los Juegos EPADE, ParaEpade y una novedosa edici\u00f3n de Juegos de la Araucar\u00eda Nacionales con varias sedes y la inclusi\u00f3n del handball en car\u00e1cter de invitado. TDF recibir\u00e1 al v\u00f3ley. 973 veces le\u00edda Share this:<\/p>\n","protected":false},"author":1,"featured_media":39273,"comment_status":"open","ping_status":"open","sticky":false,"template":"","format":"standard","meta":[],"categories":[5,6,2130,4557,4164,1],"tags":[593,4559,4558],"_links":{"self":[{"href":"http:\/\/labestiadeportiva.com\/lbd\/wp-json\/wp\/v2\/posts\/39272"}],"collection":[{"href":"http:\/\/labestiadeportiva.com\/lbd\/wp-json\/wp\/v2\/posts"}],"about":[{"href":"http:\/\/labestiadeportiva.com\/lbd\/wp-json\/wp\/v2\/types\/post"}],"author":[{"embeddable":true,"href":"http:\/\/labestiadeportiva.com\/lbd\/wp-json\/wp\/v2\/users\/1"}],"replies":[{"embeddable":true,"href":"http:\/\/labestiadeportiva.com\/lbd\/wp-json\/wp\/v2\/comments?post=39272"}],"version-history":[{"count":1,"href":"http:\/\/labestiadeportiva.com\/lbd\/wp-json\/wp\/v2\/posts\/39272\/revisions"}],"predecessor-version":[{"id":39274,"href":"http:\/\/labestiadeportiva.com\/lbd\/wp-json\/wp\/v2\/posts\/39272\/revisions\/39274"}],"wp:featuredmedia":[{"embeddable":true,"href":"http:\/\/labestiadeportiva.com\/lbd\/wp-json\/wp\/v2\/media\/39273"}],"wp:attachment":[{"href":"http:\/\/labestiadeportiva.com\/lbd\/wp-json\/wp\/v2\/media?parent=39272"}],"wp:term":[{"taxonomy":"category","embeddable":true,"href":"http:\/\/labestiadeportiva.com\/lbd\/wp-json\/wp\/v2\/categories?post=39272"},{"taxonomy":"post_tag","embeddable":true,"href":"http:\/\/labestiadeportiva.com\/lbd\/wp-json\/wp\/v2\/tags?post=39272"}],"curies":[{"name":"wp","href":"https:\/\/api.w.org\/{rel}","templated":true}]}}