{"id":39660,"date":"2021-09-07T12:01:44","date_gmt":"2021-09-07T15:01:44","guid":{"rendered":"http:\/\/labestiadeportiva.com\/lbd\/?p=39660"},"modified":"2021-09-07T12:08:11","modified_gmt":"2021-09-07T15:08:11","slug":"nair-y-agustin-la-rompieron-en-lomas-de-zamora","status":"publish","type":"post","link":"http:\/\/labestiadeportiva.com\/lbd\/nair-y-agustin-la-rompieron-en-lomas-de-zamora\/","title":{"rendered":"Nair y Agust\u00edn la rompieron en Lomas de Zamora"},"content":{"rendered":"<p><a href=\"http:\/\/labestiadeportiva.com\/lbd\/wp-content\/uploads\/2021\/09\/IMG-20210906-WA0032.jpg\"><img loading=\"lazy\" src=\"http:\/\/labestiadeportiva.com\/lbd\/wp-content\/uploads\/2021\/09\/IMG-20210906-WA0032.jpg\" alt=\"IMG-20210906-WA0032\" width=\"960\" height=\"1280\" class=\"aligncenter size-full wp-image-39662\" srcset=\"http:\/\/labestiadeportiva.com\/lbd\/wp-content\/uploads\/2021\/09\/IMG-20210906-WA0032.jpg 960w, http:\/\/labestiadeportiva.com\/lbd\/wp-content\/uploads\/2021\/09\/IMG-20210906-WA0032-225x300.jpg 225w, http:\/\/labestiadeportiva.com\/lbd\/wp-content\/uploads\/2021\/09\/IMG-20210906-WA0032-768x1024.jpg 768w\" sizes=\"(max-width: 960px) 100vw, 960px\" \/><\/a><br \/>\nLos dos j\u00f3venes integrantes de la Escuela Municipal de Kick Boxing Fin del Mundo, Nair Loreiro y Agust\u00edn Jara, se presentaron en la velada \u00abSupreme Warriors\u00bb ganando sus compromisos. <!--more--><\/p>\n<p>la jornada fue el s\u00e1bado donde la primera en subir a la jaula fue la debutante a nivel nacional Nair \u00abLa Pantera\u00bb Loreiro quien realiz\u00f3 una estupenda presentaci\u00f3n al vencer por KO al minuto cuarenta del segundo round a Jesica G\u00f3mez.<\/p>\n<p>En cuanto a \u00abAgus\u00bb Jara se consagr\u00f3 campe\u00f3n del t\u00edtulo Argentino semiprofesional \u00abSupreme Warriors\u00bb en una impecable producci\u00f3n de tres round, donde a pesar de vencer claramente, los jueces vieron su victoria en fallo dividido.<\/p>\n<p>Nuevo t\u00edtulo para la ciudad y la provincia que sirve para seguir con la mente puesta en el mundial de Egipto que llegar\u00e1 en el mes de Octubre.<\/p>\n<p>El cierre de la nota es para el reconocimiento a Mart\u00edn \u00abChino\u00bb Vallejos quien no solo es el entrenador de ambos sino tambi\u00e9n el principal formador de la Escuela Municipal de la especialidad quien realiza un gran trabajo en ense\u00f1anza y contenci\u00f3n a los j\u00f3venes de nuestra ciudad.             <\/p>\n<div class='epvc-post-count'><span class='epvc-eye'><\/span>  <span class=\"epvc-count\"> 1.178<\/span><span class='epvc-label'> veces le\u00edda<\/span><\/div>\n<div class=\"jwsharethis\">\nShare this: \n<br \/>\n<a href=\"mailto:?subject=Nair%20y%20Agust%C3%ADn%20la%20rompieron%20en%20Lomas%20de%20Zamora&amp;body=http%3A%2F%2Flabestiadeportiva.com%2Flbd%2Fnair-y-agustin-la-rompieron-en-lomas-de-zamora%2F\">\n<img src=\"http:\/\/labestiadeportiva.com\/lbd\/wp-content\/plugins\/jw-share-this\/email.png\" alt=\"Share this page via Email\" \/>\n<\/a>\n<a target=\"_blank\" href=\"http:\/\/www.stumbleupon.com\/submit?url=http%3A%2F%2Flabestiadeportiva.com%2Flbd%2Fnair-y-agustin-la-rompieron-en-lomas-de-zamora%2F&amp;title=Nair+y+Agust%C3%ADn+la+rompieron+en+Lomas+de+Zamora\">\n<img src=\"http:\/\/labestiadeportiva.com\/lbd\/wp-content\/plugins\/jw-share-this\/su.png\" alt=\"Share this page via Stumble Upon\" \/>\n<\/a>\n<a target=\"_blank\" href=\"http:\/\/digg.com\/submit?url=http%3A%2F%2Flabestiadeportiva.com%2Flbd%2Fnair-y-agustin-la-rompieron-en-lomas-de-zamora%2F&amp;title=Nair+y+Agust%C3%ADn+la+rompieron+en+Lomas+de+Zamora\">\n<img src=\"http:\/\/labestiadeportiva.com\/lbd\/wp-content\/plugins\/jw-share-this\/digg.png\" alt=\"Share this page via Digg this\" \/>\n<\/a>\n<a target=\"_blank\" href=\"http:\/\/www.facebook.com\/sharer.php?u=http%3A%2F%2Flabestiadeportiva.com%2Flbd%2Fnair-y-agustin-la-rompieron-en-lomas-de-zamora%2F&amp;t=Nair+y+Agust%C3%ADn+la+rompieron+en+Lomas+de+Zamora\">\n<img src=\"http:\/\/labestiadeportiva.com\/lbd\/wp-content\/plugins\/jw-share-this\/fb.png\" alt=\"Share this page via Facebook\" \/>\n<\/a>\n<a target=\"_blank\" href=\"http:\/\/twitter.com\/intent\/tweet?text=I+like+http%3A%2F%2Flabestiadeportiva.com%2Flbd%2Fnair-y-agustin-la-rompieron-en-lomas-de-zamora%2F&amp;title=Nair+y+Agust%C3%ADn+la+rompieron+en+Lomas+de+Zamora\">\n<img src=\"http:\/\/labestiadeportiva.com\/lbd\/wp-content\/plugins\/jw-share-this\/twitter.png\" alt=\"Share this page via Twitter\" \/>\n<\/a>\n<\/div>\n","protected":false},"excerpt":{"rendered":"<p>Los dos j\u00f3venes integrantes de la Escuela Municipal de Kick Boxing Fin del Mundo, Nair Loreiro y Agust\u00edn Jara, se presentaron en la velada \u00abSupreme Warriors\u00bb ganando sus compromisos. 1.178 veces le\u00edda Share this:<\/p>\n","protected":false},"author":1,"featured_media":39662,"comment_status":"open","ping_status":"open","sticky":false,"template":"","format":"standard","meta":[],"categories":[5,6,2241,1],"tags":[4015,1443,4586,3660],"_links":{"self":[{"href":"http:\/\/labestiadeportiva.com\/lbd\/wp-json\/wp\/v2\/posts\/39660"}],"collection":[{"href":"http:\/\/labestiadeportiva.com\/lbd\/wp-json\/wp\/v2\/posts"}],"about":[{"href":"http:\/\/labestiadeportiva.com\/lbd\/wp-json\/wp\/v2\/types\/post"}],"author":[{"embeddable":true,"href":"http:\/\/labestiadeportiva.com\/lbd\/wp-json\/wp\/v2\/users\/1"}],"replies":[{"embeddable":true,"href":"http:\/\/labestiadeportiva.com\/lbd\/wp-json\/wp\/v2\/comments?post=39660"}],"version-history":[{"count":2,"href":"http:\/\/labestiadeportiva.com\/lbd\/wp-json\/wp\/v2\/posts\/39660\/revisions"}],"predecessor-version":[{"id":39663,"href":"http:\/\/labestiadeportiva.com\/lbd\/wp-json\/wp\/v2\/posts\/39660\/revisions\/39663"}],"wp:featuredmedia":[{"embeddable":true,"href":"http:\/\/labestiadeportiva.com\/lbd\/wp-json\/wp\/v2\/media\/39662"}],"wp:attachment":[{"href":"http:\/\/labestiadeportiva.com\/lbd\/wp-json\/wp\/v2\/media?parent=39660"}],"wp:term":[{"taxonomy":"category","embeddable":true,"href":"http:\/\/labestiadeportiva.com\/lbd\/wp-json\/wp\/v2\/categories?post=39660"},{"taxonomy":"post_tag","embeddable":true,"href":"http:\/\/labestiadeportiva.com\/lbd\/wp-json\/wp\/v2\/tags?post=39660"}],"curies":[{"name":"wp","href":"https:\/\/api.w.org\/{rel}","templated":true}]}}