{"id":39688,"date":"2021-09-10T10:55:10","date_gmt":"2021-09-10T13:55:10","guid":{"rendered":"http:\/\/labestiadeportiva.com\/lbd\/?p=39688"},"modified":"2021-09-10T10:55:10","modified_gmt":"2021-09-10T13:55:10","slug":"la-fiesta-sonada","status":"publish","type":"post","link":"http:\/\/labestiadeportiva.com\/lbd\/la-fiesta-sonada\/","title":{"rendered":"La fiesta so\u00f1ada"},"content":{"rendered":"<p>Por Javier Nicol\u00e1s Baroli (Corresponsal LBD en R\u00edo Gallegos)<\/p>\n<p><a href=\"http:\/\/labestiadeportiva.com\/lbd\/wp-content\/uploads\/2021\/09\/IMG-20210910-WA00002.jpg\"><img loading=\"lazy\" src=\"http:\/\/labestiadeportiva.com\/lbd\/wp-content\/uploads\/2021\/09\/IMG-20210910-WA00002.jpg\" alt=\"IMG-20210910-WA0000~2\" width=\"720\" height=\"405\" class=\"aligncenter size-full wp-image-39689\" srcset=\"http:\/\/labestiadeportiva.com\/lbd\/wp-content\/uploads\/2021\/09\/IMG-20210910-WA00002.jpg 720w, http:\/\/labestiadeportiva.com\/lbd\/wp-content\/uploads\/2021\/09\/IMG-20210910-WA00002-300x169.jpg 300w\" sizes=\"(max-width: 720px) 100vw, 720px\" \/><\/a><br \/>\nMessi estremeci\u00f3 a un pa\u00eds. En el reencuentro con su gente post Copa Am\u00e9rica, sell\u00f3 un amor que ya es eterno. Tres goles y sus l\u00e1grimas que tocaron cada coraz\u00f3n argentino. <!--more--><\/p>\n<p>Y un d\u00eda Messi se recibi\u00f3 de \u00eddolo popular. Si bien sus goles emocionan a todo el planeta, la noche del jueves marc\u00f3 un antes y un despu\u00e9s en su vida y en la del hincha Argentino. <\/p>\n<p>Lejos de hacer comparaciones tediosas, entr\u00f3 en el sal\u00f3n de la fama Argento, en donde ya nadie lo puede cuestionar, como al Diego, Kempes, Batistuta, Masche y tantas glorias. <\/p>\n<p>Lo de la noche del monumental fue simb\u00f3lico, fue esa puerta al para\u00edso que s\u00f3lo \u00e9l hincha puede abrir y que para Messi, quedo abierta de por vida. <\/p>\n<p>En lo futbol\u00edstico, se ganaron tres puntos de oro, como cada punto en una eliminatoria. Mientras se espera la resoluci\u00f3n del papel\u00f3n de Brasil, la selecci\u00f3n que conduce Scaloni empieza t\u00edmidamente a armar las valijas y con miras a Qatar. <\/p>\n<p>Situaci\u00f3n que si tomamos como referencia la \u00faltima eliminatoria en donde Argentina entr\u00f3 por la ventana, enaltece a\u00fan m\u00e1s este proceso que se meti\u00f3 en el coraz\u00f3n de todos. <\/p>\n<p>Anoche Messi escribi\u00f3 su p\u00e1gina m\u00e1s Argentina como futbolista. Y desde LBD no nos queda m\u00e1s que decirte \u00abGracias por ser Argentino\u00bb.<\/p>\n<p><a href=\"http:\/\/labestiadeportiva.com\/lbd\/wp-content\/uploads\/2021\/09\/IMG-20210910-WA0001.jpg\"><img loading=\"lazy\" src=\"http:\/\/labestiadeportiva.com\/lbd\/wp-content\/uploads\/2021\/09\/IMG-20210910-WA0001.jpg\" alt=\"IMG-20210910-WA0001\" width=\"1024\" height=\"721\" class=\"aligncenter size-full wp-image-39690\" srcset=\"http:\/\/labestiadeportiva.com\/lbd\/wp-content\/uploads\/2021\/09\/IMG-20210910-WA0001.jpg 1024w, http:\/\/labestiadeportiva.com\/lbd\/wp-content\/uploads\/2021\/09\/IMG-20210910-WA0001-300x211.jpg 300w\" sizes=\"(max-width: 1024px) 100vw, 1024px\" \/><\/a><\/p>\n<div class='epvc-post-count'><span class='epvc-eye'><\/span>  <span class=\"epvc-count\"> 1.061<\/span><span class='epvc-label'> veces le\u00edda<\/span><\/div>\n<div class=\"jwsharethis\">\nShare this: \n<br \/>\n<a href=\"mailto:?subject=La%20fiesta%20so%C3%B1ada&amp;body=http%3A%2F%2Flabestiadeportiva.com%2Flbd%2Fla-fiesta-sonada%2F\">\n<img src=\"http:\/\/labestiadeportiva.com\/lbd\/wp-content\/plugins\/jw-share-this\/email.png\" alt=\"Share this page via Email\" \/>\n<\/a>\n<a target=\"_blank\" href=\"http:\/\/www.stumbleupon.com\/submit?url=http%3A%2F%2Flabestiadeportiva.com%2Flbd%2Fla-fiesta-sonada%2F&amp;title=La+fiesta+so%C3%B1ada\">\n<img src=\"http:\/\/labestiadeportiva.com\/lbd\/wp-content\/plugins\/jw-share-this\/su.png\" alt=\"Share this page via Stumble Upon\" \/>\n<\/a>\n<a target=\"_blank\" href=\"http:\/\/digg.com\/submit?url=http%3A%2F%2Flabestiadeportiva.com%2Flbd%2Fla-fiesta-sonada%2F&amp;title=La+fiesta+so%C3%B1ada\">\n<img src=\"http:\/\/labestiadeportiva.com\/lbd\/wp-content\/plugins\/jw-share-this\/digg.png\" alt=\"Share this page via Digg this\" \/>\n<\/a>\n<a target=\"_blank\" href=\"http:\/\/www.facebook.com\/sharer.php?u=http%3A%2F%2Flabestiadeportiva.com%2Flbd%2Fla-fiesta-sonada%2F&amp;t=La+fiesta+so%C3%B1ada\">\n<img src=\"http:\/\/labestiadeportiva.com\/lbd\/wp-content\/plugins\/jw-share-this\/fb.png\" alt=\"Share this page via Facebook\" \/>\n<\/a>\n<a target=\"_blank\" href=\"http:\/\/twitter.com\/intent\/tweet?text=I+like+http%3A%2F%2Flabestiadeportiva.com%2Flbd%2Fla-fiesta-sonada%2F&amp;title=La+fiesta+so%C3%B1ada\">\n<img src=\"http:\/\/labestiadeportiva.com\/lbd\/wp-content\/plugins\/jw-share-this\/twitter.png\" alt=\"Share this page via Twitter\" \/>\n<\/a>\n<\/div>\n","protected":false},"excerpt":{"rendered":"<p>Por Javier Nicol\u00e1s Baroli (Corresponsal LBD en R\u00edo Gallegos) Messi estremeci\u00f3 a un pa\u00eds. En el reencuentro con su gente post Copa Am\u00e9rica, sell\u00f3 un amor que ya es eterno. Tres goles y sus l\u00e1grimas que tocaron cada coraz\u00f3n argentino. 1.061 veces le\u00edda Share this:<\/p>\n","protected":false},"author":1,"featured_media":39690,"comment_status":"open","ping_status":"open","sticky":false,"template":"","format":"standard","meta":[],"categories":[4,14,1,3946],"tags":[144,58,4830,91],"_links":{"self":[{"href":"http:\/\/labestiadeportiva.com\/lbd\/wp-json\/wp\/v2\/posts\/39688"}],"collection":[{"href":"http:\/\/labestiadeportiva.com\/lbd\/wp-json\/wp\/v2\/posts"}],"about":[{"href":"http:\/\/labestiadeportiva.com\/lbd\/wp-json\/wp\/v2\/types\/post"}],"author":[{"embeddable":true,"href":"http:\/\/labestiadeportiva.com\/lbd\/wp-json\/wp\/v2\/users\/1"}],"replies":[{"embeddable":true,"href":"http:\/\/labestiadeportiva.com\/lbd\/wp-json\/wp\/v2\/comments?post=39688"}],"version-history":[{"count":1,"href":"http:\/\/labestiadeportiva.com\/lbd\/wp-json\/wp\/v2\/posts\/39688\/revisions"}],"predecessor-version":[{"id":39691,"href":"http:\/\/labestiadeportiva.com\/lbd\/wp-json\/wp\/v2\/posts\/39688\/revisions\/39691"}],"wp:featuredmedia":[{"embeddable":true,"href":"http:\/\/labestiadeportiva.com\/lbd\/wp-json\/wp\/v2\/media\/39690"}],"wp:attachment":[{"href":"http:\/\/labestiadeportiva.com\/lbd\/wp-json\/wp\/v2\/media?parent=39688"}],"wp:term":[{"taxonomy":"category","embeddable":true,"href":"http:\/\/labestiadeportiva.com\/lbd\/wp-json\/wp\/v2\/categories?post=39688"},{"taxonomy":"post_tag","embeddable":true,"href":"http:\/\/labestiadeportiva.com\/lbd\/wp-json\/wp\/v2\/tags?post=39688"}],"curies":[{"name":"wp","href":"https:\/\/api.w.org\/{rel}","templated":true}]}}