{"id":39957,"date":"2021-10-05T10:39:57","date_gmt":"2021-10-05T13:39:57","guid":{"rendered":"http:\/\/labestiadeportiva.com\/lbd\/?p=39957"},"modified":"2021-10-05T10:39:57","modified_gmt":"2021-10-05T13:39:57","slug":"estamos-enfocados-esto-recien-empieza","status":"publish","type":"post","link":"http:\/\/labestiadeportiva.com\/lbd\/estamos-enfocados-esto-recien-empieza\/","title":{"rendered":"\u00abEstamos enfocados, esto reci\u00e9n empieza\u00bb"},"content":{"rendered":"<p>Por Javier Nicol\u00e1s Baroli (Corresponsal LBD en R\u00edo Gallegos)<\/p>\n<p><a href=\"http:\/\/labestiadeportiva.com\/lbd\/wp-content\/uploads\/2021\/10\/IMG-20211005-WA0020.jpg\"><img loading=\"lazy\" src=\"http:\/\/labestiadeportiva.com\/lbd\/wp-content\/uploads\/2021\/10\/IMG-20211005-WA0020.jpg\" alt=\"IMG-20211005-WA0020\" width=\"700\" height=\"700\" class=\"aligncenter size-full wp-image-39958\" srcset=\"http:\/\/labestiadeportiva.com\/lbd\/wp-content\/uploads\/2021\/10\/IMG-20211005-WA0020.jpg 700w, http:\/\/labestiadeportiva.com\/lbd\/wp-content\/uploads\/2021\/10\/IMG-20211005-WA0020-150x150.jpg 150w, http:\/\/labestiadeportiva.com\/lbd\/wp-content\/uploads\/2021\/10\/IMG-20211005-WA0020-300x300.jpg 300w, http:\/\/labestiadeportiva.com\/lbd\/wp-content\/uploads\/2021\/10\/IMG-20211005-WA0020-640x640.jpg 640w\" sizes=\"(max-width: 700px) 100vw, 700px\" \/><\/a><br \/>\nPalabra autorizada, Marcos Saglietti, capit\u00e1n y faro de \u00e9ste Hispano versi\u00f3n 2021\/22. Autocr\u00edtico pero consciente de la etapa por la que atraviesa el equipo. Virtudes y aspectos a mejorar en la voz de un guerrero de mil batallas, que planta bandera en este nuevo desaf\u00edo.<!--more--><\/p>\n<p>Pas\u00f3 la primera burbuja para el equipo m\u00e1s austral de la Liga. La falta de amistosos y la lesi\u00f3n de uno de sus extranjeros pr\u00f3ximo a llegar, la demora en la llegada de su reemplazante, sean tal vez atenuantes de \u00e9ste presente. <\/p>\n<p>Sin embargo Marcos Saglietti, lejos de buscar excusas, apela a la f\u00f3rmula con la que sigue vigente tras sus 18 temporadas como profesional \u201cestamos tranquilos pero si ocup\u00e1ndonos de las cosas que tenemos que seguir mejorando, no hay otra f\u00f3rmula que el trabajo\u201d<\/p>\n<p>Si bien fue competitivo y estuvo en juego en todos los partidos, Hispano no pudo obtener victorias. El alero santafesino analiza los primeros partidos del Celeste \u201cfue un arranque dif\u00edcil, si bien tuvimos momentos de buen b\u00e1squet, tambi\u00e9n tuvimos momentos en donde las cosas no nos han salido, en donde hemos jugado mal, con desatenciones\u201d<\/p>\n<p>El camino es largo y el equipo asume el momento que atraviesan \u201csomos conscientes que tenemos much\u00edsimas cosas que mejorar, sobre todo defensivas. En ofensiva mostramos cosas interesantes, un juego solidario, nos pasamos la pelota, tenemos gol en varias posiciones, por eso tenemos mucho que trabajar y mejorar, fundamentalmente en defensa\u201d<\/p>\n<p>Mientras trabajan en Jun\u00edn con vistas a la segunda fase del certamen en donde el Hispano enfrentar\u00e1 a Obras el 11 de Octubre, Saglietti analiza la competencia y su importancia \u201ceste S\u00faper 20 te da un pantallazo de lo que le falta trabajar al equipo. <\/p>\n<p>Estamos muy enfocados y somos muy conscientes en lo que tenemos que seguir trabajando. Por suerte esto reci\u00e9n empieza, falta much\u00edsimo camino por recorrer\u201d<\/p>\n<div class='epvc-post-count'><span class='epvc-eye'><\/span>  <span class=\"epvc-count\"> 1.037<\/span><span class='epvc-label'> veces le\u00edda<\/span><\/div>\n<div class=\"jwsharethis\">\nShare this: \n<br \/>\n<a href=\"mailto:?subject=%C2%ABEstamos%20enfocados%2C%20esto%20reci%C3%A9n%20empieza%C2%BB&amp;body=http%3A%2F%2Flabestiadeportiva.com%2Flbd%2Festamos-enfocados-esto-recien-empieza%2F\">\n<img src=\"http:\/\/labestiadeportiva.com\/lbd\/wp-content\/plugins\/jw-share-this\/email.png\" alt=\"Share this page via Email\" \/>\n<\/a>\n<a target=\"_blank\" href=\"http:\/\/www.stumbleupon.com\/submit?url=http%3A%2F%2Flabestiadeportiva.com%2Flbd%2Festamos-enfocados-esto-recien-empieza%2F&amp;title=%C2%ABEstamos+enfocados%2C+esto+reci%C3%A9n+empieza%C2%BB\">\n<img src=\"http:\/\/labestiadeportiva.com\/lbd\/wp-content\/plugins\/jw-share-this\/su.png\" alt=\"Share this page via Stumble Upon\" \/>\n<\/a>\n<a target=\"_blank\" href=\"http:\/\/digg.com\/submit?url=http%3A%2F%2Flabestiadeportiva.com%2Flbd%2Festamos-enfocados-esto-recien-empieza%2F&amp;title=%C2%ABEstamos+enfocados%2C+esto+reci%C3%A9n+empieza%C2%BB\">\n<img src=\"http:\/\/labestiadeportiva.com\/lbd\/wp-content\/plugins\/jw-share-this\/digg.png\" alt=\"Share this page via Digg this\" \/>\n<\/a>\n<a target=\"_blank\" href=\"http:\/\/www.facebook.com\/sharer.php?u=http%3A%2F%2Flabestiadeportiva.com%2Flbd%2Festamos-enfocados-esto-recien-empieza%2F&amp;t=%C2%ABEstamos+enfocados%2C+esto+reci%C3%A9n+empieza%C2%BB\">\n<img src=\"http:\/\/labestiadeportiva.com\/lbd\/wp-content\/plugins\/jw-share-this\/fb.png\" alt=\"Share this page via Facebook\" \/>\n<\/a>\n<a target=\"_blank\" href=\"http:\/\/twitter.com\/intent\/tweet?text=I+like+http%3A%2F%2Flabestiadeportiva.com%2Flbd%2Festamos-enfocados-esto-recien-empieza%2F&amp;title=%C2%ABEstamos+enfocados%2C+esto+reci%C3%A9n+empieza%C2%BB\">\n<img src=\"http:\/\/labestiadeportiva.com\/lbd\/wp-content\/plugins\/jw-share-this\/twitter.png\" alt=\"Share this page via Twitter\" \/>\n<\/a>\n<\/div>\n","protected":false},"excerpt":{"rendered":"<p>Por Javier Nicol\u00e1s Baroli (Corresponsal LBD en R\u00edo Gallegos) Palabra autorizada, Marcos Saglietti, capit\u00e1n y faro de \u00e9ste Hispano versi\u00f3n 2021\/22. Autocr\u00edtico pero consciente de la etapa por la que atraviesa el equipo. Virtudes y aspectos a mejorar en la voz de un guerrero de mil batallas, que planta bandera en este nuevo desaf\u00edo. 1.037 &hellip; <a href=\"http:\/\/labestiadeportiva.com\/lbd\/estamos-enfocados-esto-recien-empieza\/\" class=\"more-link\">Seguir leyendo <span class=\"screen-reader-text\">\u00abEstamos enfocados, esto reci\u00e9n empieza\u00bb<\/span> <span class=\"meta-nav\">&rarr;<\/span><\/a><\/p>\n","protected":false},"author":1,"featured_media":39958,"comment_status":"open","ping_status":"open","sticky":false,"template":"","format":"standard","meta":[],"categories":[410,6,60,1],"tags":[171,4838,3695,1062,3338],"_links":{"self":[{"href":"http:\/\/labestiadeportiva.com\/lbd\/wp-json\/wp\/v2\/posts\/39957"}],"collection":[{"href":"http:\/\/labestiadeportiva.com\/lbd\/wp-json\/wp\/v2\/posts"}],"about":[{"href":"http:\/\/labestiadeportiva.com\/lbd\/wp-json\/wp\/v2\/types\/post"}],"author":[{"embeddable":true,"href":"http:\/\/labestiadeportiva.com\/lbd\/wp-json\/wp\/v2\/users\/1"}],"replies":[{"embeddable":true,"href":"http:\/\/labestiadeportiva.com\/lbd\/wp-json\/wp\/v2\/comments?post=39957"}],"version-history":[{"count":1,"href":"http:\/\/labestiadeportiva.com\/lbd\/wp-json\/wp\/v2\/posts\/39957\/revisions"}],"predecessor-version":[{"id":39959,"href":"http:\/\/labestiadeportiva.com\/lbd\/wp-json\/wp\/v2\/posts\/39957\/revisions\/39959"}],"wp:featuredmedia":[{"embeddable":true,"href":"http:\/\/labestiadeportiva.com\/lbd\/wp-json\/wp\/v2\/media\/39958"}],"wp:attachment":[{"href":"http:\/\/labestiadeportiva.com\/lbd\/wp-json\/wp\/v2\/media?parent=39957"}],"wp:term":[{"taxonomy":"category","embeddable":true,"href":"http:\/\/labestiadeportiva.com\/lbd\/wp-json\/wp\/v2\/categories?post=39957"},{"taxonomy":"post_tag","embeddable":true,"href":"http:\/\/labestiadeportiva.com\/lbd\/wp-json\/wp\/v2\/tags?post=39957"}],"curies":[{"name":"wp","href":"https:\/\/api.w.org\/{rel}","templated":true}]}}