{"id":39970,"date":"2021-10-06T12:15:00","date_gmt":"2021-10-06T15:15:00","guid":{"rendered":"http:\/\/labestiadeportiva.com\/lbd\/?p=39970"},"modified":"2021-10-06T12:15:00","modified_gmt":"2021-10-06T15:15:00","slug":"todos-juntos","status":"publish","type":"post","link":"http:\/\/labestiadeportiva.com\/lbd\/todos-juntos\/","title":{"rendered":"Todos juntos"},"content":{"rendered":"<p>Por Carlos Ru\u00edz y Mar\u00eda Elena Cantos (Colaboraci\u00f3n Especial para LBD) <\/p>\n<p><a href=\"http:\/\/labestiadeportiva.com\/lbd\/wp-content\/uploads\/2021\/10\/IMG-20211006-WA00203.jpg\"><img loading=\"lazy\" src=\"http:\/\/labestiadeportiva.com\/lbd\/wp-content\/uploads\/2021\/10\/IMG-20211006-WA00203.jpg\" alt=\"IMG-20211006-WA0020~3\" width=\"1565\" height=\"742\" class=\"aligncenter size-full wp-image-39971\" srcset=\"http:\/\/labestiadeportiva.com\/lbd\/wp-content\/uploads\/2021\/10\/IMG-20211006-WA00203.jpg 1565w, http:\/\/labestiadeportiva.com\/lbd\/wp-content\/uploads\/2021\/10\/IMG-20211006-WA00203-300x142.jpg 300w, http:\/\/labestiadeportiva.com\/lbd\/wp-content\/uploads\/2021\/10\/IMG-20211006-WA00203-1024x486.jpg 1024w, http:\/\/labestiadeportiva.com\/lbd\/wp-content\/uploads\/2021\/10\/IMG-20211006-WA00203-640x303.jpg 640w\" sizes=\"(max-width: 1565px) 100vw, 1565px\" \/><\/a><br \/>\nTorneo\/Encuentro durante el fin de semana para la gente del Tiro con Arco provincial. Cinco escuelas y m\u00e1s de 70 tiradores presentes en el gimnasio de la Escuela Provincial N\u00b0 31 de Ushuaia. Los detalles a cargo de la gente de Arqueros del Fuego.<!--more--><\/p>\n<p>\u00abLos cinco clubes de la provincia, comenzaron a trabajar mancomunadamente en la organizaci\u00f3n del torneo, evento que se desarroll\u00f3 en dos d\u00edas,  s\u00e1bado 2 y domingo 3.<\/p>\n<p>Se recibieron con gran hospitalidad a todos los arqueros y arqueras con sus familias provenientes de la ciudad de R\u00edo Grande.<\/p>\n<p>Cabe destacar que el evento principal fue el desarrollo de los Juegos Deportivos Fueguinos, en donde compitieron arqueros de la categor\u00eda Sub 14 con el objetivo de establecer a los dos representantes a nivel nacional que recay\u00f3 en Shania Moran\u00e9 y Nicol\u00e1s Aglieri (Juegos Nacionales Evita) con gran participaci\u00f3n y nivel de tiro de todos los inscriptos.<\/p>\n<p><a href=\"http:\/\/labestiadeportiva.com\/lbd\/wp-content\/uploads\/2021\/10\/IMG-20211006-WA00192.jpg\"><img loading=\"lazy\" src=\"http:\/\/labestiadeportiva.com\/lbd\/wp-content\/uploads\/2021\/10\/IMG-20211006-WA00192.jpg\" alt=\"IMG-20211006-WA0019~2\" width=\"1600\" height=\"900\" class=\"aligncenter size-full wp-image-39972\" srcset=\"http:\/\/labestiadeportiva.com\/lbd\/wp-content\/uploads\/2021\/10\/IMG-20211006-WA00192.jpg 1600w, http:\/\/labestiadeportiva.com\/lbd\/wp-content\/uploads\/2021\/10\/IMG-20211006-WA00192-300x169.jpg 300w, http:\/\/labestiadeportiva.com\/lbd\/wp-content\/uploads\/2021\/10\/IMG-20211006-WA00192-1024x576.jpg 1024w, http:\/\/labestiadeportiva.com\/lbd\/wp-content\/uploads\/2021\/10\/IMG-20211006-WA00192-640x360.jpg 640w\" sizes=\"(max-width: 1600px) 100vw, 1600px\" \/><\/a><br \/>\nAsimismo se realizaron torneos de los segmentos Sub 11, Sub 17 y Sub +18 quienes se lucieron realizando una verdadera fiesta de la disciplina cumpliendo el objetivo de hacer conocer y crecer el Tiro con Arco.<\/p>\n<p>Desde la organizaci\u00f3n el agradecimiento a toda la gran familia de la arquer\u00eda por el trabajo en equipo como as\u00ed tambi\u00e9n al acompa\u00f1amiento de la Secretaria de Deportes Provincial a trav\u00e9s de Mariano Vallaro y Gabriela Insaurralde, la cartera provincial comprometi\u00f3 su ayuda para poder organizar y desarrollar la Liga de Tiro con Arco Provincial con nuestra Copa del Fin del Mundo, un sue\u00f1o m\u00e1s por cumplir\u00bb.<\/p>\n<p><a href=\"http:\/\/labestiadeportiva.com\/lbd\/wp-content\/uploads\/2021\/10\/IMG-20211006-WA00232.jpg\"><img loading=\"lazy\" src=\"http:\/\/labestiadeportiva.com\/lbd\/wp-content\/uploads\/2021\/10\/IMG-20211006-WA00232.jpg\" alt=\"IMG-20211006-WA0023~2\" width=\"1568\" height=\"742\" class=\"aligncenter size-full wp-image-39973\" srcset=\"http:\/\/labestiadeportiva.com\/lbd\/wp-content\/uploads\/2021\/10\/IMG-20211006-WA00232.jpg 1568w, http:\/\/labestiadeportiva.com\/lbd\/wp-content\/uploads\/2021\/10\/IMG-20211006-WA00232-300x142.jpg 300w, http:\/\/labestiadeportiva.com\/lbd\/wp-content\/uploads\/2021\/10\/IMG-20211006-WA00232-1024x485.jpg 1024w, http:\/\/labestiadeportiva.com\/lbd\/wp-content\/uploads\/2021\/10\/IMG-20211006-WA00232-640x303.jpg 640w\" sizes=\"(max-width: 1568px) 100vw, 1568px\" \/><\/a><br \/>\nLas Escuelas participantes<\/p>\n<p>Ushuaia<br \/>\nARQUEROS  DEL FUEGO<br \/>\nEntrenadores Cantos Mar\u00eda Elena y Ruiz Carlos<br \/>\nUYANA JACU<br \/>\nEntrenador<br \/>\nBibe V\u00edctor<br \/>\nARQUEROS DEL MARTIAL.<br \/>\nInstructores<br \/>\nHeredia Fabi\u00e1n y Aquino Sandra.<\/p>\n<p>R\u00edo Grande<br \/>\nAFTA-LOS \u00d1IRES<br \/>\n(Agrupaci\u00f3n Fueguina de Tiro con Arco)<br \/>\nEntrenadores<br \/>\nBalbo Carlos, Giudici H\u00e9ctor, \u00c1guila  Susana<br \/>\nTICA RGA (Tiro con Arco R\u00edo Grande )<br \/>\nA cargo de<br \/>\nCasabene Jose Luis, Morillas Manuel y Helm Eduardo.<br \/>\n<a href=\"http:\/\/labestiadeportiva.com\/lbd\/wp-content\/uploads\/2021\/10\/IMG-20211006-WA00242.jpg\"><img loading=\"lazy\" src=\"http:\/\/labestiadeportiva.com\/lbd\/wp-content\/uploads\/2021\/10\/IMG-20211006-WA00242.jpg\" alt=\"IMG-20211006-WA0024~2\" width=\"1200\" height=\"1600\" class=\"aligncenter size-full wp-image-39974\" srcset=\"http:\/\/labestiadeportiva.com\/lbd\/wp-content\/uploads\/2021\/10\/IMG-20211006-WA00242.jpg 1200w, http:\/\/labestiadeportiva.com\/lbd\/wp-content\/uploads\/2021\/10\/IMG-20211006-WA00242-225x300.jpg 225w, http:\/\/labestiadeportiva.com\/lbd\/wp-content\/uploads\/2021\/10\/IMG-20211006-WA00242-768x1024.jpg 768w, http:\/\/labestiadeportiva.com\/lbd\/wp-content\/uploads\/2021\/10\/IMG-20211006-WA00242-640x853.jpg 640w\" sizes=\"(max-width: 1200px) 100vw, 1200px\" \/><\/a><\/p>\n<div class='epvc-post-count'><span class='epvc-eye'><\/span>  <span class=\"epvc-count\"> 1.025<\/span><span class='epvc-label'> veces le\u00edda<\/span><\/div>\n<div class=\"jwsharethis\">\nShare this: \n<br \/>\n<a href=\"mailto:?subject=Todos%20juntos&amp;body=http%3A%2F%2Flabestiadeportiva.com%2Flbd%2Ftodos-juntos%2F\">\n<img src=\"http:\/\/labestiadeportiva.com\/lbd\/wp-content\/plugins\/jw-share-this\/email.png\" alt=\"Share this page via Email\" \/>\n<\/a>\n<a target=\"_blank\" href=\"http:\/\/www.stumbleupon.com\/submit?url=http%3A%2F%2Flabestiadeportiva.com%2Flbd%2Ftodos-juntos%2F&amp;title=Todos+juntos\">\n<img src=\"http:\/\/labestiadeportiva.com\/lbd\/wp-content\/plugins\/jw-share-this\/su.png\" alt=\"Share this page via Stumble Upon\" \/>\n<\/a>\n<a target=\"_blank\" href=\"http:\/\/digg.com\/submit?url=http%3A%2F%2Flabestiadeportiva.com%2Flbd%2Ftodos-juntos%2F&amp;title=Todos+juntos\">\n<img src=\"http:\/\/labestiadeportiva.com\/lbd\/wp-content\/plugins\/jw-share-this\/digg.png\" alt=\"Share this page via Digg this\" \/>\n<\/a>\n<a target=\"_blank\" href=\"http:\/\/www.facebook.com\/sharer.php?u=http%3A%2F%2Flabestiadeportiva.com%2Flbd%2Ftodos-juntos%2F&amp;t=Todos+juntos\">\n<img src=\"http:\/\/labestiadeportiva.com\/lbd\/wp-content\/plugins\/jw-share-this\/fb.png\" alt=\"Share this page via Facebook\" \/>\n<\/a>\n<a target=\"_blank\" href=\"http:\/\/twitter.com\/intent\/tweet?text=I+like+http%3A%2F%2Flabestiadeportiva.com%2Flbd%2Ftodos-juntos%2F&amp;title=Todos+juntos\">\n<img src=\"http:\/\/labestiadeportiva.com\/lbd\/wp-content\/plugins\/jw-share-this\/twitter.png\" alt=\"Share this page via Twitter\" \/>\n<\/a>\n<\/div>\n","protected":false},"excerpt":{"rendered":"<p>Por Carlos Ru\u00edz y Mar\u00eda Elena Cantos (Colaboraci\u00f3n Especial para LBD) Torneo\/Encuentro durante el fin de semana para la gente del Tiro con Arco provincial. Cinco escuelas y m\u00e1s de 70 tiradores presentes en el gimnasio de la Escuela Provincial N\u00b0 31 de Ushuaia. Los detalles a cargo de la gente de Arqueros del Fuego. &hellip; <a href=\"http:\/\/labestiadeportiva.com\/lbd\/todos-juntos\/\" class=\"more-link\">Seguir leyendo <span class=\"screen-reader-text\">Todos juntos<\/span> <span class=\"meta-nav\">&rarr;<\/span><\/a><\/p>\n","protected":false},"author":1,"featured_media":39973,"comment_status":"open","ping_status":"open","sticky":false,"template":"","format":"standard","meta":[],"categories":[5,1,4051],"tags":[3660,4052,4617],"_links":{"self":[{"href":"http:\/\/labestiadeportiva.com\/lbd\/wp-json\/wp\/v2\/posts\/39970"}],"collection":[{"href":"http:\/\/labestiadeportiva.com\/lbd\/wp-json\/wp\/v2\/posts"}],"about":[{"href":"http:\/\/labestiadeportiva.com\/lbd\/wp-json\/wp\/v2\/types\/post"}],"author":[{"embeddable":true,"href":"http:\/\/labestiadeportiva.com\/lbd\/wp-json\/wp\/v2\/users\/1"}],"replies":[{"embeddable":true,"href":"http:\/\/labestiadeportiva.com\/lbd\/wp-json\/wp\/v2\/comments?post=39970"}],"version-history":[{"count":1,"href":"http:\/\/labestiadeportiva.com\/lbd\/wp-json\/wp\/v2\/posts\/39970\/revisions"}],"predecessor-version":[{"id":39975,"href":"http:\/\/labestiadeportiva.com\/lbd\/wp-json\/wp\/v2\/posts\/39970\/revisions\/39975"}],"wp:featuredmedia":[{"embeddable":true,"href":"http:\/\/labestiadeportiva.com\/lbd\/wp-json\/wp\/v2\/media\/39973"}],"wp:attachment":[{"href":"http:\/\/labestiadeportiva.com\/lbd\/wp-json\/wp\/v2\/media?parent=39970"}],"wp:term":[{"taxonomy":"category","embeddable":true,"href":"http:\/\/labestiadeportiva.com\/lbd\/wp-json\/wp\/v2\/categories?post=39970"},{"taxonomy":"post_tag","embeddable":true,"href":"http:\/\/labestiadeportiva.com\/lbd\/wp-json\/wp\/v2\/tags?post=39970"}],"curies":[{"name":"wp","href":"https:\/\/api.w.org\/{rel}","templated":true}]}}