{"id":39990,"date":"2021-10-07T08:17:41","date_gmt":"2021-10-07T11:17:41","guid":{"rendered":"http:\/\/labestiadeportiva.com\/lbd\/?p=39990"},"modified":"2021-10-07T08:20:35","modified_gmt":"2021-10-07T11:20:35","slug":"son-muchas-sensaciones-encontradas-feliz-por-poder-volver-y-una-alegria-muy-grande-por-todo-el-equipo-que-me-acompana-audio","status":"publish","type":"post","link":"http:\/\/labestiadeportiva.com\/lbd\/son-muchas-sensaciones-encontradas-feliz-por-poder-volver-y-una-alegria-muy-grande-por-todo-el-equipo-que-me-acompana-audio\/","title":{"rendered":"\u00abSon muchas sensaciones encontradas, feliz por poder volver y una alegr\u00eda muy grande por todo el equipo que me acompa\u00f1a\u00bb (Audio)"},"content":{"rendered":"<p><a href=\"http:\/\/labestiadeportiva.com\/lbd\/wp-content\/uploads\/2021\/10\/IMG-20211006-WA00802.jpg\"><img loading=\"lazy\" src=\"http:\/\/labestiadeportiva.com\/lbd\/wp-content\/uploads\/2021\/10\/IMG-20211006-WA00802.jpg\" alt=\"IMG-20211006-WA0080~2\" width=\"461\" height=\"410\" class=\"aligncenter size-full wp-image-39993\" srcset=\"http:\/\/labestiadeportiva.com\/lbd\/wp-content\/uploads\/2021\/10\/IMG-20211006-WA00802.jpg 461w, http:\/\/labestiadeportiva.com\/lbd\/wp-content\/uploads\/2021\/10\/IMG-20211006-WA00802-300x267.jpg 300w\" sizes=\"(max-width: 461px) 100vw, 461px\" \/><\/a>Horacio \u00abChory\u00bb Zentner est\u00e1 de regreso y ser\u00e1 de la partida en el \u00abRally de los Glaciares\u00bb. A mitad de camino hacia El Calafate nos contactamos con \u00e9l. Los detalles de auto, equipo y sponsors como as\u00ed tambi\u00e9n la intenci\u00f3n de ser protagonista en la nota realizada con el experimentado piloto este martes en la 94.1 FM del Sur.<!--more--><\/p>\n<p><iframe loading=\"lazy\" width=\"560\" height=\"315\" src=\"https:\/\/www.youtube.com\/embed\/Rf-D08-k3jY\" title=\"YouTube video player\" frameborder=\"0\" allow=\"accelerometer; autoplay; clipboard-write; encrypted-media; gyroscope; picture-in-picture\" allowfullscreen><\/iframe><\/p>\n<div class='epvc-post-count'><span class='epvc-eye'><\/span>  <span class=\"epvc-count\"> 971<\/span><span class='epvc-label'> veces le\u00edda<\/span><\/div>\n<div class=\"jwsharethis\">\nShare this: \n<br \/>\n<a href=\"mailto:?subject=%C2%ABSon%20muchas%20sensaciones%20encontradas%2C%20feliz%20por%20poder%20volver%20y%20una%20alegr%C3%ADa%20muy%20grande%20por%20todo%20el%20equipo%20que%20me%20acompa%C3%B1a%C2%BB%20%28Audio%29&amp;body=http%3A%2F%2Flabestiadeportiva.com%2Flbd%2Fson-muchas-sensaciones-encontradas-feliz-por-poder-volver-y-una-alegria-muy-grande-por-todo-el-equipo-que-me-acompana-audio%2F\">\n<img src=\"http:\/\/labestiadeportiva.com\/lbd\/wp-content\/plugins\/jw-share-this\/email.png\" alt=\"Share this page via Email\" \/>\n<\/a>\n<a target=\"_blank\" href=\"http:\/\/www.stumbleupon.com\/submit?url=http%3A%2F%2Flabestiadeportiva.com%2Flbd%2Fson-muchas-sensaciones-encontradas-feliz-por-poder-volver-y-una-alegria-muy-grande-por-todo-el-equipo-que-me-acompana-audio%2F&amp;title=%C2%ABSon+muchas+sensaciones+encontradas%2C+feliz+por+poder+volver+y+una+alegr%C3%ADa+muy+grande+por+todo+el+equipo+que+me+acompa%C3%B1a%C2%BB+%28Audio%29\">\n<img src=\"http:\/\/labestiadeportiva.com\/lbd\/wp-content\/plugins\/jw-share-this\/su.png\" alt=\"Share this page via Stumble Upon\" \/>\n<\/a>\n<a target=\"_blank\" href=\"http:\/\/digg.com\/submit?url=http%3A%2F%2Flabestiadeportiva.com%2Flbd%2Fson-muchas-sensaciones-encontradas-feliz-por-poder-volver-y-una-alegria-muy-grande-por-todo-el-equipo-que-me-acompana-audio%2F&amp;title=%C2%ABSon+muchas+sensaciones+encontradas%2C+feliz+por+poder+volver+y+una+alegr%C3%ADa+muy+grande+por+todo+el+equipo+que+me+acompa%C3%B1a%C2%BB+%28Audio%29\">\n<img src=\"http:\/\/labestiadeportiva.com\/lbd\/wp-content\/plugins\/jw-share-this\/digg.png\" alt=\"Share this page via Digg this\" \/>\n<\/a>\n<a target=\"_blank\" href=\"http:\/\/www.facebook.com\/sharer.php?u=http%3A%2F%2Flabestiadeportiva.com%2Flbd%2Fson-muchas-sensaciones-encontradas-feliz-por-poder-volver-y-una-alegria-muy-grande-por-todo-el-equipo-que-me-acompana-audio%2F&amp;t=%C2%ABSon+muchas+sensaciones+encontradas%2C+feliz+por+poder+volver+y+una+alegr%C3%ADa+muy+grande+por+todo+el+equipo+que+me+acompa%C3%B1a%C2%BB+%28Audio%29\">\n<img src=\"http:\/\/labestiadeportiva.com\/lbd\/wp-content\/plugins\/jw-share-this\/fb.png\" alt=\"Share this page via Facebook\" \/>\n<\/a>\n<a target=\"_blank\" href=\"http:\/\/twitter.com\/intent\/tweet?text=I+like+http%3A%2F%2Flabestiadeportiva.com%2Flbd%2Fson-muchas-sensaciones-encontradas-feliz-por-poder-volver-y-una-alegria-muy-grande-por-todo-el-equipo-que-me-acompana-audio%2F&amp;title=%C2%ABSon+muchas+sensaciones+encontradas%2C+feliz+por+poder+volver+y+una+alegr%C3%ADa+muy+grande+por+todo+el+equipo+que+me+acompa%C3%B1a%C2%BB+%28Audio%29\">\n<img src=\"http:\/\/labestiadeportiva.com\/lbd\/wp-content\/plugins\/jw-share-this\/twitter.png\" alt=\"Share this page via Twitter\" \/>\n<\/a>\n<\/div>\n","protected":false},"excerpt":{"rendered":"<p>Horacio \u00abChory\u00bb Zentner est\u00e1 de regreso y ser\u00e1 de la partida en el \u00abRally de los Glaciares\u00bb. A mitad de camino hacia El Calafate nos contactamos con \u00e9l. Los detalles de auto, equipo y sponsors como as\u00ed tambi\u00e9n la intenci\u00f3n de ser protagonista en la nota realizada con el experimentado piloto este martes en la &hellip; <a href=\"http:\/\/labestiadeportiva.com\/lbd\/son-muchas-sensaciones-encontradas-feliz-por-poder-volver-y-una-alegria-muy-grande-por-todo-el-equipo-que-me-acompana-audio\/\" class=\"more-link\">Seguir leyendo <span class=\"screen-reader-text\">\u00abSon muchas sensaciones encontradas, feliz por poder volver y una alegr\u00eda muy grande por todo el equipo que me acompa\u00f1a\u00bb (Audio)<\/span> <span class=\"meta-nav\">&rarr;<\/span><\/a><\/p>\n","protected":false},"author":1,"featured_media":39993,"comment_status":"open","ping_status":"open","sticky":false,"template":"","format":"standard","meta":[],"categories":[2135,5,6,60,1,4141],"tags":[],"_links":{"self":[{"href":"http:\/\/labestiadeportiva.com\/lbd\/wp-json\/wp\/v2\/posts\/39990"}],"collection":[{"href":"http:\/\/labestiadeportiva.com\/lbd\/wp-json\/wp\/v2\/posts"}],"about":[{"href":"http:\/\/labestiadeportiva.com\/lbd\/wp-json\/wp\/v2\/types\/post"}],"author":[{"embeddable":true,"href":"http:\/\/labestiadeportiva.com\/lbd\/wp-json\/wp\/v2\/users\/1"}],"replies":[{"embeddable":true,"href":"http:\/\/labestiadeportiva.com\/lbd\/wp-json\/wp\/v2\/comments?post=39990"}],"version-history":[{"count":3,"href":"http:\/\/labestiadeportiva.com\/lbd\/wp-json\/wp\/v2\/posts\/39990\/revisions"}],"predecessor-version":[{"id":39994,"href":"http:\/\/labestiadeportiva.com\/lbd\/wp-json\/wp\/v2\/posts\/39990\/revisions\/39994"}],"wp:featuredmedia":[{"embeddable":true,"href":"http:\/\/labestiadeportiva.com\/lbd\/wp-json\/wp\/v2\/media\/39993"}],"wp:attachment":[{"href":"http:\/\/labestiadeportiva.com\/lbd\/wp-json\/wp\/v2\/media?parent=39990"}],"wp:term":[{"taxonomy":"category","embeddable":true,"href":"http:\/\/labestiadeportiva.com\/lbd\/wp-json\/wp\/v2\/categories?post=39990"},{"taxonomy":"post_tag","embeddable":true,"href":"http:\/\/labestiadeportiva.com\/lbd\/wp-json\/wp\/v2\/tags?post=39990"}],"curies":[{"name":"wp","href":"https:\/\/api.w.org\/{rel}","templated":true}]}}