{"id":40127,"date":"2021-10-22T09:45:25","date_gmt":"2021-10-22T12:45:25","guid":{"rendered":"http:\/\/labestiadeportiva.com\/lbd\/?p=40127"},"modified":"2021-10-22T09:45:25","modified_gmt":"2021-10-22T12:45:25","slug":"lo-mejor-del-futsal-patagonico-puso-primera","status":"publish","type":"post","link":"http:\/\/labestiadeportiva.com\/lbd\/lo-mejor-del-futsal-patagonico-puso-primera\/","title":{"rendered":"Lo mejor del futsal Patag\u00f3nico puso primera"},"content":{"rendered":"<p>Por Javier Nicol\u00e1s Baroli (Corresponsal LBD en R\u00edo Gallegos) <\/p>\n<p><a href=\"http:\/\/labestiadeportiva.com\/lbd\/wp-content\/uploads\/2021\/10\/IMG-20211022-WA0003.jpg\"><img loading=\"lazy\" src=\"http:\/\/labestiadeportiva.com\/lbd\/wp-content\/uploads\/2021\/10\/IMG-20211022-WA0003.jpg\" alt=\"IMG-20211022-WA0003\" width=\"1048\" height=\"858\" class=\"aligncenter size-full wp-image-40128\" srcset=\"http:\/\/labestiadeportiva.com\/lbd\/wp-content\/uploads\/2021\/10\/IMG-20211022-WA0003.jpg 1048w, http:\/\/labestiadeportiva.com\/lbd\/wp-content\/uploads\/2021\/10\/IMG-20211022-WA0003-300x246.jpg 300w, http:\/\/labestiadeportiva.com\/lbd\/wp-content\/uploads\/2021\/10\/IMG-20211022-WA0003-1024x838.jpg 1024w, http:\/\/labestiadeportiva.com\/lbd\/wp-content\/uploads\/2021\/10\/IMG-20211022-WA0003-640x524.jpg 640w\" sizes=\"(max-width: 1048px) 100vw, 1048px\" \/><\/a><br \/>\nAnte un gran marco de p\u00fablico y un organizaci\u00f3n de primer nivel, R\u00edo Gallegos puso primera en cuatro jornadas en donde se podr\u00e1 apreciar lo mejor del Futsal de la Patagonia. El torneo entregar\u00e1 dos plazas para instancia nacional que se realizar\u00e1 en la provincia de San Juan. La cobertura en La Bestia Deportiva. Este viernes choque de ushuaienses desde la 19.15 horas. Las fotos son gentiles de LNFA.<!--more--><\/p>\n<p>Comenz\u00f3 la etapa Patag\u00f3nica de la LNFA que tendr\u00e1 como m\u00e1ximo premio para los equipos participantes, dos pasajes a la instancia final de la competencia para medirse con equipos de todo el pa\u00eds. <\/p>\n<p><a href=\"http:\/\/labestiadeportiva.com\/lbd\/wp-content\/uploads\/2021\/10\/IMG-20211022-WA0005.jpg\"><img loading=\"lazy\" src=\"http:\/\/labestiadeportiva.com\/lbd\/wp-content\/uploads\/2021\/10\/IMG-20211022-WA0005.jpg\" alt=\"IMG-20211022-WA0005\" width=\"458\" height=\"308\" class=\"aligncenter size-full wp-image-40129\" srcset=\"http:\/\/labestiadeportiva.com\/lbd\/wp-content\/uploads\/2021\/10\/IMG-20211022-WA0005.jpg 458w, http:\/\/labestiadeportiva.com\/lbd\/wp-content\/uploads\/2021\/10\/IMG-20211022-WA0005-300x202.jpg 300w\" sizes=\"(max-width: 458px) 100vw, 458px\" \/><\/a><br \/>\nEn una primer jornada en donde los favoritos hicieron los deberes, sobre el cierre de esta edici\u00f3n Ateneo de Ushuaia super\u00f3 a uno de los locales Diablos Rojos por la fecha 1 del grupo C. Fue por 2-1 en un partido muy intenso que nos tuvo en vilo hasta el final. <\/p>\n<p>El batacazo de la jornada lo dio Alborada de Bariloche. Super\u00f3 8-7 en el mejor partido de la jornada a Camioneros de Ushuaia por la primera fecha tambi\u00e9n de la zona \u00abC\u00bb. <\/p>\n<p>Camioneros de R\u00edo Grande no tuvo problemas para superar a Maragatos, conjunto rionegrino por 11 a 2 dentro del grupo \u00abA\u00bb, mientras que ADEFU de R\u00edo Grande super\u00f3 19 a 6 a La Nattionale de R\u00edo Negro por la zona el \u00abB\u00bb en el resultado m\u00e1s abultado de la primer jornada. <\/p>\n<p>Desde el medio d\u00eda la redonda comenzar\u00e1 a rodar en el Juan Bautista Rocha y la fiesta del Futsal dir\u00e1 presente una vez m\u00e1s en La Bestia Deportiva.<br \/>\n<a href=\"http:\/\/labestiadeportiva.com\/lbd\/wp-content\/uploads\/2021\/10\/IMG-20211022-WA0004.jpg\"><img loading=\"lazy\" src=\"http:\/\/labestiadeportiva.com\/lbd\/wp-content\/uploads\/2021\/10\/IMG-20211022-WA0004.jpg\" alt=\"IMG-20211022-WA0004\" width=\"1048\" height=\"859\" class=\"aligncenter size-full wp-image-40130\" srcset=\"http:\/\/labestiadeportiva.com\/lbd\/wp-content\/uploads\/2021\/10\/IMG-20211022-WA0004.jpg 1048w, http:\/\/labestiadeportiva.com\/lbd\/wp-content\/uploads\/2021\/10\/IMG-20211022-WA0004-300x246.jpg 300w, http:\/\/labestiadeportiva.com\/lbd\/wp-content\/uploads\/2021\/10\/IMG-20211022-WA0004-1024x839.jpg 1024w, http:\/\/labestiadeportiva.com\/lbd\/wp-content\/uploads\/2021\/10\/IMG-20211022-WA0004-640x525.jpg 640w\" sizes=\"(max-width: 1048px) 100vw, 1048px\" \/><\/a><\/p>\n<div class='epvc-post-count'><span class='epvc-eye'><\/span>  <span class=\"epvc-count\"> 1.219<\/span><span class='epvc-label'> veces le\u00edda<\/span><\/div>\n<div class=\"jwsharethis\">\nShare this: \n<br \/>\n<a href=\"mailto:?subject=Lo%20mejor%20del%20futsal%20Patag%C3%B3nico%20puso%20primera&amp;body=http%3A%2F%2Flabestiadeportiva.com%2Flbd%2Flo-mejor-del-futsal-patagonico-puso-primera%2F\">\n<img src=\"http:\/\/labestiadeportiva.com\/lbd\/wp-content\/plugins\/jw-share-this\/email.png\" alt=\"Share this page via Email\" \/>\n<\/a>\n<a target=\"_blank\" href=\"http:\/\/www.stumbleupon.com\/submit?url=http%3A%2F%2Flabestiadeportiva.com%2Flbd%2Flo-mejor-del-futsal-patagonico-puso-primera%2F&amp;title=Lo+mejor+del+futsal+Patag%C3%B3nico+puso+primera\">\n<img src=\"http:\/\/labestiadeportiva.com\/lbd\/wp-content\/plugins\/jw-share-this\/su.png\" alt=\"Share this page via Stumble Upon\" \/>\n<\/a>\n<a target=\"_blank\" href=\"http:\/\/digg.com\/submit?url=http%3A%2F%2Flabestiadeportiva.com%2Flbd%2Flo-mejor-del-futsal-patagonico-puso-primera%2F&amp;title=Lo+mejor+del+futsal+Patag%C3%B3nico+puso+primera\">\n<img src=\"http:\/\/labestiadeportiva.com\/lbd\/wp-content\/plugins\/jw-share-this\/digg.png\" alt=\"Share this page via Digg this\" \/>\n<\/a>\n<a target=\"_blank\" href=\"http:\/\/www.facebook.com\/sharer.php?u=http%3A%2F%2Flabestiadeportiva.com%2Flbd%2Flo-mejor-del-futsal-patagonico-puso-primera%2F&amp;t=Lo+mejor+del+futsal+Patag%C3%B3nico+puso+primera\">\n<img src=\"http:\/\/labestiadeportiva.com\/lbd\/wp-content\/plugins\/jw-share-this\/fb.png\" alt=\"Share this page via Facebook\" \/>\n<\/a>\n<a target=\"_blank\" href=\"http:\/\/twitter.com\/intent\/tweet?text=I+like+http%3A%2F%2Flabestiadeportiva.com%2Flbd%2Flo-mejor-del-futsal-patagonico-puso-primera%2F&amp;title=Lo+mejor+del+futsal+Patag%C3%B3nico+puso+primera\">\n<img src=\"http:\/\/labestiadeportiva.com\/lbd\/wp-content\/plugins\/jw-share-this\/twitter.png\" alt=\"Share this page via Twitter\" \/>\n<\/a>\n<\/div>\n","protected":false},"excerpt":{"rendered":"<p>Por Javier Nicol\u00e1s Baroli (Corresponsal LBD en R\u00edo Gallegos) Ante un gran marco de p\u00fablico y un organizaci\u00f3n de primer nivel, R\u00edo Gallegos puso primera en cuatro jornadas en donde se podr\u00e1 apreciar lo mejor del Futsal de la Patagonia. El torneo entregar\u00e1 dos plazas para instancia nacional que se realizar\u00e1 en la provincia de &hellip; <a href=\"http:\/\/labestiadeportiva.com\/lbd\/lo-mejor-del-futsal-patagonico-puso-primera\/\" class=\"more-link\">Seguir leyendo <span class=\"screen-reader-text\">Lo mejor del futsal Patag\u00f3nico puso primera<\/span> <span class=\"meta-nav\">&rarr;<\/span><\/a><\/p>\n","protected":false},"author":1,"featured_media":40128,"comment_status":"open","ping_status":"open","sticky":false,"template":"","format":"standard","meta":[],"categories":[5,6,2343,1],"tags":[809,117,3602,1797],"_links":{"self":[{"href":"http:\/\/labestiadeportiva.com\/lbd\/wp-json\/wp\/v2\/posts\/40127"}],"collection":[{"href":"http:\/\/labestiadeportiva.com\/lbd\/wp-json\/wp\/v2\/posts"}],"about":[{"href":"http:\/\/labestiadeportiva.com\/lbd\/wp-json\/wp\/v2\/types\/post"}],"author":[{"embeddable":true,"href":"http:\/\/labestiadeportiva.com\/lbd\/wp-json\/wp\/v2\/users\/1"}],"replies":[{"embeddable":true,"href":"http:\/\/labestiadeportiva.com\/lbd\/wp-json\/wp\/v2\/comments?post=40127"}],"version-history":[{"count":1,"href":"http:\/\/labestiadeportiva.com\/lbd\/wp-json\/wp\/v2\/posts\/40127\/revisions"}],"predecessor-version":[{"id":40131,"href":"http:\/\/labestiadeportiva.com\/lbd\/wp-json\/wp\/v2\/posts\/40127\/revisions\/40131"}],"wp:featuredmedia":[{"embeddable":true,"href":"http:\/\/labestiadeportiva.com\/lbd\/wp-json\/wp\/v2\/media\/40128"}],"wp:attachment":[{"href":"http:\/\/labestiadeportiva.com\/lbd\/wp-json\/wp\/v2\/media?parent=40127"}],"wp:term":[{"taxonomy":"category","embeddable":true,"href":"http:\/\/labestiadeportiva.com\/lbd\/wp-json\/wp\/v2\/categories?post=40127"},{"taxonomy":"post_tag","embeddable":true,"href":"http:\/\/labestiadeportiva.com\/lbd\/wp-json\/wp\/v2\/tags?post=40127"}],"curies":[{"name":"wp","href":"https:\/\/api.w.org\/{rel}","templated":true}]}}