{"id":40182,"date":"2021-10-26T18:30:33","date_gmt":"2021-10-26T21:30:33","guid":{"rendered":"http:\/\/labestiadeportiva.com\/lbd\/?p=40182"},"modified":"2021-10-26T18:53:19","modified_gmt":"2021-10-26T21:53:19","slug":"presentacion-en-sociedad-6","status":"publish","type":"post","link":"http:\/\/labestiadeportiva.com\/lbd\/presentacion-en-sociedad-6\/","title":{"rendered":"Presentaci\u00f3n en sociedad"},"content":{"rendered":"<p><a href=\"http:\/\/labestiadeportiva.com\/lbd\/wp-content\/uploads\/2021\/10\/IMG-20211026-WA0008.jpg\"><img loading=\"lazy\" class=\"aligncenter size-full wp-image-40183\" src=\"http:\/\/labestiadeportiva.com\/lbd\/wp-content\/uploads\/2021\/10\/IMG-20211026-WA0008.jpg\" alt=\"IMG-20211026-WA0008\" width=\"1280\" height=\"1280\" srcset=\"http:\/\/labestiadeportiva.com\/lbd\/wp-content\/uploads\/2021\/10\/IMG-20211026-WA0008.jpg 1280w, http:\/\/labestiadeportiva.com\/lbd\/wp-content\/uploads\/2021\/10\/IMG-20211026-WA0008-150x150.jpg 150w, http:\/\/labestiadeportiva.com\/lbd\/wp-content\/uploads\/2021\/10\/IMG-20211026-WA0008-300x300.jpg 300w, http:\/\/labestiadeportiva.com\/lbd\/wp-content\/uploads\/2021\/10\/IMG-20211026-WA0008-1024x1024.jpg 1024w, http:\/\/labestiadeportiva.com\/lbd\/wp-content\/uploads\/2021\/10\/IMG-20211026-WA0008-640x640.jpg 640w\" sizes=\"(max-width: 1280px) 100vw, 1280px\" \/><\/a>Ser\u00e1 este martes desde las 20 en ambas ciudades, Centro Cultural \u00abYaganes\u00bb en el norte de la isla y gimnasio Profesora Ana Ver\u00f3nica Gir\u00f3 de las 245 Viviendas en la capital provincial. La Secretaria de Deportes y Juventud Provincial dar\u00e1 a conocer los diferentes planteles fueguinos a trav\u00e9s de sus capitanes y Cuerpos T\u00e9cnicos. Asimismo se har\u00e1 entrega de la indumentaria oficial.<!--more--><\/p>\n<p><a href=\"http:\/\/labestiadeportiva.com\/lbd\/wp-content\/uploads\/2021\/10\/IMG-20211026-WA0007.jpg\"><img loading=\"lazy\" class=\"aligncenter size-full wp-image-40185\" src=\"http:\/\/labestiadeportiva.com\/lbd\/wp-content\/uploads\/2021\/10\/IMG-20211026-WA0007.jpg\" alt=\"IMG-20211026-WA0007\" width=\"1280\" height=\"1280\" srcset=\"http:\/\/labestiadeportiva.com\/lbd\/wp-content\/uploads\/2021\/10\/IMG-20211026-WA0007.jpg 1280w, http:\/\/labestiadeportiva.com\/lbd\/wp-content\/uploads\/2021\/10\/IMG-20211026-WA0007-150x150.jpg 150w, http:\/\/labestiadeportiva.com\/lbd\/wp-content\/uploads\/2021\/10\/IMG-20211026-WA0007-300x300.jpg 300w, http:\/\/labestiadeportiva.com\/lbd\/wp-content\/uploads\/2021\/10\/IMG-20211026-WA0007-1024x1024.jpg 1024w, http:\/\/labestiadeportiva.com\/lbd\/wp-content\/uploads\/2021\/10\/IMG-20211026-WA0007-640x640.jpg 640w\" sizes=\"(max-width: 1280px) 100vw, 1280px\" \/><\/a><\/p>\n<div class='epvc-post-count'><span class='epvc-eye'><\/span>  <span class=\"epvc-count\"> 1.063<\/span><span class='epvc-label'> veces le\u00edda<\/span><\/div>\n<div class=\"jwsharethis\">\nShare this: \n<br \/>\n<a href=\"mailto:?subject=Presentaci%C3%B3n%20en%20sociedad&amp;body=http%3A%2F%2Flabestiadeportiva.com%2Flbd%2Fpresentacion-en-sociedad-6%2F\">\n<img src=\"http:\/\/labestiadeportiva.com\/lbd\/wp-content\/plugins\/jw-share-this\/email.png\" alt=\"Share this page via Email\" \/>\n<\/a>\n<a target=\"_blank\" href=\"http:\/\/www.stumbleupon.com\/submit?url=http%3A%2F%2Flabestiadeportiva.com%2Flbd%2Fpresentacion-en-sociedad-6%2F&amp;title=Presentaci%C3%B3n+en+sociedad\">\n<img src=\"http:\/\/labestiadeportiva.com\/lbd\/wp-content\/plugins\/jw-share-this\/su.png\" alt=\"Share this page via Stumble Upon\" \/>\n<\/a>\n<a target=\"_blank\" href=\"http:\/\/digg.com\/submit?url=http%3A%2F%2Flabestiadeportiva.com%2Flbd%2Fpresentacion-en-sociedad-6%2F&amp;title=Presentaci%C3%B3n+en+sociedad\">\n<img src=\"http:\/\/labestiadeportiva.com\/lbd\/wp-content\/plugins\/jw-share-this\/digg.png\" alt=\"Share this page via Digg this\" \/>\n<\/a>\n<a target=\"_blank\" href=\"http:\/\/www.facebook.com\/sharer.php?u=http%3A%2F%2Flabestiadeportiva.com%2Flbd%2Fpresentacion-en-sociedad-6%2F&amp;t=Presentaci%C3%B3n+en+sociedad\">\n<img src=\"http:\/\/labestiadeportiva.com\/lbd\/wp-content\/plugins\/jw-share-this\/fb.png\" alt=\"Share this page via Facebook\" \/>\n<\/a>\n<a target=\"_blank\" href=\"http:\/\/twitter.com\/intent\/tweet?text=I+like+http%3A%2F%2Flabestiadeportiva.com%2Flbd%2Fpresentacion-en-sociedad-6%2F&amp;title=Presentaci%C3%B3n+en+sociedad\">\n<img src=\"http:\/\/labestiadeportiva.com\/lbd\/wp-content\/plugins\/jw-share-this\/twitter.png\" alt=\"Share this page via Twitter\" \/>\n<\/a>\n<\/div>\n","protected":false},"excerpt":{"rendered":"<p>Ser\u00e1 este martes desde las 20 en ambas ciudades, Centro Cultural \u00abYaganes\u00bb en el norte de la isla y gimnasio Profesora Ana Ver\u00f3nica Gir\u00f3 de las 245 Viviendas en la capital provincial. La Secretaria de Deportes y Juventud Provincial dar\u00e1 a conocer los diferentes planteles fueguinos a trav\u00e9s de sus capitanes y Cuerpos T\u00e9cnicos. Asimismo &hellip; <a href=\"http:\/\/labestiadeportiva.com\/lbd\/presentacion-en-sociedad-6\/\" class=\"more-link\">Seguir leyendo <span class=\"screen-reader-text\">Presentaci\u00f3n en sociedad<\/span> <span class=\"meta-nav\">&rarr;<\/span><\/a><\/p>\n","protected":false},"author":1,"featured_media":40183,"comment_status":"open","ping_status":"open","sticky":false,"template":"","format":"standard","meta":[],"categories":[4620,5,6,1],"tags":[4624,3660,2460],"_links":{"self":[{"href":"http:\/\/labestiadeportiva.com\/lbd\/wp-json\/wp\/v2\/posts\/40182"}],"collection":[{"href":"http:\/\/labestiadeportiva.com\/lbd\/wp-json\/wp\/v2\/posts"}],"about":[{"href":"http:\/\/labestiadeportiva.com\/lbd\/wp-json\/wp\/v2\/types\/post"}],"author":[{"embeddable":true,"href":"http:\/\/labestiadeportiva.com\/lbd\/wp-json\/wp\/v2\/users\/1"}],"replies":[{"embeddable":true,"href":"http:\/\/labestiadeportiva.com\/lbd\/wp-json\/wp\/v2\/comments?post=40182"}],"version-history":[{"count":3,"href":"http:\/\/labestiadeportiva.com\/lbd\/wp-json\/wp\/v2\/posts\/40182\/revisions"}],"predecessor-version":[{"id":40188,"href":"http:\/\/labestiadeportiva.com\/lbd\/wp-json\/wp\/v2\/posts\/40182\/revisions\/40188"}],"wp:featuredmedia":[{"embeddable":true,"href":"http:\/\/labestiadeportiva.com\/lbd\/wp-json\/wp\/v2\/media\/40183"}],"wp:attachment":[{"href":"http:\/\/labestiadeportiva.com\/lbd\/wp-json\/wp\/v2\/media?parent=40182"}],"wp:term":[{"taxonomy":"category","embeddable":true,"href":"http:\/\/labestiadeportiva.com\/lbd\/wp-json\/wp\/v2\/categories?post=40182"},{"taxonomy":"post_tag","embeddable":true,"href":"http:\/\/labestiadeportiva.com\/lbd\/wp-json\/wp\/v2\/tags?post=40182"}],"curies":[{"name":"wp","href":"https:\/\/api.w.org\/{rel}","templated":true}]}}