{"id":40240,"date":"2021-11-03T16:18:19","date_gmt":"2021-11-03T19:18:19","guid":{"rendered":"http:\/\/labestiadeportiva.com\/lbd\/?p=40240"},"modified":"2021-11-03T16:18:19","modified_gmt":"2021-11-03T19:18:19","slug":"rumbo-al-nacional-de-selecciones","status":"publish","type":"post","link":"http:\/\/labestiadeportiva.com\/lbd\/rumbo-al-nacional-de-selecciones\/","title":{"rendered":"Rumbo al Nacional de Selecciones"},"content":{"rendered":"<p>Por Gabriel Torres (Hockey Pista para LBD)<\/p>\n<p><a href=\"http:\/\/labestiadeportiva.com\/lbd\/wp-content\/uploads\/2021\/11\/IMG-20211103-WA0009.jpg\"><img loading=\"lazy\" src=\"http:\/\/labestiadeportiva.com\/lbd\/wp-content\/uploads\/2021\/11\/IMG-20211103-WA0009.jpg\" alt=\"IMG-20211103-WA0009\" width=\"960\" height=\"1280\" class=\"aligncenter size-full wp-image-40241\" srcset=\"http:\/\/labestiadeportiva.com\/lbd\/wp-content\/uploads\/2021\/11\/IMG-20211103-WA0009.jpg 960w, http:\/\/labestiadeportiva.com\/lbd\/wp-content\/uploads\/2021\/11\/IMG-20211103-WA0009-225x300.jpg 225w, http:\/\/labestiadeportiva.com\/lbd\/wp-content\/uploads\/2021\/11\/IMG-20211103-WA0009-768x1024.jpg 768w, http:\/\/labestiadeportiva.com\/lbd\/wp-content\/uploads\/2021\/11\/IMG-20211103-WA0009-640x853.jpg 640w\" sizes=\"(max-width: 960px) 100vw, 960px\" \/><\/a><br \/>\nLos seleccionados mayores de hockey pista provinciales se encuentran en camino al Torneo Argentino de Selecciones de la Confederaci\u00f3n Argentina. El evento se realizar\u00e1 en la ciudad santacruce\u00f1a de Caleta Olivia, instalaciones del gimnasio \u00abPancho\u00bb Cerda, desde el jueves 4 al domingo 7 de noviembre.<!--more--><\/p>\n<p>El seleccionado de damas dirigido por el profesor Sergio Mena y la asistencia de su par  Danilo Bonardo competir\u00e1 en zona \u00fanica junto a la Asociaci\u00f3n Santacruce\u00f1a \u00abA\u00bb y \u00abB\u00bb, Asociaci\u00f3n Austral y Asociaci\u00f3n Santa Cruz Norte. <\/p>\n<p>La plantilla est\u00e1 conformada por Amaya, Berola, Mu\u00f1oz, Irianni, Bocchero, Zuk, Andrade, De Ieso, Lorenz, Aguilar, Laplace y Navarro.  <\/p>\n<p>Los caballeros son conducidos por el profesor Ramiro Bravo y secundado por su colega Eduardo Liska y Guillermo Galeano. <\/p>\n<p>El seleccionado de caballeros tiene en su camino a las asociaciones de Santa Cruz Norte y Santacruce\u00f1a. Esta zona de cuatro equipos competir\u00e1 todos contra todos y luego se definir\u00e1 por playoff. <\/p>\n<p>El equipo est\u00e1 conformado por los siguientes jugadores: Eleicegui, Kuriger, Rodr\u00edguez, Fern\u00e1ndez E., Fern\u00e1ndez S, Mateos, Espil, V\u00e9liz, Sierra, Mu\u00f1oz, Lacaze y Viera Lucero.<\/p>\n<p>Los planteles arribar\u00e1n este mi\u00e9rcoles para preparar sus partidos.<br \/>\nLa Patagonia vivir\u00e1 nuevamente una nueva fiesta del hockey pista. <\/p>\n<p><a href=\"http:\/\/labestiadeportiva.com\/lbd\/wp-content\/uploads\/2021\/11\/IMG-20211103-WA0010.jpg\"><img loading=\"lazy\" src=\"http:\/\/labestiadeportiva.com\/lbd\/wp-content\/uploads\/2021\/11\/IMG-20211103-WA0010.jpg\" alt=\"IMG-20211103-WA0010\" width=\"960\" height=\"1280\" class=\"aligncenter size-full wp-image-40242\" srcset=\"http:\/\/labestiadeportiva.com\/lbd\/wp-content\/uploads\/2021\/11\/IMG-20211103-WA0010.jpg 960w, http:\/\/labestiadeportiva.com\/lbd\/wp-content\/uploads\/2021\/11\/IMG-20211103-WA0010-225x300.jpg 225w, http:\/\/labestiadeportiva.com\/lbd\/wp-content\/uploads\/2021\/11\/IMG-20211103-WA0010-768x1024.jpg 768w, http:\/\/labestiadeportiva.com\/lbd\/wp-content\/uploads\/2021\/11\/IMG-20211103-WA0010-640x853.jpg 640w\" sizes=\"(max-width: 960px) 100vw, 960px\" \/><\/a><\/p>\n<div class='epvc-post-count'><span class='epvc-eye'><\/span>  <span class=\"epvc-count\"> 1.195<\/span><span class='epvc-label'> veces le\u00edda<\/span><\/div>\n<div class=\"jwsharethis\">\nShare this: \n<br \/>\n<a href=\"mailto:?subject=Rumbo%20al%20Nacional%20de%20Selecciones&amp;body=http%3A%2F%2Flabestiadeportiva.com%2Flbd%2Frumbo-al-nacional-de-selecciones%2F\">\n<img src=\"http:\/\/labestiadeportiva.com\/lbd\/wp-content\/plugins\/jw-share-this\/email.png\" alt=\"Share this page via Email\" \/>\n<\/a>\n<a target=\"_blank\" href=\"http:\/\/www.stumbleupon.com\/submit?url=http%3A%2F%2Flabestiadeportiva.com%2Flbd%2Frumbo-al-nacional-de-selecciones%2F&amp;title=Rumbo+al+Nacional+de+Selecciones\">\n<img src=\"http:\/\/labestiadeportiva.com\/lbd\/wp-content\/plugins\/jw-share-this\/su.png\" alt=\"Share this page via Stumble Upon\" \/>\n<\/a>\n<a target=\"_blank\" href=\"http:\/\/digg.com\/submit?url=http%3A%2F%2Flabestiadeportiva.com%2Flbd%2Frumbo-al-nacional-de-selecciones%2F&amp;title=Rumbo+al+Nacional+de+Selecciones\">\n<img src=\"http:\/\/labestiadeportiva.com\/lbd\/wp-content\/plugins\/jw-share-this\/digg.png\" alt=\"Share this page via Digg this\" \/>\n<\/a>\n<a target=\"_blank\" href=\"http:\/\/www.facebook.com\/sharer.php?u=http%3A%2F%2Flabestiadeportiva.com%2Flbd%2Frumbo-al-nacional-de-selecciones%2F&amp;t=Rumbo+al+Nacional+de+Selecciones\">\n<img src=\"http:\/\/labestiadeportiva.com\/lbd\/wp-content\/plugins\/jw-share-this\/fb.png\" alt=\"Share this page via Facebook\" \/>\n<\/a>\n<a target=\"_blank\" href=\"http:\/\/twitter.com\/intent\/tweet?text=I+like+http%3A%2F%2Flabestiadeportiva.com%2Flbd%2Frumbo-al-nacional-de-selecciones%2F&amp;title=Rumbo+al+Nacional+de+Selecciones\">\n<img src=\"http:\/\/labestiadeportiva.com\/lbd\/wp-content\/plugins\/jw-share-this\/twitter.png\" alt=\"Share this page via Twitter\" \/>\n<\/a>\n<\/div>\n","protected":false},"excerpt":{"rendered":"<p>Por Gabriel Torres (Hockey Pista para LBD) Los seleccionados mayores de hockey pista provinciales se encuentran en camino al Torneo Argentino de Selecciones de la Confederaci\u00f3n Argentina. El evento se realizar\u00e1 en la ciudad santacruce\u00f1a de Caleta Olivia, instalaciones del gimnasio \u00abPancho\u00bb Cerda, desde el jueves 4 al domingo 7 de noviembre. 1.195 veces le\u00edda &hellip; <a href=\"http:\/\/labestiadeportiva.com\/lbd\/rumbo-al-nacional-de-selecciones\/\" class=\"more-link\">Seguir leyendo <span class=\"screen-reader-text\">Rumbo al Nacional de Selecciones<\/span> <span class=\"meta-nav\">&rarr;<\/span><\/a><\/p>\n","protected":false},"author":1,"featured_media":40241,"comment_status":"open","ping_status":"open","sticky":false,"template":"","format":"standard","meta":[],"categories":[5,6,2422,1],"tags":[32,1080,3660],"_links":{"self":[{"href":"http:\/\/labestiadeportiva.com\/lbd\/wp-json\/wp\/v2\/posts\/40240"}],"collection":[{"href":"http:\/\/labestiadeportiva.com\/lbd\/wp-json\/wp\/v2\/posts"}],"about":[{"href":"http:\/\/labestiadeportiva.com\/lbd\/wp-json\/wp\/v2\/types\/post"}],"author":[{"embeddable":true,"href":"http:\/\/labestiadeportiva.com\/lbd\/wp-json\/wp\/v2\/users\/1"}],"replies":[{"embeddable":true,"href":"http:\/\/labestiadeportiva.com\/lbd\/wp-json\/wp\/v2\/comments?post=40240"}],"version-history":[{"count":1,"href":"http:\/\/labestiadeportiva.com\/lbd\/wp-json\/wp\/v2\/posts\/40240\/revisions"}],"predecessor-version":[{"id":40243,"href":"http:\/\/labestiadeportiva.com\/lbd\/wp-json\/wp\/v2\/posts\/40240\/revisions\/40243"}],"wp:featuredmedia":[{"embeddable":true,"href":"http:\/\/labestiadeportiva.com\/lbd\/wp-json\/wp\/v2\/media\/40241"}],"wp:attachment":[{"href":"http:\/\/labestiadeportiva.com\/lbd\/wp-json\/wp\/v2\/media?parent=40240"}],"wp:term":[{"taxonomy":"category","embeddable":true,"href":"http:\/\/labestiadeportiva.com\/lbd\/wp-json\/wp\/v2\/categories?post=40240"},{"taxonomy":"post_tag","embeddable":true,"href":"http:\/\/labestiadeportiva.com\/lbd\/wp-json\/wp\/v2\/tags?post=40240"}],"curies":[{"name":"wp","href":"https:\/\/api.w.org\/{rel}","templated":true}]}}