{"id":40259,"date":"2021-11-06T01:45:50","date_gmt":"2021-11-06T04:45:50","guid":{"rendered":"http:\/\/labestiadeportiva.com\/lbd\/?p=40259"},"modified":"2021-11-06T02:06:47","modified_gmt":"2021-11-06T05:06:47","slug":"40259","status":"publish","type":"post","link":"http:\/\/labestiadeportiva.com\/lbd\/40259\/","title":{"rendered":"\u00abConfi\u00e1bamos en que hab\u00edamos trabajado lo suficiente como para hacer un papel digno\u00bb (Audio)"},"content":{"rendered":"<p><a href=\"http:\/\/labestiadeportiva.com\/lbd\/wp-content\/uploads\/2021\/11\/FB_IMG_1636141410438.jpg\"><img loading=\"lazy\" src=\"http:\/\/labestiadeportiva.com\/lbd\/wp-content\/uploads\/2021\/11\/FB_IMG_1636141410438.jpg\" alt=\"FB_IMG_1636141410438\" width=\"720\" height=\"483\" class=\"aligncenter size-full wp-image-40262\" srcset=\"http:\/\/labestiadeportiva.com\/lbd\/wp-content\/uploads\/2021\/11\/FB_IMG_1636141410438.jpg 720w, http:\/\/labestiadeportiva.com\/lbd\/wp-content\/uploads\/2021\/11\/FB_IMG_1636141410438-300x201.jpg 300w, http:\/\/labestiadeportiva.com\/lbd\/wp-content\/uploads\/2021\/11\/FB_IMG_1636141410438-640x429.jpg 640w\" sizes=\"(max-width: 720px) 100vw, 720px\" \/><\/a><br \/>\nContacto con el entrenador fueguino Nicol\u00e1s Ybars. Balance de la competencia que culmin\u00f3 con su plantel en el tercer escal\u00f3n del podio. Medalla de Bronce que motiva de cara al EPADE que llegar\u00e1 en algunas semanas en tierra pampeana.<\/p>\n<p>Compartimos la entrevista lograda este viernes en la 94.1 FM del Sur.<!--more--><\/p>\n<p><iframe loading=\"lazy\" width=\"560\" height=\"315\" src=\"https:\/\/www.youtube.com\/embed\/aohKx0rjhm0\" title=\"YouTube video player\" frameborder=\"0\" allow=\"accelerometer; autoplay; clipboard-write; encrypted-media; gyroscope; picture-in-picture\" allowfullscreen><\/iframe><\/p>\n<div class='epvc-post-count'><span class='epvc-eye'><\/span>  <span class=\"epvc-count\"> 1.128<\/span><span class='epvc-label'> veces le\u00edda<\/span><\/div>\n<div class=\"jwsharethis\">\nShare this: \n<br \/>\n<a href=\"mailto:?subject=%C2%ABConfi%C3%A1bamos%20en%20que%20hab%C3%ADamos%20trabajado%20lo%20suficiente%20como%20para%20hacer%20un%20papel%20digno%C2%BB%20%28Audio%29&amp;body=http%3A%2F%2Flabestiadeportiva.com%2Flbd%2F40259%2F\">\n<img src=\"http:\/\/labestiadeportiva.com\/lbd\/wp-content\/plugins\/jw-share-this\/email.png\" alt=\"Share this page via Email\" \/>\n<\/a>\n<a target=\"_blank\" href=\"http:\/\/www.stumbleupon.com\/submit?url=http%3A%2F%2Flabestiadeportiva.com%2Flbd%2F40259%2F&amp;title=%C2%ABConfi%C3%A1bamos+en+que+hab%C3%ADamos+trabajado+lo+suficiente+como+para+hacer+un+papel+digno%C2%BB+%28Audio%29\">\n<img src=\"http:\/\/labestiadeportiva.com\/lbd\/wp-content\/plugins\/jw-share-this\/su.png\" alt=\"Share this page via Stumble Upon\" \/>\n<\/a>\n<a target=\"_blank\" href=\"http:\/\/digg.com\/submit?url=http%3A%2F%2Flabestiadeportiva.com%2Flbd%2F40259%2F&amp;title=%C2%ABConfi%C3%A1bamos+en+que+hab%C3%ADamos+trabajado+lo+suficiente+como+para+hacer+un+papel+digno%C2%BB+%28Audio%29\">\n<img src=\"http:\/\/labestiadeportiva.com\/lbd\/wp-content\/plugins\/jw-share-this\/digg.png\" alt=\"Share this page via Digg this\" \/>\n<\/a>\n<a target=\"_blank\" href=\"http:\/\/www.facebook.com\/sharer.php?u=http%3A%2F%2Flabestiadeportiva.com%2Flbd%2F40259%2F&amp;t=%C2%ABConfi%C3%A1bamos+en+que+hab%C3%ADamos+trabajado+lo+suficiente+como+para+hacer+un+papel+digno%C2%BB+%28Audio%29\">\n<img src=\"http:\/\/labestiadeportiva.com\/lbd\/wp-content\/plugins\/jw-share-this\/fb.png\" alt=\"Share this page via Facebook\" \/>\n<\/a>\n<a target=\"_blank\" href=\"http:\/\/twitter.com\/intent\/tweet?text=I+like+http%3A%2F%2Flabestiadeportiva.com%2Flbd%2F40259%2F&amp;title=%C2%ABConfi%C3%A1bamos+en+que+hab%C3%ADamos+trabajado+lo+suficiente+como+para+hacer+un+papel+digno%C2%BB+%28Audio%29\">\n<img src=\"http:\/\/labestiadeportiva.com\/lbd\/wp-content\/plugins\/jw-share-this\/twitter.png\" alt=\"Share this page via Twitter\" \/>\n<\/a>\n<\/div>\n","protected":false},"excerpt":{"rendered":"<p>Contacto con el entrenador fueguino Nicol\u00e1s Ybars. Balance de la competencia que culmin\u00f3 con su plantel en el tercer escal\u00f3n del podio. Medalla de Bronce que motiva de cara al EPADE que llegar\u00e1 en algunas semanas en tierra pampeana. Compartimos la entrevista lograda este viernes en la 94.1 FM del Sur. 1.128 veces le\u00edda Share &hellip; <a href=\"http:\/\/labestiadeportiva.com\/lbd\/40259\/\" class=\"more-link\">Seguir leyendo <span class=\"screen-reader-text\">\u00abConfi\u00e1bamos en que hab\u00edamos trabajado lo suficiente como para hacer un papel digno\u00bb (Audio)<\/span> <span class=\"meta-nav\">&rarr;<\/span><\/a><\/p>\n","protected":false},"author":1,"featured_media":40262,"comment_status":"open","ping_status":"open","sticky":false,"template":"","format":"standard","meta":[],"categories":[4620,5,6,1],"tags":[4621,4838,4840,3506],"_links":{"self":[{"href":"http:\/\/labestiadeportiva.com\/lbd\/wp-json\/wp\/v2\/posts\/40259"}],"collection":[{"href":"http:\/\/labestiadeportiva.com\/lbd\/wp-json\/wp\/v2\/posts"}],"about":[{"href":"http:\/\/labestiadeportiva.com\/lbd\/wp-json\/wp\/v2\/types\/post"}],"author":[{"embeddable":true,"href":"http:\/\/labestiadeportiva.com\/lbd\/wp-json\/wp\/v2\/users\/1"}],"replies":[{"embeddable":true,"href":"http:\/\/labestiadeportiva.com\/lbd\/wp-json\/wp\/v2\/comments?post=40259"}],"version-history":[{"count":4,"href":"http:\/\/labestiadeportiva.com\/lbd\/wp-json\/wp\/v2\/posts\/40259\/revisions"}],"predecessor-version":[{"id":40264,"href":"http:\/\/labestiadeportiva.com\/lbd\/wp-json\/wp\/v2\/posts\/40259\/revisions\/40264"}],"wp:featuredmedia":[{"embeddable":true,"href":"http:\/\/labestiadeportiva.com\/lbd\/wp-json\/wp\/v2\/media\/40262"}],"wp:attachment":[{"href":"http:\/\/labestiadeportiva.com\/lbd\/wp-json\/wp\/v2\/media?parent=40259"}],"wp:term":[{"taxonomy":"category","embeddable":true,"href":"http:\/\/labestiadeportiva.com\/lbd\/wp-json\/wp\/v2\/categories?post=40259"},{"taxonomy":"post_tag","embeddable":true,"href":"http:\/\/labestiadeportiva.com\/lbd\/wp-json\/wp\/v2\/tags?post=40259"}],"curies":[{"name":"wp","href":"https:\/\/api.w.org\/{rel}","templated":true}]}}