{"id":40371,"date":"2021-11-16T16:33:24","date_gmt":"2021-11-16T19:33:24","guid":{"rendered":"http:\/\/labestiadeportiva.com\/lbd\/?p=40371"},"modified":"2021-11-16T16:33:24","modified_gmt":"2021-11-16T19:33:24","slug":"cuatro-fueguinos-en-la-seleccion-argentina","status":"publish","type":"post","link":"http:\/\/labestiadeportiva.com\/lbd\/cuatro-fueguinos-en-la-seleccion-argentina\/","title":{"rendered":"Cuatro fueguinos en la Selecci\u00f3n Argentina"},"content":{"rendered":"<p><a href=\"http:\/\/labestiadeportiva.com\/lbd\/wp-content\/uploads\/2021\/11\/IMG-20211115-WA0098.jpg\"><img loading=\"lazy\" src=\"http:\/\/labestiadeportiva.com\/lbd\/wp-content\/uploads\/2021\/11\/IMG-20211115-WA0098.jpg\" alt=\"IMG-20211115-WA0098\" width=\"1280\" height=\"1280\" class=\"aligncenter size-full wp-image-40372\" srcset=\"http:\/\/labestiadeportiva.com\/lbd\/wp-content\/uploads\/2021\/11\/IMG-20211115-WA0098.jpg 1280w, http:\/\/labestiadeportiva.com\/lbd\/wp-content\/uploads\/2021\/11\/IMG-20211115-WA0098-150x150.jpg 150w, http:\/\/labestiadeportiva.com\/lbd\/wp-content\/uploads\/2021\/11\/IMG-20211115-WA0098-300x300.jpg 300w, http:\/\/labestiadeportiva.com\/lbd\/wp-content\/uploads\/2021\/11\/IMG-20211115-WA0098-1024x1024.jpg 1024w, http:\/\/labestiadeportiva.com\/lbd\/wp-content\/uploads\/2021\/11\/IMG-20211115-WA0098-640x640.jpg 640w\" sizes=\"(max-width: 1280px) 100vw, 1280px\" \/><\/a><\/p>\n<p>Priscila Fern\u00e1ndez, Dianela Leonardelli, Marco Garc\u00eda y Julieta Bercetche estar\u00e1n presente en el Centro Nacional de Desarrollo Deportivo (CeNaDe &#8211; Ezeiza) para cumplir con el \u00faltimo compromiso del a\u00f1o y lograr su inserci\u00f3n definitiva a la Selecci\u00f3n Argentina. Fuente y foto gentileza Asociaci\u00f3n Chacra IV.<!--more--><\/p>\n<p>El Campus YOG tiene como objetivo lograr captar a los mejores deportistas que representar\u00e1n al pa\u00eds en el pr\u00f3ximo Juego Sudamericano YOG \u2013 Rosario 2022; este Campus de entrenamiento ser\u00e1  organizado por la Confederaci\u00f3n Argentina de Taekwondo, solventado por el Ente Nacional de Alto Rendimiento Deportivo, el cual solvent\u00f3 tres (03) de los cuatro (04) pasajes. <\/p>\n<p>Los fueguinos entrenan diariamente en el Centro Provincial de Alto Rendimiento Deportivo dirigido por el DTP Julio Cruz y el PF Alexis Yong. <\/p>\n<p>Desde el Ente Rector felicitan a los atletas, agradecen a sus familias por el apoyo recibido que posibilit\u00f3 poder participar en las diferentes contiendas locales y nacionales. <\/p>\n<p>Asimismo, a la Secretar\u00eda de Deportes por apoyar el Taekwondo Oficial Ol\u00edmpico, poniendo a disposici\u00f3n cada uno de los profesionales especializados en sus \u00e1reas, sin el trabajo en conjunto es imposible lograr los objetivos planteados para el presente a\u00f1o y el desarrollo deportivo de los atletas. <\/p>\n<div class='epvc-post-count'><span class='epvc-eye'><\/span>  <span class=\"epvc-count\"> 1.107<\/span><span class='epvc-label'> veces le\u00edda<\/span><\/div>\n<div class=\"jwsharethis\">\nShare this: \n<br \/>\n<a href=\"mailto:?subject=Cuatro%20fueguinos%20en%20la%20Selecci%C3%B3n%20Argentina&amp;body=http%3A%2F%2Flabestiadeportiva.com%2Flbd%2Fcuatro-fueguinos-en-la-seleccion-argentina%2F\">\n<img src=\"http:\/\/labestiadeportiva.com\/lbd\/wp-content\/plugins\/jw-share-this\/email.png\" alt=\"Share this page via Email\" \/>\n<\/a>\n<a target=\"_blank\" href=\"http:\/\/www.stumbleupon.com\/submit?url=http%3A%2F%2Flabestiadeportiva.com%2Flbd%2Fcuatro-fueguinos-en-la-seleccion-argentina%2F&amp;title=Cuatro+fueguinos+en+la+Selecci%C3%B3n+Argentina\">\n<img src=\"http:\/\/labestiadeportiva.com\/lbd\/wp-content\/plugins\/jw-share-this\/su.png\" alt=\"Share this page via Stumble Upon\" \/>\n<\/a>\n<a target=\"_blank\" href=\"http:\/\/digg.com\/submit?url=http%3A%2F%2Flabestiadeportiva.com%2Flbd%2Fcuatro-fueguinos-en-la-seleccion-argentina%2F&amp;title=Cuatro+fueguinos+en+la+Selecci%C3%B3n+Argentina\">\n<img src=\"http:\/\/labestiadeportiva.com\/lbd\/wp-content\/plugins\/jw-share-this\/digg.png\" alt=\"Share this page via Digg this\" \/>\n<\/a>\n<a target=\"_blank\" href=\"http:\/\/www.facebook.com\/sharer.php?u=http%3A%2F%2Flabestiadeportiva.com%2Flbd%2Fcuatro-fueguinos-en-la-seleccion-argentina%2F&amp;t=Cuatro+fueguinos+en+la+Selecci%C3%B3n+Argentina\">\n<img src=\"http:\/\/labestiadeportiva.com\/lbd\/wp-content\/plugins\/jw-share-this\/fb.png\" alt=\"Share this page via Facebook\" \/>\n<\/a>\n<a target=\"_blank\" href=\"http:\/\/twitter.com\/intent\/tweet?text=I+like+http%3A%2F%2Flabestiadeportiva.com%2Flbd%2Fcuatro-fueguinos-en-la-seleccion-argentina%2F&amp;title=Cuatro+fueguinos+en+la+Selecci%C3%B3n+Argentina\">\n<img src=\"http:\/\/labestiadeportiva.com\/lbd\/wp-content\/plugins\/jw-share-this\/twitter.png\" alt=\"Share this page via Twitter\" \/>\n<\/a>\n<\/div>\n","protected":false},"excerpt":{"rendered":"<p>Priscila Fern\u00e1ndez, Dianela Leonardelli, Marco Garc\u00eda y Julieta Bercetche estar\u00e1n presente en el Centro Nacional de Desarrollo Deportivo (CeNaDe &#8211; Ezeiza) para cumplir con el \u00faltimo compromiso del a\u00f1o y lograr su inserci\u00f3n definitiva a la Selecci\u00f3n Argentina. Fuente y foto gentileza Asociaci\u00f3n Chacra IV. 1.107 veces le\u00edda Share this:<\/p>\n","protected":false},"author":1,"featured_media":40372,"comment_status":"open","ping_status":"open","sticky":false,"template":"","format":"standard","meta":[],"categories":[3019,5,6,1],"tags":[857,3660,3553],"_links":{"self":[{"href":"http:\/\/labestiadeportiva.com\/lbd\/wp-json\/wp\/v2\/posts\/40371"}],"collection":[{"href":"http:\/\/labestiadeportiva.com\/lbd\/wp-json\/wp\/v2\/posts"}],"about":[{"href":"http:\/\/labestiadeportiva.com\/lbd\/wp-json\/wp\/v2\/types\/post"}],"author":[{"embeddable":true,"href":"http:\/\/labestiadeportiva.com\/lbd\/wp-json\/wp\/v2\/users\/1"}],"replies":[{"embeddable":true,"href":"http:\/\/labestiadeportiva.com\/lbd\/wp-json\/wp\/v2\/comments?post=40371"}],"version-history":[{"count":1,"href":"http:\/\/labestiadeportiva.com\/lbd\/wp-json\/wp\/v2\/posts\/40371\/revisions"}],"predecessor-version":[{"id":40373,"href":"http:\/\/labestiadeportiva.com\/lbd\/wp-json\/wp\/v2\/posts\/40371\/revisions\/40373"}],"wp:featuredmedia":[{"embeddable":true,"href":"http:\/\/labestiadeportiva.com\/lbd\/wp-json\/wp\/v2\/media\/40372"}],"wp:attachment":[{"href":"http:\/\/labestiadeportiva.com\/lbd\/wp-json\/wp\/v2\/media?parent=40371"}],"wp:term":[{"taxonomy":"category","embeddable":true,"href":"http:\/\/labestiadeportiva.com\/lbd\/wp-json\/wp\/v2\/categories?post=40371"},{"taxonomy":"post_tag","embeddable":true,"href":"http:\/\/labestiadeportiva.com\/lbd\/wp-json\/wp\/v2\/tags?post=40371"}],"curies":[{"name":"wp","href":"https:\/\/api.w.org\/{rel}","templated":true}]}}