{"id":40426,"date":"2021-11-22T18:32:55","date_gmt":"2021-11-22T21:32:55","guid":{"rendered":"http:\/\/labestiadeportiva.com\/lbd\/?p=40426"},"modified":"2021-11-22T18:32:55","modified_gmt":"2021-11-22T21:32:55","slug":"ushuaienses-al-nacional-de-gimnasia-ritmica","status":"publish","type":"post","link":"http:\/\/labestiadeportiva.com\/lbd\/ushuaienses-al-nacional-de-gimnasia-ritmica\/","title":{"rendered":"Ushuaienses al Nacional de Gimnasia R\u00edtmica"},"content":{"rendered":"<p><a href=\"http:\/\/labestiadeportiva.com\/lbd\/wp-content\/uploads\/2021\/11\/IMG-20211122-WA0026.jpg\"><img loading=\"lazy\" src=\"http:\/\/labestiadeportiva.com\/lbd\/wp-content\/uploads\/2021\/11\/IMG-20211122-WA0026.jpg\" alt=\"IMG-20211122-WA0026\" width=\"1335\" height=\"917\" class=\"aligncenter size-full wp-image-40427\" srcset=\"http:\/\/labestiadeportiva.com\/lbd\/wp-content\/uploads\/2021\/11\/IMG-20211122-WA0026.jpg 1335w, http:\/\/labestiadeportiva.com\/lbd\/wp-content\/uploads\/2021\/11\/IMG-20211122-WA0026-300x206.jpg 300w, http:\/\/labestiadeportiva.com\/lbd\/wp-content\/uploads\/2021\/11\/IMG-20211122-WA0026-1024x703.jpg 1024w, http:\/\/labestiadeportiva.com\/lbd\/wp-content\/uploads\/2021\/11\/IMG-20211122-WA0026-640x440.jpg 640w\" sizes=\"(max-width: 1335px) 100vw, 1335px\" \/><\/a><br \/>\nDel 25 al 27 de Noviembre en la capital misionera se realizar\u00e1 el Torneo Nacional \u00abC\u00bb individual y Conjuntos de Gimnasia R\u00edtmica. La Federaci\u00f3n Fueguina estar\u00e1 representada por 8 atletas capitalinas acompa\u00f1adas por su entrenadora Jackeline Haas. Desde LBD, los detalles.<!--more--><\/p>\n<p><a href=\"http:\/\/labestiadeportiva.com\/lbd\/wp-content\/uploads\/2021\/11\/IMG-20211122-WA0031.jpg\"><img loading=\"lazy\" src=\"http:\/\/labestiadeportiva.com\/lbd\/wp-content\/uploads\/2021\/11\/IMG-20211122-WA0031.jpg\" alt=\"IMG-20211122-WA0031\" width=\"1024\" height=\"768\" class=\"aligncenter size-full wp-image-40429\" srcset=\"http:\/\/labestiadeportiva.com\/lbd\/wp-content\/uploads\/2021\/11\/IMG-20211122-WA0031.jpg 1024w, http:\/\/labestiadeportiva.com\/lbd\/wp-content\/uploads\/2021\/11\/IMG-20211122-WA0031-300x225.jpg 300w, http:\/\/labestiadeportiva.com\/lbd\/wp-content\/uploads\/2021\/11\/IMG-20211122-WA0031-640x480.jpg 640w\" sizes=\"(max-width: 1024px) 100vw, 1024px\" \/><\/a><br \/>\nLa delegaci\u00f3n parti\u00f3 el domingo v\u00eda a\u00e9rea. La competencia se realizar\u00e1 en el gimnasio \u00abFinito\u00bb Gehrmann de Posadas.  <\/p>\n<p>Las fueguinas participar\u00e1n en \u00abTrio Mini\u00bb, compuesto por Josefina Blanco, Brisa Flores y Juanita Aballay, Lola Gonz\u00e1lez en Individual Pre Infantil, Morena G\u00f3mez en Individual Infantil, Perla Boerman y Lara Robledo en Individual Juvenil mientras que D\u00fao Open 13 lo har\u00e1n Martina Semenick y Giovana Seli <\/p>\n<p>Los formadores y padres quieren agradecer a todos los que colaboraron para poder hacer realidad el viaje de las j\u00f3venes deportistas.  <\/p>\n<p><a href=\"http:\/\/labestiadeportiva.com\/lbd\/wp-content\/uploads\/2021\/11\/IMG-20211121-WA0023.jpg\"><img loading=\"lazy\" src=\"http:\/\/labestiadeportiva.com\/lbd\/wp-content\/uploads\/2021\/11\/IMG-20211121-WA0023.jpg\" alt=\"IMG-20211121-WA0023\" width=\"1600\" height=\"1200\" class=\"aligncenter size-full wp-image-40428\" srcset=\"http:\/\/labestiadeportiva.com\/lbd\/wp-content\/uploads\/2021\/11\/IMG-20211121-WA0023.jpg 1600w, http:\/\/labestiadeportiva.com\/lbd\/wp-content\/uploads\/2021\/11\/IMG-20211121-WA0023-300x225.jpg 300w, http:\/\/labestiadeportiva.com\/lbd\/wp-content\/uploads\/2021\/11\/IMG-20211121-WA0023-1024x768.jpg 1024w, http:\/\/labestiadeportiva.com\/lbd\/wp-content\/uploads\/2021\/11\/IMG-20211121-WA0023-640x480.jpg 640w\" sizes=\"(max-width: 1600px) 100vw, 1600px\" \/><\/a><\/p>\n<div class='epvc-post-count'><span class='epvc-eye'><\/span>  <span class=\"epvc-count\"> 1.974<\/span><span class='epvc-label'> veces le\u00edda<\/span><\/div>\n<div class=\"jwsharethis\">\nShare this: \n<br \/>\n<a href=\"mailto:?subject=Ushuaienses%20al%20Nacional%20de%20Gimnasia%20R%C3%ADtmica&amp;body=http%3A%2F%2Flabestiadeportiva.com%2Flbd%2Fushuaienses-al-nacional-de-gimnasia-ritmica%2F\">\n<img src=\"http:\/\/labestiadeportiva.com\/lbd\/wp-content\/plugins\/jw-share-this\/email.png\" alt=\"Share this page via Email\" \/>\n<\/a>\n<a target=\"_blank\" href=\"http:\/\/www.stumbleupon.com\/submit?url=http%3A%2F%2Flabestiadeportiva.com%2Flbd%2Fushuaienses-al-nacional-de-gimnasia-ritmica%2F&amp;title=Ushuaienses+al+Nacional+de+Gimnasia+R%C3%ADtmica\">\n<img src=\"http:\/\/labestiadeportiva.com\/lbd\/wp-content\/plugins\/jw-share-this\/su.png\" alt=\"Share this page via Stumble Upon\" \/>\n<\/a>\n<a target=\"_blank\" href=\"http:\/\/digg.com\/submit?url=http%3A%2F%2Flabestiadeportiva.com%2Flbd%2Fushuaienses-al-nacional-de-gimnasia-ritmica%2F&amp;title=Ushuaienses+al+Nacional+de+Gimnasia+R%C3%ADtmica\">\n<img src=\"http:\/\/labestiadeportiva.com\/lbd\/wp-content\/plugins\/jw-share-this\/digg.png\" alt=\"Share this page via Digg this\" \/>\n<\/a>\n<a target=\"_blank\" href=\"http:\/\/www.facebook.com\/sharer.php?u=http%3A%2F%2Flabestiadeportiva.com%2Flbd%2Fushuaienses-al-nacional-de-gimnasia-ritmica%2F&amp;t=Ushuaienses+al+Nacional+de+Gimnasia+R%C3%ADtmica\">\n<img src=\"http:\/\/labestiadeportiva.com\/lbd\/wp-content\/plugins\/jw-share-this\/fb.png\" alt=\"Share this page via Facebook\" \/>\n<\/a>\n<a target=\"_blank\" href=\"http:\/\/twitter.com\/intent\/tweet?text=I+like+http%3A%2F%2Flabestiadeportiva.com%2Flbd%2Fushuaienses-al-nacional-de-gimnasia-ritmica%2F&amp;title=Ushuaienses+al+Nacional+de+Gimnasia+R%C3%ADtmica\">\n<img src=\"http:\/\/labestiadeportiva.com\/lbd\/wp-content\/plugins\/jw-share-this\/twitter.png\" alt=\"Share this page via Twitter\" \/>\n<\/a>\n<\/div>\n","protected":false},"excerpt":{"rendered":"<p>Del 25 al 27 de Noviembre en la capital misionera se realizar\u00e1 el Torneo Nacional \u00abC\u00bb individual y Conjuntos de Gimnasia R\u00edtmica. La Federaci\u00f3n Fueguina estar\u00e1 representada por 8 atletas capitalinas acompa\u00f1adas por su entrenadora Jackeline Haas. Desde LBD, los detalles. 1.974 veces le\u00edda Share this:<\/p>\n","protected":false},"author":1,"featured_media":40427,"comment_status":"open","ping_status":"open","sticky":false,"template":"","format":"standard","meta":[],"categories":[5,6,2528,1],"tags":[736,4648,4647],"_links":{"self":[{"href":"http:\/\/labestiadeportiva.com\/lbd\/wp-json\/wp\/v2\/posts\/40426"}],"collection":[{"href":"http:\/\/labestiadeportiva.com\/lbd\/wp-json\/wp\/v2\/posts"}],"about":[{"href":"http:\/\/labestiadeportiva.com\/lbd\/wp-json\/wp\/v2\/types\/post"}],"author":[{"embeddable":true,"href":"http:\/\/labestiadeportiva.com\/lbd\/wp-json\/wp\/v2\/users\/1"}],"replies":[{"embeddable":true,"href":"http:\/\/labestiadeportiva.com\/lbd\/wp-json\/wp\/v2\/comments?post=40426"}],"version-history":[{"count":1,"href":"http:\/\/labestiadeportiva.com\/lbd\/wp-json\/wp\/v2\/posts\/40426\/revisions"}],"predecessor-version":[{"id":40430,"href":"http:\/\/labestiadeportiva.com\/lbd\/wp-json\/wp\/v2\/posts\/40426\/revisions\/40430"}],"wp:featuredmedia":[{"embeddable":true,"href":"http:\/\/labestiadeportiva.com\/lbd\/wp-json\/wp\/v2\/media\/40427"}],"wp:attachment":[{"href":"http:\/\/labestiadeportiva.com\/lbd\/wp-json\/wp\/v2\/media?parent=40426"}],"wp:term":[{"taxonomy":"category","embeddable":true,"href":"http:\/\/labestiadeportiva.com\/lbd\/wp-json\/wp\/v2\/categories?post=40426"},{"taxonomy":"post_tag","embeddable":true,"href":"http:\/\/labestiadeportiva.com\/lbd\/wp-json\/wp\/v2\/tags?post=40426"}],"curies":[{"name":"wp","href":"https:\/\/api.w.org\/{rel}","templated":true}]}}