{"id":40481,"date":"2021-11-27T13:47:06","date_gmt":"2021-11-27T16:47:06","guid":{"rendered":"http:\/\/labestiadeportiva.com\/lbd\/?p=40481"},"modified":"2021-11-27T13:47:06","modified_gmt":"2021-11-27T16:47:06","slug":"ajedrez-provincial-en-el-polo-heroes-de-malvinas","status":"publish","type":"post","link":"http:\/\/labestiadeportiva.com\/lbd\/ajedrez-provincial-en-el-polo-heroes-de-malvinas\/","title":{"rendered":"Ajedrez provincial en el Polo \u00abH\u00e9roes de Malvinas\u00bb"},"content":{"rendered":"<p><a href=\"http:\/\/labestiadeportiva.com\/lbd\/wp-content\/uploads\/2021\/11\/FB_IMG_1638010701012.jpg\"><img loading=\"lazy\" src=\"http:\/\/labestiadeportiva.com\/lbd\/wp-content\/uploads\/2021\/11\/FB_IMG_1638010701012.jpg\" alt=\"FB_IMG_1638010701012\" width=\"720\" height=\"350\" class=\"aligncenter size-full wp-image-40482\" srcset=\"http:\/\/labestiadeportiva.com\/lbd\/wp-content\/uploads\/2021\/11\/FB_IMG_1638010701012.jpg 720w, http:\/\/labestiadeportiva.com\/lbd\/wp-content\/uploads\/2021\/11\/FB_IMG_1638010701012-300x146.jpg 300w, http:\/\/labestiadeportiva.com\/lbd\/wp-content\/uploads\/2021\/11\/FB_IMG_1638010701012-640x311.jpg 640w\" sizes=\"(max-width: 720px) 100vw, 720px\" \/><\/a><br \/>\nEl pasado s\u00e1bado, domingo y lunes feriado se realiz\u00f3 el campeonato que reuni\u00f3 jugadores de toda la provincia. El riograndense Sebastian Rodr\u00edguez fue el vencedor.<!--more--><\/p>\n<p>En cuanto a la participaci\u00f3n podemos decir que fueron de la partida de jugadores del Club Ushuaia Jaque Mate, Club de Ajedrez de R\u00edo Grande, Taller de ajedrez Municipal de Ushuaia y jugadores libres. <\/p>\n<p>En cuanto a la Direcci\u00f3n de Torneo y \u00e1rbitro principal estuvo a cargo del \u00e1rbitro FIDE Ricardo Luna, \u00c1rbitro principal adjunto el \u00e1rbitro Regional Sergio Chac\u00f3n. Asimismo la competencia cont\u00f3 con la colaboraci\u00f3n de  Carolina Luna, Ismael Luna y Laura Munafo.<\/p>\n<p><a href=\"http:\/\/labestiadeportiva.com\/lbd\/wp-content\/uploads\/2021\/11\/FB_IMG_1638010697967.jpg\"><img loading=\"lazy\" src=\"http:\/\/labestiadeportiva.com\/lbd\/wp-content\/uploads\/2021\/11\/FB_IMG_1638010697967.jpg\" alt=\"FB_IMG_1638010697967\" width=\"720\" height=\"350\" class=\"aligncenter size-full wp-image-40483\" srcset=\"http:\/\/labestiadeportiva.com\/lbd\/wp-content\/uploads\/2021\/11\/FB_IMG_1638010697967.jpg 720w, http:\/\/labestiadeportiva.com\/lbd\/wp-content\/uploads\/2021\/11\/FB_IMG_1638010697967-300x146.jpg 300w, http:\/\/labestiadeportiva.com\/lbd\/wp-content\/uploads\/2021\/11\/FB_IMG_1638010697967-640x311.jpg 640w\" sizes=\"(max-width: 720px) 100vw, 720px\" \/><\/a><br \/>\nEl campeonato se disput\u00f3 por sistema suizo a siete (7) rondas, con ritmo de juego de 60 minutos por jugador y un incremento de 30 segundos desde la primera jugada. Siendo v\u00e1lido para el c\u00f3mputo del ranking internacional (ELO).<\/p>\n<p>Fueron de la partida un total de 46 jugadores, donde 24 de ellos poseen Ranking Internacional. Con buena concurrencia de jugadores (15) de la ciudad de R\u00edo Grande siendo el resto de la capital provincial.<\/p>\n<p>El lugar de juego fue el sal\u00f3n de usos m\u00faltiples del Polo Municipal \u00abH\u00e9roes de Malvinas\u00bb ubicado en el barrio de Andorra, con auspicio del Instituto Municipal de Deportes, la Secretar\u00eda de Deportes y Juventud de Tierra del Fuego, Chocolates Edelweiss, Panader\u00eda Eureka, Pizzer\u00eda Dieguito, Imprenta Impresionarte y Hoster\u00eda Chalp.<\/p>\n<p>Participaron los principales jugadores de la provincia, sufriendo la ausencia de Federico Torres por imprevistos familiares de \u00faltimo momento y otros jugadores de excelente nivel que se encontraban ausentes de Tierra del Fuego.<\/p>\n<p><a href=\"http:\/\/labestiadeportiva.com\/lbd\/wp-content\/uploads\/2021\/11\/IMG-20211127-WA0073.jpg\"><img loading=\"lazy\" src=\"http:\/\/labestiadeportiva.com\/lbd\/wp-content\/uploads\/2021\/11\/IMG-20211127-WA0073.jpg\" alt=\"IMG-20211127-WA0073\" width=\"1032\" height=\"581\" class=\"aligncenter size-full wp-image-40484\" srcset=\"http:\/\/labestiadeportiva.com\/lbd\/wp-content\/uploads\/2021\/11\/IMG-20211127-WA0073.jpg 1032w, http:\/\/labestiadeportiva.com\/lbd\/wp-content\/uploads\/2021\/11\/IMG-20211127-WA0073-300x169.jpg 300w, http:\/\/labestiadeportiva.com\/lbd\/wp-content\/uploads\/2021\/11\/IMG-20211127-WA0073-1024x576.jpg 1024w, http:\/\/labestiadeportiva.com\/lbd\/wp-content\/uploads\/2021\/11\/IMG-20211127-WA0073-640x360.jpg 640w\" sizes=\"(max-width: 1032px) 100vw, 1032px\" \/><\/a><br \/>\nNo obstante, el torneo present\u00f3 partidas de excelente nivel de juego y el desarrollo de las mismas, fue con mucha lucha al punto que no quedaron jugadores invictos.<\/p>\n<p>El campe\u00f3n 2021 fue Sebasti\u00e1n Rodr\u00edguez del Club de Ajedrez de R\u00edo Grande, qui\u00e9n fue un justo ganador ya que logr\u00f3 imponerse en la mayor\u00eda de las partidas, a punto estuvo de convertirse en el campe\u00f3n m\u00e1s joven de Tierra del Fuego, de no ser por su derrota ante Ricardo Saldivia en la \u00faltima ronda, qui\u00e9n a su vez empat\u00f3 en puntos con Sebasti\u00e1n y debieron disputar partidas de desempate, para definir el t\u00edtulo.<\/p>\n<p>El campeonato estuvo impredecible hasta la \u00faltima ronda, d\u00f3nde varios oponentes se disputaban el liderazgo. Sebasti\u00e1n, Ricardo y Dami\u00e1n quer\u00edan el 1\u00b0 puesto y tanto Luciano Remolcoy y \u00c1ngel Quiroga estaban al acecho.<\/p>\n<p>Derrotero del Campe\u00f3n, desde la primera ronda no la tuvo f\u00e1cil, enfrentando a rivales de renombre imponiendo la precisi\u00f3n de su juego, solamente en la 6\u00b0 ronda Dami\u00e1n pudo poner un alto al brillante desempe\u00f1o de Sebasti\u00e1n y parec\u00eda que se convertir\u00eda en el nuevo campe\u00f3n.  <\/p>\n<p><a href=\"http:\/\/labestiadeportiva.com\/lbd\/wp-content\/uploads\/2021\/11\/IMG-20211127-WA0031.jpg\"><img loading=\"lazy\" src=\"http:\/\/labestiadeportiva.com\/lbd\/wp-content\/uploads\/2021\/11\/IMG-20211127-WA0031.jpg\" alt=\"IMG-20211127-WA0031\" width=\"1600\" height=\"900\" class=\"aligncenter size-full wp-image-40485\" srcset=\"http:\/\/labestiadeportiva.com\/lbd\/wp-content\/uploads\/2021\/11\/IMG-20211127-WA0031.jpg 1600w, http:\/\/labestiadeportiva.com\/lbd\/wp-content\/uploads\/2021\/11\/IMG-20211127-WA0031-300x169.jpg 300w, http:\/\/labestiadeportiva.com\/lbd\/wp-content\/uploads\/2021\/11\/IMG-20211127-WA0031-1024x576.jpg 1024w, http:\/\/labestiadeportiva.com\/lbd\/wp-content\/uploads\/2021\/11\/IMG-20211127-WA0031-640x360.jpg 640w\" sizes=\"(max-width: 1600px) 100vw, 1600px\" \/><\/a><br \/>\nPero en la 7\u00b0 y \u00faltima ronda el ahora vencedor volvi\u00f3 al triunfo. Mientras que Dami\u00e1n, a lo mejor producto de la presi\u00f3n, cometi\u00f3 peque\u00f1as imprecisiones que Ricardo Saldivia no dejo pasar y coron\u00f3 con un triunfo, alcanzando de esa manera el sistema de desempate, para competir por el Campeonato.<\/p>\n<p>Diana Labayr\u00fa del Club Ushuaia Jaque Mate, nuevamente se coron\u00f3 Campeona Provincial 2021, qui\u00e9n fue superando adem\u00e1s de los naturales rivales del fixture al resto de las participantes femeninas,<\/p>\n<p>En cuanto a los resultados individuales, la variaci\u00f3n en el ELO es la mejor percepci\u00f3n de las actuaciones excepcionales, que en este evento fueron los jugadores Ricardo Saldivia sumando 18 puntos, Dami\u00e1n Schualle con 75 puntos, Lucas Igarzabal 36 puntos, Sebasti\u00e1n Sandoval 38 puntos, Tomas Foschiatti  48 puntos, Tom\u00e1s Alderete 31 puntos y Santino Zapata 70 puntos. <\/p>\n<p><a href=\"http:\/\/labestiadeportiva.com\/lbd\/wp-content\/uploads\/2021\/11\/IMG-20211127-WA0018.jpg\"><img loading=\"lazy\" src=\"http:\/\/labestiadeportiva.com\/lbd\/wp-content\/uploads\/2021\/11\/IMG-20211127-WA0018.jpg\" alt=\"IMG-20211127-WA0018\" width=\"1600\" height=\"900\" class=\"aligncenter size-full wp-image-40486\" srcset=\"http:\/\/labestiadeportiva.com\/lbd\/wp-content\/uploads\/2021\/11\/IMG-20211127-WA0018.jpg 1600w, http:\/\/labestiadeportiva.com\/lbd\/wp-content\/uploads\/2021\/11\/IMG-20211127-WA0018-300x169.jpg 300w, http:\/\/labestiadeportiva.com\/lbd\/wp-content\/uploads\/2021\/11\/IMG-20211127-WA0018-1024x576.jpg 1024w, http:\/\/labestiadeportiva.com\/lbd\/wp-content\/uploads\/2021\/11\/IMG-20211127-WA0018-640x360.jpg 640w\" sizes=\"(max-width: 1600px) 100vw, 1600px\" \/><\/a><\/p>\n<p>Principales Resultados:<br \/>\nCampe\u00f3n Provincial 2021<br \/>\nSebasti\u00e1n Rodr\u00edguez CARG<br \/>\nSubcampe\u00f3n Provincial<br \/>\nRicardo Saldivia CARG<br \/>\nCampeona Provincial 2021<br \/>\nDiana Labayr\u00fa CUJM<br \/>\nMejor Jugador Sub 20<br \/>\nDami\u00e1n Schualle Taller Municipal<br \/>\nMejor Jugador Sub 18                   Francisco Ort\u00edz Libre<br \/>\nMejor SUPRA-50                                  Daniel Zsilavecz CARG<br \/>\nMejoe Sub 16                                     Tom\u00e1s Foschiatti LIBRE<br \/>\nMejor Sub 14                                     Santino Zapata Taller Municipal<br \/>\nMejor Sub 12                                       Brisa Carballo Taller Municipal<br \/>\nMejor Sub 10                                      Facundo Bretti  CUJM    <\/p>\n<p><a href=\"http:\/\/labestiadeportiva.com\/lbd\/wp-content\/uploads\/2021\/11\/IMG-20211127-WA0023.jpg\"><img loading=\"lazy\" src=\"http:\/\/labestiadeportiva.com\/lbd\/wp-content\/uploads\/2021\/11\/IMG-20211127-WA0023.jpg\" alt=\"IMG-20211127-WA0023\" width=\"1600\" height=\"900\" class=\"aligncenter size-full wp-image-40487\" srcset=\"http:\/\/labestiadeportiva.com\/lbd\/wp-content\/uploads\/2021\/11\/IMG-20211127-WA0023.jpg 1600w, http:\/\/labestiadeportiva.com\/lbd\/wp-content\/uploads\/2021\/11\/IMG-20211127-WA0023-300x169.jpg 300w, http:\/\/labestiadeportiva.com\/lbd\/wp-content\/uploads\/2021\/11\/IMG-20211127-WA0023-1024x576.jpg 1024w, http:\/\/labestiadeportiva.com\/lbd\/wp-content\/uploads\/2021\/11\/IMG-20211127-WA0023-640x360.jpg 640w\" sizes=\"(max-width: 1600px) 100vw, 1600px\" \/><\/a>            <\/p>\n<div class='epvc-post-count'><span class='epvc-eye'><\/span>  <span class=\"epvc-count\"> 1.195<\/span><span class='epvc-label'> veces le\u00edda<\/span><\/div>\n<div class=\"jwsharethis\">\nShare this: \n<br \/>\n<a href=\"mailto:?subject=Ajedrez%20provincial%20en%20el%20Polo%20%C2%ABH%C3%A9roes%20de%20Malvinas%C2%BB&amp;body=http%3A%2F%2Flabestiadeportiva.com%2Flbd%2Fajedrez-provincial-en-el-polo-heroes-de-malvinas%2F\">\n<img src=\"http:\/\/labestiadeportiva.com\/lbd\/wp-content\/plugins\/jw-share-this\/email.png\" alt=\"Share this page via Email\" \/>\n<\/a>\n<a target=\"_blank\" href=\"http:\/\/www.stumbleupon.com\/submit?url=http%3A%2F%2Flabestiadeportiva.com%2Flbd%2Fajedrez-provincial-en-el-polo-heroes-de-malvinas%2F&amp;title=Ajedrez+provincial+en+el+Polo+%C2%ABH%C3%A9roes+de+Malvinas%C2%BB\">\n<img src=\"http:\/\/labestiadeportiva.com\/lbd\/wp-content\/plugins\/jw-share-this\/su.png\" alt=\"Share this page via Stumble Upon\" \/>\n<\/a>\n<a target=\"_blank\" href=\"http:\/\/digg.com\/submit?url=http%3A%2F%2Flabestiadeportiva.com%2Flbd%2Fajedrez-provincial-en-el-polo-heroes-de-malvinas%2F&amp;title=Ajedrez+provincial+en+el+Polo+%C2%ABH%C3%A9roes+de+Malvinas%C2%BB\">\n<img src=\"http:\/\/labestiadeportiva.com\/lbd\/wp-content\/plugins\/jw-share-this\/digg.png\" alt=\"Share this page via Digg this\" \/>\n<\/a>\n<a target=\"_blank\" href=\"http:\/\/www.facebook.com\/sharer.php?u=http%3A%2F%2Flabestiadeportiva.com%2Flbd%2Fajedrez-provincial-en-el-polo-heroes-de-malvinas%2F&amp;t=Ajedrez+provincial+en+el+Polo+%C2%ABH%C3%A9roes+de+Malvinas%C2%BB\">\n<img src=\"http:\/\/labestiadeportiva.com\/lbd\/wp-content\/plugins\/jw-share-this\/fb.png\" alt=\"Share this page via Facebook\" \/>\n<\/a>\n<a target=\"_blank\" href=\"http:\/\/twitter.com\/intent\/tweet?text=I+like+http%3A%2F%2Flabestiadeportiva.com%2Flbd%2Fajedrez-provincial-en-el-polo-heroes-de-malvinas%2F&amp;title=Ajedrez+provincial+en+el+Polo+%C2%ABH%C3%A9roes+de+Malvinas%C2%BB\">\n<img src=\"http:\/\/labestiadeportiva.com\/lbd\/wp-content\/plugins\/jw-share-this\/twitter.png\" alt=\"Share this page via Twitter\" \/>\n<\/a>\n<\/div>\n","protected":false},"excerpt":{"rendered":"<p>El pasado s\u00e1bado, domingo y lunes feriado se realiz\u00f3 el campeonato que reuni\u00f3 jugadores de toda la provincia. El riograndense Sebastian Rodr\u00edguez fue el vencedor. 1.195 veces le\u00edda Share this:<\/p>\n","protected":false},"author":1,"featured_media":40485,"comment_status":"open","ping_status":"open","sticky":false,"template":"","format":"standard","meta":[],"categories":[2348,5,1],"tags":[468,193,3660],"_links":{"self":[{"href":"http:\/\/labestiadeportiva.com\/lbd\/wp-json\/wp\/v2\/posts\/40481"}],"collection":[{"href":"http:\/\/labestiadeportiva.com\/lbd\/wp-json\/wp\/v2\/posts"}],"about":[{"href":"http:\/\/labestiadeportiva.com\/lbd\/wp-json\/wp\/v2\/types\/post"}],"author":[{"embeddable":true,"href":"http:\/\/labestiadeportiva.com\/lbd\/wp-json\/wp\/v2\/users\/1"}],"replies":[{"embeddable":true,"href":"http:\/\/labestiadeportiva.com\/lbd\/wp-json\/wp\/v2\/comments?post=40481"}],"version-history":[{"count":1,"href":"http:\/\/labestiadeportiva.com\/lbd\/wp-json\/wp\/v2\/posts\/40481\/revisions"}],"predecessor-version":[{"id":40488,"href":"http:\/\/labestiadeportiva.com\/lbd\/wp-json\/wp\/v2\/posts\/40481\/revisions\/40488"}],"wp:featuredmedia":[{"embeddable":true,"href":"http:\/\/labestiadeportiva.com\/lbd\/wp-json\/wp\/v2\/media\/40485"}],"wp:attachment":[{"href":"http:\/\/labestiadeportiva.com\/lbd\/wp-json\/wp\/v2\/media?parent=40481"}],"wp:term":[{"taxonomy":"category","embeddable":true,"href":"http:\/\/labestiadeportiva.com\/lbd\/wp-json\/wp\/v2\/categories?post=40481"},{"taxonomy":"post_tag","embeddable":true,"href":"http:\/\/labestiadeportiva.com\/lbd\/wp-json\/wp\/v2\/tags?post=40481"}],"curies":[{"name":"wp","href":"https:\/\/api.w.org\/{rel}","templated":true}]}}