{"id":40629,"date":"2021-12-13T15:26:27","date_gmt":"2021-12-13T18:26:27","guid":{"rendered":"http:\/\/labestiadeportiva.com\/lbd\/?p=40629"},"modified":"2021-12-13T15:58:39","modified_gmt":"2021-12-13T18:58:39","slug":"se-vienen-el-seven-del-fdm-y-la-semana-del-rugby-audio","status":"publish","type":"post","link":"http:\/\/labestiadeportiva.com\/lbd\/se-vienen-el-seven-del-fdm-y-la-semana-del-rugby-audio\/","title":{"rendered":"Se vienen el Seven del FDM y la Semana del Rugby (Audio)"},"content":{"rendered":"<p><a href=\"http:\/\/labestiadeportiva.com\/lbd\/wp-content\/uploads\/2021\/12\/IMG-20211203-WA0104.jpg\"><img loading=\"lazy\" src=\"http:\/\/labestiadeportiva.com\/lbd\/wp-content\/uploads\/2021\/12\/IMG-20211203-WA0104.jpg\" alt=\"IMG-20211203-WA0104\" width=\"719\" height=\"1280\" class=\"aligncenter size-full wp-image-40632\" srcset=\"http:\/\/labestiadeportiva.com\/lbd\/wp-content\/uploads\/2021\/12\/IMG-20211203-WA0104.jpg 719w, http:\/\/labestiadeportiva.com\/lbd\/wp-content\/uploads\/2021\/12\/IMG-20211203-WA0104-169x300.jpg 169w, http:\/\/labestiadeportiva.com\/lbd\/wp-content\/uploads\/2021\/12\/IMG-20211203-WA0104-575x1024.jpg 575w, http:\/\/labestiadeportiva.com\/lbd\/wp-content\/uploads\/2021\/12\/IMG-20211203-WA0104-640x1139.jpg 640w\" sizes=\"(max-width: 719px) 100vw, 719px\" \/><\/a><br \/>\nContacto con el hist\u00f3rico dirigente del URC, Carlos \u00abCali\u00bb R\u00edos, quien nos adelant\u00f3 las acciones por venir. Todo comenzar\u00e1 este mi\u00e9rcoles con las primeras charlas en el Hotel Arakur.<\/p>\n<p>Compartimos la entrevista lograda este lunes en la 99.9 Radio Provincia. <!--more--><\/p>\n<p><iframe loading=\"lazy\" width=\"560\" height=\"315\" src=\"https:\/\/www.youtube.com\/embed\/K-lbANmLpfM\" title=\"YouTube video player\" frameborder=\"0\" allow=\"accelerometer; autoplay; clipboard-write; encrypted-media; gyroscope; picture-in-picture\" allowfullscreen><\/iframe><\/p>\n<div class='epvc-post-count'><span class='epvc-eye'><\/span>  <span class=\"epvc-count\"> 1.077<\/span><span class='epvc-label'> veces le\u00edda<\/span><\/div>\n<div class=\"jwsharethis\">\nShare this: \n<br \/>\n<a href=\"mailto:?subject=Se%20vienen%20el%20Seven%20del%20FDM%20y%20la%20Semana%20del%20Rugby%20%28Audio%29&amp;body=http%3A%2F%2Flabestiadeportiva.com%2Flbd%2Fse-vienen-el-seven-del-fdm-y-la-semana-del-rugby-audio%2F\">\n<img src=\"http:\/\/labestiadeportiva.com\/lbd\/wp-content\/plugins\/jw-share-this\/email.png\" alt=\"Share this page via Email\" \/>\n<\/a>\n<a target=\"_blank\" href=\"http:\/\/www.stumbleupon.com\/submit?url=http%3A%2F%2Flabestiadeportiva.com%2Flbd%2Fse-vienen-el-seven-del-fdm-y-la-semana-del-rugby-audio%2F&amp;title=Se+vienen+el+Seven+del+FDM+y+la+Semana+del+Rugby+%28Audio%29\">\n<img src=\"http:\/\/labestiadeportiva.com\/lbd\/wp-content\/plugins\/jw-share-this\/su.png\" alt=\"Share this page via Stumble Upon\" \/>\n<\/a>\n<a target=\"_blank\" href=\"http:\/\/digg.com\/submit?url=http%3A%2F%2Flabestiadeportiva.com%2Flbd%2Fse-vienen-el-seven-del-fdm-y-la-semana-del-rugby-audio%2F&amp;title=Se+vienen+el+Seven+del+FDM+y+la+Semana+del+Rugby+%28Audio%29\">\n<img src=\"http:\/\/labestiadeportiva.com\/lbd\/wp-content\/plugins\/jw-share-this\/digg.png\" alt=\"Share this page via Digg this\" \/>\n<\/a>\n<a target=\"_blank\" href=\"http:\/\/www.facebook.com\/sharer.php?u=http%3A%2F%2Flabestiadeportiva.com%2Flbd%2Fse-vienen-el-seven-del-fdm-y-la-semana-del-rugby-audio%2F&amp;t=Se+vienen+el+Seven+del+FDM+y+la+Semana+del+Rugby+%28Audio%29\">\n<img src=\"http:\/\/labestiadeportiva.com\/lbd\/wp-content\/plugins\/jw-share-this\/fb.png\" alt=\"Share this page via Facebook\" \/>\n<\/a>\n<a target=\"_blank\" href=\"http:\/\/twitter.com\/intent\/tweet?text=I+like+http%3A%2F%2Flabestiadeportiva.com%2Flbd%2Fse-vienen-el-seven-del-fdm-y-la-semana-del-rugby-audio%2F&amp;title=Se+vienen+el+Seven+del+FDM+y+la+Semana+del+Rugby+%28Audio%29\">\n<img src=\"http:\/\/labestiadeportiva.com\/lbd\/wp-content\/plugins\/jw-share-this\/twitter.png\" alt=\"Share this page via Twitter\" \/>\n<\/a>\n<\/div>\n","protected":false},"excerpt":{"rendered":"<p>Contacto con el hist\u00f3rico dirigente del URC, Carlos \u00abCali\u00bb R\u00edos, quien nos adelant\u00f3 las acciones por venir. Todo comenzar\u00e1 este mi\u00e9rcoles con las primeras charlas en el Hotel Arakur. Compartimos la entrevista lograda este lunes en la 99.9 Radio Provincia. 1.077 veces le\u00edda Share this:<\/p>\n","protected":false},"author":1,"featured_media":0,"comment_status":"open","ping_status":"open","sticky":false,"template":"","format":"standard","meta":[],"categories":[5,6,60,1,2458],"tags":[4669,4838,1265,190,2911],"_links":{"self":[{"href":"http:\/\/labestiadeportiva.com\/lbd\/wp-json\/wp\/v2\/posts\/40629"}],"collection":[{"href":"http:\/\/labestiadeportiva.com\/lbd\/wp-json\/wp\/v2\/posts"}],"about":[{"href":"http:\/\/labestiadeportiva.com\/lbd\/wp-json\/wp\/v2\/types\/post"}],"author":[{"embeddable":true,"href":"http:\/\/labestiadeportiva.com\/lbd\/wp-json\/wp\/v2\/users\/1"}],"replies":[{"embeddable":true,"href":"http:\/\/labestiadeportiva.com\/lbd\/wp-json\/wp\/v2\/comments?post=40629"}],"version-history":[{"count":3,"href":"http:\/\/labestiadeportiva.com\/lbd\/wp-json\/wp\/v2\/posts\/40629\/revisions"}],"predecessor-version":[{"id":40633,"href":"http:\/\/labestiadeportiva.com\/lbd\/wp-json\/wp\/v2\/posts\/40629\/revisions\/40633"}],"wp:attachment":[{"href":"http:\/\/labestiadeportiva.com\/lbd\/wp-json\/wp\/v2\/media?parent=40629"}],"wp:term":[{"taxonomy":"category","embeddable":true,"href":"http:\/\/labestiadeportiva.com\/lbd\/wp-json\/wp\/v2\/categories?post=40629"},{"taxonomy":"post_tag","embeddable":true,"href":"http:\/\/labestiadeportiva.com\/lbd\/wp-json\/wp\/v2\/tags?post=40629"}],"curies":[{"name":"wp","href":"https:\/\/api.w.org\/{rel}","templated":true}]}}