{"id":40691,"date":"2021-12-21T20:30:41","date_gmt":"2021-12-21T23:30:41","guid":{"rendered":"http:\/\/labestiadeportiva.com\/lbd\/?p=40691"},"modified":"2021-12-21T22:33:56","modified_gmt":"2021-12-22T01:33:56","slug":"40691","status":"publish","type":"post","link":"http:\/\/labestiadeportiva.com\/lbd\/40691\/","title":{"rendered":"Cierre, balance y grandes novedades (Audio)"},"content":{"rendered":"<p><a href=\"http:\/\/labestiadeportiva.com\/lbd\/wp-content\/uploads\/2021\/12\/IMG-20211221-WA0058.jpg\"><img loading=\"lazy\" src=\"http:\/\/labestiadeportiva.com\/lbd\/wp-content\/uploads\/2021\/12\/IMG-20211221-WA0058.jpg\" alt=\"IMG-20211221-WA0058\" width=\"1280\" height=\"960\" class=\"aligncenter size-full wp-image-40696\" srcset=\"http:\/\/labestiadeportiva.com\/lbd\/wp-content\/uploads\/2021\/12\/IMG-20211221-WA0058.jpg 1280w, http:\/\/labestiadeportiva.com\/lbd\/wp-content\/uploads\/2021\/12\/IMG-20211221-WA0058-300x225.jpg 300w, http:\/\/labestiadeportiva.com\/lbd\/wp-content\/uploads\/2021\/12\/IMG-20211221-WA0058-1024x768.jpg 1024w, http:\/\/labestiadeportiva.com\/lbd\/wp-content\/uploads\/2021\/12\/IMG-20211221-WA0058-640x480.jpg 640w\" sizes=\"(max-width: 1280px) 100vw, 1280px\" \/><\/a><br \/>\nEl pasado s\u00e1bado, al aire libre, la Escuela Municipal de Kickboxing clausur\u00f3 las actividades de la presente temporada.<\/p>\n<p>Los detalles a cargo del formador Mart\u00edn \u00abChino\u00bb Vallejos quien analiz\u00f3 el a\u00f1o que culmina. <\/p>\n<p>Asimismo nos adelant\u00f3 que en el mes de enero se presentar\u00e1n en el continente tres de sus peleadores mientras que en marzo se realizar\u00e1 una velada en nuestra ciudad con importantes figuras.<\/p>\n<p>Compartimos la entrevista lograda este martes en la 94.1 FM del Sur.<!--more--><\/p>\n<p><iframe loading=\"lazy\" width=\"560\" height=\"315\" src=\"https:\/\/www.youtube.com\/embed\/DrZkCekUhoY\" title=\"YouTube video player\" frameborder=\"0\" allow=\"accelerometer; autoplay; clipboard-write; encrypted-media; gyroscope; picture-in-picture\" allowfullscreen><\/iframe><\/p>\n<div class='epvc-post-count'><span class='epvc-eye'><\/span>  <span class=\"epvc-count\"> 1.076<\/span><span class='epvc-label'> veces le\u00edda<\/span><\/div>\n<div class=\"jwsharethis\">\nShare this: \n<br \/>\n<a href=\"mailto:?subject=Cierre%2C%20balance%20y%20grandes%20novedades%20%28Audio%29&amp;body=http%3A%2F%2Flabestiadeportiva.com%2Flbd%2F40691%2F\">\n<img src=\"http:\/\/labestiadeportiva.com\/lbd\/wp-content\/plugins\/jw-share-this\/email.png\" alt=\"Share this page via Email\" \/>\n<\/a>\n<a target=\"_blank\" href=\"http:\/\/www.stumbleupon.com\/submit?url=http%3A%2F%2Flabestiadeportiva.com%2Flbd%2F40691%2F&amp;title=Cierre%2C+balance+y+grandes+novedades+%28Audio%29\">\n<img src=\"http:\/\/labestiadeportiva.com\/lbd\/wp-content\/plugins\/jw-share-this\/su.png\" alt=\"Share this page via Stumble Upon\" \/>\n<\/a>\n<a target=\"_blank\" href=\"http:\/\/digg.com\/submit?url=http%3A%2F%2Flabestiadeportiva.com%2Flbd%2F40691%2F&amp;title=Cierre%2C+balance+y+grandes+novedades+%28Audio%29\">\n<img src=\"http:\/\/labestiadeportiva.com\/lbd\/wp-content\/plugins\/jw-share-this\/digg.png\" alt=\"Share this page via Digg this\" \/>\n<\/a>\n<a target=\"_blank\" href=\"http:\/\/www.facebook.com\/sharer.php?u=http%3A%2F%2Flabestiadeportiva.com%2Flbd%2F40691%2F&amp;t=Cierre%2C+balance+y+grandes+novedades+%28Audio%29\">\n<img src=\"http:\/\/labestiadeportiva.com\/lbd\/wp-content\/plugins\/jw-share-this\/fb.png\" alt=\"Share this page via Facebook\" \/>\n<\/a>\n<a target=\"_blank\" href=\"http:\/\/twitter.com\/intent\/tweet?text=I+like+http%3A%2F%2Flabestiadeportiva.com%2Flbd%2F40691%2F&amp;title=Cierre%2C+balance+y+grandes+novedades+%28Audio%29\">\n<img src=\"http:\/\/labestiadeportiva.com\/lbd\/wp-content\/plugins\/jw-share-this\/twitter.png\" alt=\"Share this page via Twitter\" \/>\n<\/a>\n<\/div>\n","protected":false},"excerpt":{"rendered":"<p>El pasado s\u00e1bado, al aire libre, la Escuela Municipal de Kickboxing clausur\u00f3 las actividades de la presente temporada. Los detalles a cargo del formador Mart\u00edn \u00abChino\u00bb Vallejos quien analiz\u00f3 el a\u00f1o que culmina. Asimismo nos adelant\u00f3 que en el mes de enero se presentar\u00e1n en el continente tres de sus peleadores mientras que en marzo &hellip; <a href=\"http:\/\/labestiadeportiva.com\/lbd\/40691\/\" class=\"more-link\">Seguir leyendo <span class=\"screen-reader-text\">Cierre, balance y grandes novedades (Audio)<\/span> <span class=\"meta-nav\">&rarr;<\/span><\/a><\/p>\n","protected":false},"author":1,"featured_media":40696,"comment_status":"open","ping_status":"open","sticky":false,"template":"","format":"standard","meta":[],"categories":[5,6,60,2241,1],"tags":[4838,1530,4554,3869],"_links":{"self":[{"href":"http:\/\/labestiadeportiva.com\/lbd\/wp-json\/wp\/v2\/posts\/40691"}],"collection":[{"href":"http:\/\/labestiadeportiva.com\/lbd\/wp-json\/wp\/v2\/posts"}],"about":[{"href":"http:\/\/labestiadeportiva.com\/lbd\/wp-json\/wp\/v2\/types\/post"}],"author":[{"embeddable":true,"href":"http:\/\/labestiadeportiva.com\/lbd\/wp-json\/wp\/v2\/users\/1"}],"replies":[{"embeddable":true,"href":"http:\/\/labestiadeportiva.com\/lbd\/wp-json\/wp\/v2\/comments?post=40691"}],"version-history":[{"count":3,"href":"http:\/\/labestiadeportiva.com\/lbd\/wp-json\/wp\/v2\/posts\/40691\/revisions"}],"predecessor-version":[{"id":40697,"href":"http:\/\/labestiadeportiva.com\/lbd\/wp-json\/wp\/v2\/posts\/40691\/revisions\/40697"}],"wp:featuredmedia":[{"embeddable":true,"href":"http:\/\/labestiadeportiva.com\/lbd\/wp-json\/wp\/v2\/media\/40696"}],"wp:attachment":[{"href":"http:\/\/labestiadeportiva.com\/lbd\/wp-json\/wp\/v2\/media?parent=40691"}],"wp:term":[{"taxonomy":"category","embeddable":true,"href":"http:\/\/labestiadeportiva.com\/lbd\/wp-json\/wp\/v2\/categories?post=40691"},{"taxonomy":"post_tag","embeddable":true,"href":"http:\/\/labestiadeportiva.com\/lbd\/wp-json\/wp\/v2\/tags?post=40691"}],"curies":[{"name":"wp","href":"https:\/\/api.w.org\/{rel}","templated":true}]}}