{"id":40707,"date":"2021-12-23T19:57:59","date_gmt":"2021-12-23T22:57:59","guid":{"rendered":"http:\/\/labestiadeportiva.com\/lbd\/?p=40707"},"modified":"2021-12-23T20:13:21","modified_gmt":"2021-12-23T23:13:21","slug":"40707","status":"publish","type":"post","link":"http:\/\/labestiadeportiva.com\/lbd\/40707\/","title":{"rendered":"\u00abCerramos todas las competencias de este a\u00f1o, hay que empezar a pensar en el 2022 que esperamos sea mejor\u00bb (Audio)"},"content":{"rendered":"<p><a href=\"http:\/\/labestiadeportiva.com\/lbd\/wp-content\/uploads\/2021\/12\/IMG_20210516_151252926_HDR.jpg\"><img loading=\"lazy\" src=\"http:\/\/labestiadeportiva.com\/lbd\/wp-content\/uploads\/2021\/12\/IMG_20210516_151252926_HDR.jpg\" alt=\"IMG_20210516_151252926_HDR\" width=\"1528\" height=\"3000\" class=\"aligncenter size-full wp-image-40710\" srcset=\"http:\/\/labestiadeportiva.com\/lbd\/wp-content\/uploads\/2021\/12\/IMG_20210516_151252926_HDR.jpg 1528w, http:\/\/labestiadeportiva.com\/lbd\/wp-content\/uploads\/2021\/12\/IMG_20210516_151252926_HDR-153x300.jpg 153w, http:\/\/labestiadeportiva.com\/lbd\/wp-content\/uploads\/2021\/12\/IMG_20210516_151252926_HDR-522x1024.jpg 522w, http:\/\/labestiadeportiva.com\/lbd\/wp-content\/uploads\/2021\/12\/IMG_20210516_151252926_HDR-640x1257.jpg 640w\" sizes=\"(max-width: 1528px) 100vw, 1528px\" \/><\/a><br \/>\nContacto con el presidente de la Liga Ushuaiense, Marcelo Gonz\u00e1lez. An\u00e1lisis de la temporada que concluye para la actividad salonera y al aire libre. <\/p>\n<p>El dirigente local expres\u00f3 la necesidad de contar con la renovaci\u00f3n del sint\u00e9tico municipal \u00abHugo Lumbreras\u00bb como as\u00ed tambi\u00e9n el sumar alg\u00fan nuevo espacio <\/p>\n<p>Compartimos la entrevista lograda este jueves en la 94.1 FM del Sur.<!--more--><\/p>\n<p><iframe loading=\"lazy\" width=\"560\" height=\"315\" src=\"https:\/\/www.youtube.com\/embed\/m07HDXQvWB8\" title=\"YouTube video player\" frameborder=\"0\" allow=\"accelerometer; autoplay; clipboard-write; encrypted-media; gyroscope; picture-in-picture\" allowfullscreen><\/iframe><\/p>\n<div class='epvc-post-count'><span class='epvc-eye'><\/span>  <span class=\"epvc-count\"> 1.096<\/span><span class='epvc-label'> veces le\u00edda<\/span><\/div>\n<div class=\"jwsharethis\">\nShare this: \n<br \/>\n<a href=\"mailto:?subject=%C2%ABCerramos%20todas%20las%20competencias%20de%20este%20a%C3%B1o%2C%20hay%20que%20empezar%20a%20pensar%20en%20el%202022%20que%20esperamos%20sea%20mejor%C2%BB%20%28Audio%29&amp;body=http%3A%2F%2Flabestiadeportiva.com%2Flbd%2F40707%2F\">\n<img src=\"http:\/\/labestiadeportiva.com\/lbd\/wp-content\/plugins\/jw-share-this\/email.png\" alt=\"Share this page via Email\" \/>\n<\/a>\n<a target=\"_blank\" href=\"http:\/\/www.stumbleupon.com\/submit?url=http%3A%2F%2Flabestiadeportiva.com%2Flbd%2F40707%2F&amp;title=%C2%ABCerramos+todas+las+competencias+de+este+a%C3%B1o%2C+hay+que+empezar+a+pensar+en+el+2022+que+esperamos+sea+mejor%C2%BB+%28Audio%29\">\n<img src=\"http:\/\/labestiadeportiva.com\/lbd\/wp-content\/plugins\/jw-share-this\/su.png\" alt=\"Share this page via Stumble Upon\" \/>\n<\/a>\n<a target=\"_blank\" href=\"http:\/\/digg.com\/submit?url=http%3A%2F%2Flabestiadeportiva.com%2Flbd%2F40707%2F&amp;title=%C2%ABCerramos+todas+las+competencias+de+este+a%C3%B1o%2C+hay+que+empezar+a+pensar+en+el+2022+que+esperamos+sea+mejor%C2%BB+%28Audio%29\">\n<img src=\"http:\/\/labestiadeportiva.com\/lbd\/wp-content\/plugins\/jw-share-this\/digg.png\" alt=\"Share this page via Digg this\" \/>\n<\/a>\n<a target=\"_blank\" href=\"http:\/\/www.facebook.com\/sharer.php?u=http%3A%2F%2Flabestiadeportiva.com%2Flbd%2F40707%2F&amp;t=%C2%ABCerramos+todas+las+competencias+de+este+a%C3%B1o%2C+hay+que+empezar+a+pensar+en+el+2022+que+esperamos+sea+mejor%C2%BB+%28Audio%29\">\n<img src=\"http:\/\/labestiadeportiva.com\/lbd\/wp-content\/plugins\/jw-share-this\/fb.png\" alt=\"Share this page via Facebook\" \/>\n<\/a>\n<a target=\"_blank\" href=\"http:\/\/twitter.com\/intent\/tweet?text=I+like+http%3A%2F%2Flabestiadeportiva.com%2Flbd%2F40707%2F&amp;title=%C2%ABCerramos+todas+las+competencias+de+este+a%C3%B1o%2C+hay+que+empezar+a+pensar+en+el+2022+que+esperamos+sea+mejor%C2%BB+%28Audio%29\">\n<img src=\"http:\/\/labestiadeportiva.com\/lbd\/wp-content\/plugins\/jw-share-this\/twitter.png\" alt=\"Share this page via Twitter\" \/>\n<\/a>\n<\/div>\n","protected":false},"excerpt":{"rendered":"<p>Contacto con el presidente de la Liga Ushuaiense, Marcelo Gonz\u00e1lez. An\u00e1lisis de la temporada que concluye para la actividad salonera y al aire libre. El dirigente local expres\u00f3 la necesidad de contar con la renovaci\u00f3n del sint\u00e9tico municipal \u00abHugo Lumbreras\u00bb como as\u00ed tambi\u00e9n el sumar alg\u00fan nuevo espacio Compartimos la entrevista lograda este jueves en &hellip; <a href=\"http:\/\/labestiadeportiva.com\/lbd\/40707\/\" class=\"more-link\">Seguir leyendo <span class=\"screen-reader-text\">\u00abCerramos todas las competencias de este a\u00f1o, hay que empezar a pensar en el 2022 que esperamos sea mejor\u00bb (Audio)<\/span> <span class=\"meta-nav\">&rarr;<\/span><\/a><\/p>\n","protected":false},"author":1,"featured_media":0,"comment_status":"open","ping_status":"open","sticky":false,"template":"","format":"standard","meta":[],"categories":[5,60,2439,1],"tags":[4838,17,3851,48],"_links":{"self":[{"href":"http:\/\/labestiadeportiva.com\/lbd\/wp-json\/wp\/v2\/posts\/40707"}],"collection":[{"href":"http:\/\/labestiadeportiva.com\/lbd\/wp-json\/wp\/v2\/posts"}],"about":[{"href":"http:\/\/labestiadeportiva.com\/lbd\/wp-json\/wp\/v2\/types\/post"}],"author":[{"embeddable":true,"href":"http:\/\/labestiadeportiva.com\/lbd\/wp-json\/wp\/v2\/users\/1"}],"replies":[{"embeddable":true,"href":"http:\/\/labestiadeportiva.com\/lbd\/wp-json\/wp\/v2\/comments?post=40707"}],"version-history":[{"count":3,"href":"http:\/\/labestiadeportiva.com\/lbd\/wp-json\/wp\/v2\/posts\/40707\/revisions"}],"predecessor-version":[{"id":40711,"href":"http:\/\/labestiadeportiva.com\/lbd\/wp-json\/wp\/v2\/posts\/40707\/revisions\/40711"}],"wp:attachment":[{"href":"http:\/\/labestiadeportiva.com\/lbd\/wp-json\/wp\/v2\/media?parent=40707"}],"wp:term":[{"taxonomy":"category","embeddable":true,"href":"http:\/\/labestiadeportiva.com\/lbd\/wp-json\/wp\/v2\/categories?post=40707"},{"taxonomy":"post_tag","embeddable":true,"href":"http:\/\/labestiadeportiva.com\/lbd\/wp-json\/wp\/v2\/tags?post=40707"}],"curies":[{"name":"wp","href":"https:\/\/api.w.org\/{rel}","templated":true}]}}