{"id":40772,"date":"2022-01-03T19:06:43","date_gmt":"2022-01-03T22:06:43","guid":{"rendered":"http:\/\/labestiadeportiva.com\/lbd\/?p=40772"},"modified":"2022-01-03T19:09:35","modified_gmt":"2022-01-03T22:09:35","slug":"todo-listo-para-noruega-audio-exclusivo","status":"publish","type":"post","link":"http:\/\/labestiadeportiva.com\/lbd\/todo-listo-para-noruega-audio-exclusivo\/","title":{"rendered":"Todo listo para Noruega (Audio Exclusivo)"},"content":{"rendered":"<p><a href=\"http:\/\/labestiadeportiva.com\/lbd\/wp-content\/uploads\/2022\/01\/IMG-20220103-WA0034.jpg\"><img loading=\"lazy\" src=\"http:\/\/labestiadeportiva.com\/lbd\/wp-content\/uploads\/2022\/01\/IMG-20220103-WA0034.jpg\" alt=\"IMG-20220103-WA0034\" width=\"1024\" height=\"1024\" class=\"aligncenter size-full wp-image-40774\" srcset=\"http:\/\/labestiadeportiva.com\/lbd\/wp-content\/uploads\/2022\/01\/IMG-20220103-WA0034.jpg 1024w, http:\/\/labestiadeportiva.com\/lbd\/wp-content\/uploads\/2022\/01\/IMG-20220103-WA0034-150x150.jpg 150w, http:\/\/labestiadeportiva.com\/lbd\/wp-content\/uploads\/2022\/01\/IMG-20220103-WA0034-300x300.jpg 300w, http:\/\/labestiadeportiva.com\/lbd\/wp-content\/uploads\/2022\/01\/IMG-20220103-WA0034-640x640.jpg 640w\" sizes=\"(max-width: 1024px) 100vw, 1024px\" \/><\/a><br \/>\nDesde Vuokatti, Finlandia, la palabra de Mar\u00eda Gir\u00f3 entrenadora del esquiador ushuaiense Nicol\u00e1s Lima. \u00daltima semana de est\u00edmulos ante de partir a la sede del Mundial adaptado.<\/p>\n<p>Compartimos el audio logrado este lunes en la 99.9 Radio Provincia.<!--more--><\/p>\n<p><iframe loading=\"lazy\" width=\"560\" height=\"315\" src=\"https:\/\/www.youtube.com\/embed\/U4GXIsumh-o\" title=\"YouTube video player\" frameborder=\"0\" allow=\"accelerometer; autoplay; clipboard-write; encrypted-media; gyroscope; picture-in-picture\" allowfullscreen><\/iframe><\/p>\n<div class='epvc-post-count'><span class='epvc-eye'><\/span>  <span class=\"epvc-count\"> 1.036<\/span><span class='epvc-label'> veces le\u00edda<\/span><\/div>\n<div class=\"jwsharethis\">\nShare this: \n<br \/>\n<a href=\"mailto:?subject=Todo%20listo%20para%20Noruega%20%28Audio%20Exclusivo%29&amp;body=http%3A%2F%2Flabestiadeportiva.com%2Flbd%2Ftodo-listo-para-noruega-audio-exclusivo%2F\">\n<img src=\"http:\/\/labestiadeportiva.com\/lbd\/wp-content\/plugins\/jw-share-this\/email.png\" alt=\"Share this page via Email\" \/>\n<\/a>\n<a target=\"_blank\" href=\"http:\/\/www.stumbleupon.com\/submit?url=http%3A%2F%2Flabestiadeportiva.com%2Flbd%2Ftodo-listo-para-noruega-audio-exclusivo%2F&amp;title=Todo+listo+para+Noruega+%28Audio+Exclusivo%29\">\n<img src=\"http:\/\/labestiadeportiva.com\/lbd\/wp-content\/plugins\/jw-share-this\/su.png\" alt=\"Share this page via Stumble Upon\" \/>\n<\/a>\n<a target=\"_blank\" href=\"http:\/\/digg.com\/submit?url=http%3A%2F%2Flabestiadeportiva.com%2Flbd%2Ftodo-listo-para-noruega-audio-exclusivo%2F&amp;title=Todo+listo+para+Noruega+%28Audio+Exclusivo%29\">\n<img src=\"http:\/\/labestiadeportiva.com\/lbd\/wp-content\/plugins\/jw-share-this\/digg.png\" alt=\"Share this page via Digg this\" \/>\n<\/a>\n<a target=\"_blank\" href=\"http:\/\/www.facebook.com\/sharer.php?u=http%3A%2F%2Flabestiadeportiva.com%2Flbd%2Ftodo-listo-para-noruega-audio-exclusivo%2F&amp;t=Todo+listo+para+Noruega+%28Audio+Exclusivo%29\">\n<img src=\"http:\/\/labestiadeportiva.com\/lbd\/wp-content\/plugins\/jw-share-this\/fb.png\" alt=\"Share this page via Facebook\" \/>\n<\/a>\n<a target=\"_blank\" href=\"http:\/\/twitter.com\/intent\/tweet?text=I+like+http%3A%2F%2Flabestiadeportiva.com%2Flbd%2Ftodo-listo-para-noruega-audio-exclusivo%2F&amp;title=Todo+listo+para+Noruega+%28Audio+Exclusivo%29\">\n<img src=\"http:\/\/labestiadeportiva.com\/lbd\/wp-content\/plugins\/jw-share-this\/twitter.png\" alt=\"Share this page via Twitter\" \/>\n<\/a>\n<\/div>\n","protected":false},"excerpt":{"rendered":"<p>Desde Vuokatti, Finlandia, la palabra de Mar\u00eda Gir\u00f3 entrenadora del esquiador ushuaiense Nicol\u00e1s Lima. \u00daltima semana de est\u00edmulos ante de partir a la sede del Mundial adaptado. Compartimos el audio logrado este lunes en la 99.9 Radio Provincia. 1.036 veces le\u00edda Share this:<\/p>\n","protected":false},"author":1,"featured_media":40774,"comment_status":"open","ping_status":"open","sticky":false,"template":"","format":"standard","meta":[],"categories":[5,4,6,60,4433,1],"tags":[4838,4434,2733,4688],"_links":{"self":[{"href":"http:\/\/labestiadeportiva.com\/lbd\/wp-json\/wp\/v2\/posts\/40772"}],"collection":[{"href":"http:\/\/labestiadeportiva.com\/lbd\/wp-json\/wp\/v2\/posts"}],"about":[{"href":"http:\/\/labestiadeportiva.com\/lbd\/wp-json\/wp\/v2\/types\/post"}],"author":[{"embeddable":true,"href":"http:\/\/labestiadeportiva.com\/lbd\/wp-json\/wp\/v2\/users\/1"}],"replies":[{"embeddable":true,"href":"http:\/\/labestiadeportiva.com\/lbd\/wp-json\/wp\/v2\/comments?post=40772"}],"version-history":[{"count":3,"href":"http:\/\/labestiadeportiva.com\/lbd\/wp-json\/wp\/v2\/posts\/40772\/revisions"}],"predecessor-version":[{"id":40776,"href":"http:\/\/labestiadeportiva.com\/lbd\/wp-json\/wp\/v2\/posts\/40772\/revisions\/40776"}],"wp:featuredmedia":[{"embeddable":true,"href":"http:\/\/labestiadeportiva.com\/lbd\/wp-json\/wp\/v2\/media\/40774"}],"wp:attachment":[{"href":"http:\/\/labestiadeportiva.com\/lbd\/wp-json\/wp\/v2\/media?parent=40772"}],"wp:term":[{"taxonomy":"category","embeddable":true,"href":"http:\/\/labestiadeportiva.com\/lbd\/wp-json\/wp\/v2\/categories?post=40772"},{"taxonomy":"post_tag","embeddable":true,"href":"http:\/\/labestiadeportiva.com\/lbd\/wp-json\/wp\/v2\/tags?post=40772"}],"curies":[{"name":"wp","href":"https:\/\/api.w.org\/{rel}","templated":true}]}}