{"id":40847,"date":"2022-01-11T17:45:56","date_gmt":"2022-01-11T20:45:56","guid":{"rendered":"http:\/\/labestiadeportiva.com\/lbd\/?p=40847"},"modified":"2022-01-11T17:45:56","modified_gmt":"2022-01-11T20:45:56","slug":"se-podran-solicitar-espacios-deportivos-provinciales-a-partir-de-febrero","status":"publish","type":"post","link":"http:\/\/labestiadeportiva.com\/lbd\/se-podran-solicitar-espacios-deportivos-provinciales-a-partir-de-febrero\/","title":{"rendered":"Se podr\u00e1n solicitar espacios deportivos provinciales a partir de febrero"},"content":{"rendered":"<p><a href=\"http:\/\/labestiadeportiva.com\/lbd\/wp-content\/uploads\/2022\/01\/FB_IMG_1641933868105.jpg\"><img loading=\"lazy\" src=\"http:\/\/labestiadeportiva.com\/lbd\/wp-content\/uploads\/2022\/01\/FB_IMG_1641933868105.jpg\" alt=\"FB_IMG_1641933868105\" width=\"720\" height=\"720\" class=\"aligncenter size-full wp-image-40848\" srcset=\"http:\/\/labestiadeportiva.com\/lbd\/wp-content\/uploads\/2022\/01\/FB_IMG_1641933868105.jpg 720w, http:\/\/labestiadeportiva.com\/lbd\/wp-content\/uploads\/2022\/01\/FB_IMG_1641933868105-150x150.jpg 150w, http:\/\/labestiadeportiva.com\/lbd\/wp-content\/uploads\/2022\/01\/FB_IMG_1641933868105-300x300.jpg 300w, http:\/\/labestiadeportiva.com\/lbd\/wp-content\/uploads\/2022\/01\/FB_IMG_1641933868105-640x640.jpg 640w\" sizes=\"(max-width: 720px) 100vw, 720px\" \/><\/a><br \/>\nLa Secretar\u00eda de Deportes y Juventud Provincial lo inform\u00f3 a trav\u00e9s de sus redes oficiales. Asimismo el comunicado aclara que los espacios a disponer ser\u00e1n para el primer semestre del a\u00f1o. La recepci\u00f3n de pedidos en las sedes administrativas de los gimnasios Profesora Ana V. Gir\u00f3 (Ushuaia) y Jorge Muriel (R\u00edo Grande). Desde LBD compartimos los detalles <!--more--><\/p>\n<p>Comunicado<\/p>\n<p>Informamos que a partir del d\u00eda 1 al 11 de febrero ser\u00e1n recepcionadas las notas de pedidos para el uso de los espacios que administra la Secretaria de Deportes y Juventudes, los cuales deber\u00e1n ser solicitados por Clubes, Asociaciones y Federaciones Deportivas, que requieran de los mismos para ser utilizados desde el 1 de marzo al 30 de junio del presente a\u00f1o.<\/p>\n<p>Cabe aclarar que dichos \u00e1reas ser\u00e1n provistos en funci\u00f3n a la base de datos existentes en nuestros legajos de acuerdo a los puntajes que cada instituci\u00f3n posee. <\/p>\n<p>Las notas deber\u00e1n acercarlas a:<br \/>\nCiudad de R\u00edo grande<br \/>\nGimnasio Jorge Muriel<br \/>\nAvenida San Mart\u00edn 2819<br \/>\nTel\u00e9fono: 444 &#8211; 796<br \/>\nHorario: 08:00 a 20:00 horas <\/p>\n<p>Ciudad de Ushuaia<br \/>\nGimnasio Ana Gir\u00f3<br \/>\nMonse\u00f1or Jos\u00e9 Mar\u00eda Scriva 1382<br \/>\nTel\u00e9fono: 421 &#8211; 346<br \/>\nHorario: 08:00 a 16:00 horas<\/p>\n<div class='epvc-post-count'><span class='epvc-eye'><\/span>  <span class=\"epvc-count\"> 1.076<\/span><span class='epvc-label'> veces le\u00edda<\/span><\/div>\n<div class=\"jwsharethis\">\nShare this: \n<br \/>\n<a href=\"mailto:?subject=Se%20podr%C3%A1n%20solicitar%20espacios%20deportivos%20provinciales%20a%20partir%20de%20febrero&amp;body=http%3A%2F%2Flabestiadeportiva.com%2Flbd%2Fse-podran-solicitar-espacios-deportivos-provinciales-a-partir-de-febrero%2F\">\n<img src=\"http:\/\/labestiadeportiva.com\/lbd\/wp-content\/plugins\/jw-share-this\/email.png\" alt=\"Share this page via Email\" \/>\n<\/a>\n<a target=\"_blank\" href=\"http:\/\/www.stumbleupon.com\/submit?url=http%3A%2F%2Flabestiadeportiva.com%2Flbd%2Fse-podran-solicitar-espacios-deportivos-provinciales-a-partir-de-febrero%2F&amp;title=Se+podr%C3%A1n+solicitar+espacios+deportivos+provinciales+a+partir+de+febrero\">\n<img src=\"http:\/\/labestiadeportiva.com\/lbd\/wp-content\/plugins\/jw-share-this\/su.png\" alt=\"Share this page via Stumble Upon\" \/>\n<\/a>\n<a target=\"_blank\" href=\"http:\/\/digg.com\/submit?url=http%3A%2F%2Flabestiadeportiva.com%2Flbd%2Fse-podran-solicitar-espacios-deportivos-provinciales-a-partir-de-febrero%2F&amp;title=Se+podr%C3%A1n+solicitar+espacios+deportivos+provinciales+a+partir+de+febrero\">\n<img src=\"http:\/\/labestiadeportiva.com\/lbd\/wp-content\/plugins\/jw-share-this\/digg.png\" alt=\"Share this page via Digg this\" \/>\n<\/a>\n<a target=\"_blank\" href=\"http:\/\/www.facebook.com\/sharer.php?u=http%3A%2F%2Flabestiadeportiva.com%2Flbd%2Fse-podran-solicitar-espacios-deportivos-provinciales-a-partir-de-febrero%2F&amp;t=Se+podr%C3%A1n+solicitar+espacios+deportivos+provinciales+a+partir+de+febrero\">\n<img src=\"http:\/\/labestiadeportiva.com\/lbd\/wp-content\/plugins\/jw-share-this\/fb.png\" alt=\"Share this page via Facebook\" \/>\n<\/a>\n<a target=\"_blank\" href=\"http:\/\/twitter.com\/intent\/tweet?text=I+like+http%3A%2F%2Flabestiadeportiva.com%2Flbd%2Fse-podran-solicitar-espacios-deportivos-provinciales-a-partir-de-febrero%2F&amp;title=Se+podr%C3%A1n+solicitar+espacios+deportivos+provinciales+a+partir+de+febrero\">\n<img src=\"http:\/\/labestiadeportiva.com\/lbd\/wp-content\/plugins\/jw-share-this\/twitter.png\" alt=\"Share this page via Twitter\" \/>\n<\/a>\n<\/div>\n","protected":false},"excerpt":{"rendered":"<p>La Secretar\u00eda de Deportes y Juventud Provincial lo inform\u00f3 a trav\u00e9s de sus redes oficiales. Asimismo el comunicado aclara que los espacios a disponer ser\u00e1n para el primer semestre del a\u00f1o. La recepci\u00f3n de pedidos en las sedes administrativas de los gimnasios Profesora Ana V. Gir\u00f3 (Ushuaia) y Jorge Muriel (R\u00edo Grande). Desde LBD compartimos &hellip; <a href=\"http:\/\/labestiadeportiva.com\/lbd\/se-podran-solicitar-espacios-deportivos-provinciales-a-partir-de-febrero\/\" class=\"more-link\">Seguir leyendo <span class=\"screen-reader-text\">Se podr\u00e1n solicitar espacios deportivos provinciales a partir de febrero<\/span> <span class=\"meta-nav\">&rarr;<\/span><\/a><\/p>\n","protected":false},"author":1,"featured_media":40848,"comment_status":"open","ping_status":"open","sticky":false,"template":"","format":"standard","meta":[],"categories":[5,1,3555],"tags":[3323,4699,4130],"_links":{"self":[{"href":"http:\/\/labestiadeportiva.com\/lbd\/wp-json\/wp\/v2\/posts\/40847"}],"collection":[{"href":"http:\/\/labestiadeportiva.com\/lbd\/wp-json\/wp\/v2\/posts"}],"about":[{"href":"http:\/\/labestiadeportiva.com\/lbd\/wp-json\/wp\/v2\/types\/post"}],"author":[{"embeddable":true,"href":"http:\/\/labestiadeportiva.com\/lbd\/wp-json\/wp\/v2\/users\/1"}],"replies":[{"embeddable":true,"href":"http:\/\/labestiadeportiva.com\/lbd\/wp-json\/wp\/v2\/comments?post=40847"}],"version-history":[{"count":1,"href":"http:\/\/labestiadeportiva.com\/lbd\/wp-json\/wp\/v2\/posts\/40847\/revisions"}],"predecessor-version":[{"id":40849,"href":"http:\/\/labestiadeportiva.com\/lbd\/wp-json\/wp\/v2\/posts\/40847\/revisions\/40849"}],"wp:featuredmedia":[{"embeddable":true,"href":"http:\/\/labestiadeportiva.com\/lbd\/wp-json\/wp\/v2\/media\/40848"}],"wp:attachment":[{"href":"http:\/\/labestiadeportiva.com\/lbd\/wp-json\/wp\/v2\/media?parent=40847"}],"wp:term":[{"taxonomy":"category","embeddable":true,"href":"http:\/\/labestiadeportiva.com\/lbd\/wp-json\/wp\/v2\/categories?post=40847"},{"taxonomy":"post_tag","embeddable":true,"href":"http:\/\/labestiadeportiva.com\/lbd\/wp-json\/wp\/v2\/tags?post=40847"}],"curies":[{"name":"wp","href":"https:\/\/api.w.org\/{rel}","templated":true}]}}