{"id":40850,"date":"2022-01-12T00:26:16","date_gmt":"2022-01-12T03:26:16","guid":{"rendered":"http:\/\/labestiadeportiva.com\/lbd\/?p=40850"},"modified":"2022-01-12T00:26:16","modified_gmt":"2022-01-12T03:26:16","slug":"copetti-vence-en-la-9-etapa","status":"publish","type":"post","link":"http:\/\/labestiadeportiva.com\/lbd\/copetti-vence-en-la-9-etapa\/","title":{"rendered":"Copetti vence en la 9\u00b0 etapa"},"content":{"rendered":"<p>Por Daniel Campos (Corresponsal LBD en Palma de Mallorca, Espa\u00f1a)<\/p>\n<p><a href=\"http:\/\/labestiadeportiva.com\/lbd\/wp-content\/uploads\/2022\/01\/copetti-73.jpeg\"><img loading=\"lazy\" src=\"http:\/\/labestiadeportiva.com\/lbd\/wp-content\/uploads\/2022\/01\/copetti-73.jpeg\" alt=\"copetti 73\" width=\"1200\" height=\"720\" class=\"aligncenter size-full wp-image-40851\" srcset=\"http:\/\/labestiadeportiva.com\/lbd\/wp-content\/uploads\/2022\/01\/copetti-73.jpeg 1200w, http:\/\/labestiadeportiva.com\/lbd\/wp-content\/uploads\/2022\/01\/copetti-73-300x180.jpeg 300w, http:\/\/labestiadeportiva.com\/lbd\/wp-content\/uploads\/2022\/01\/copetti-73-1024x614.jpeg 1024w, http:\/\/labestiadeportiva.com\/lbd\/wp-content\/uploads\/2022\/01\/copetti-73-640x384.jpeg 640w\" sizes=\"(max-width: 1200px) 100vw, 1200px\" \/><\/a><br \/>\nPablo Copetti en Quads gana la etapa y sigue en la lucha por el Dakar con Giroud y le descuenta minutos en la general, al galo de Yamaha. <!--more--><\/p>\n<p>Entre las motos nueva victoria del chileno Ignacio Cornejo, segundo fue el argentino Kevin Benavides y tercero fue  Ricky Brabec. <\/p>\n<p>El nuevo l\u00edder en dos ruedas es el austr\u00edaco Matthias Walkner del equipo oficial KTM, en detrimento de Sunderland que penaliz\u00f3 en la navegaci\u00f3n. <\/p>\n<p>En Coches triplete del equipo Toyota Gazoo, De Villiers, Lategan y Al Attiyah en ese orden cruzaron la meta de la etapa con llegada en Wadi Ad Dawasir.  <\/p>\n<p>El franc\u00e9s  Sebastien Loeb del Bahrain Raid Xtreme, acab\u00f3 en quinto lugar y se mantiene a la cola del qatar\u00ed Attiyah que est\u00e1 a tres etapas de coronar el Dakar 2022. <\/p>\n<p><a href=\"http:\/\/labestiadeportiva.com\/lbd\/wp-content\/uploads\/2022\/01\/kevinweb.jpg\"><img loading=\"lazy\" src=\"http:\/\/labestiadeportiva.com\/lbd\/wp-content\/uploads\/2022\/01\/kevinweb.jpg\" alt=\"kevinweb\" width=\"700\" height=\"466\" class=\"aligncenter size-full wp-image-40852\" srcset=\"http:\/\/labestiadeportiva.com\/lbd\/wp-content\/uploads\/2022\/01\/kevinweb.jpg 700w, http:\/\/labestiadeportiva.com\/lbd\/wp-content\/uploads\/2022\/01\/kevinweb-300x200.jpg 300w, http:\/\/labestiadeportiva.com\/lbd\/wp-content\/uploads\/2022\/01\/kevinweb-640x426.jpg 640w\" sizes=\"(max-width: 700px) 100vw, 700px\" \/><\/a><br \/>\nEn SxS, el binomio Goczal-Laskawiec, gan\u00f3 la etapa pero el claro dominador de la general sigue siendo el norteamericano Austin Jones con la navegaci\u00f3n de Gustavo Gugelmin.<\/p>\n<p>Finalmente entre los Camiones sin novedad en el frente, nuevo mon\u00f3logo aplastante de Kamaz, Nikolaev ganador de etapa y Sotnikov sigue mandando en la general. <\/p>\n<p>La d\u00e9cima etapa de esta nueva edici\u00f3n del Dakar 2022, unir\u00e1 Wadi Ad Dawasir con Bisha con 384 kil\u00f3metros de enlace y un especial de 37 .     <\/p>\n<p><a href=\"http:\/\/labestiadeportiva.com\/lbd\/wp-content\/uploads\/2022\/01\/T1.jpg\"><img loading=\"lazy\" src=\"http:\/\/labestiadeportiva.com\/lbd\/wp-content\/uploads\/2022\/01\/T1.jpg\" alt=\"T1\" width=\"740\" height=\"493\" class=\"aligncenter size-full wp-image-40853\" srcset=\"http:\/\/labestiadeportiva.com\/lbd\/wp-content\/uploads\/2022\/01\/T1.jpg 740w, http:\/\/labestiadeportiva.com\/lbd\/wp-content\/uploads\/2022\/01\/T1-300x200.jpg 300w, http:\/\/labestiadeportiva.com\/lbd\/wp-content\/uploads\/2022\/01\/T1-640x426.jpg 640w\" sizes=\"(max-width: 740px) 100vw, 740px\" \/><\/a><br \/>\nCoches<br \/>\n1\u00ba N. Al Attiyah-Toyota         30:10:04<br \/>\n2\u00ba S. Loeb-BRX             a 00:39:05<br \/>\n3\u00ba Y. Al Rajhi-Toyota         a 00:58:44<br \/>\n4\u00ba O. Terranova-BRX        a 01:36:09<br \/>\n9\u00ba S. Halpern-Mini         a 02:14:52<br \/>\n20\u00ba J. Yacopini-Toyota         a 04:45:54<br \/>\n22\u00ba L. \u00c1lvarez-Toyota           a 05:05:22<\/p>\n<p>Motos<br \/>\n1\u00ba M. Walkner-KTM         30:14:03<br \/>\n2\u00ba S. Sunderland-GasGas      a 00:02:12<br \/>\n3\u00ba A. Van Beveren-Yamaha     a 00:03:56<br \/>\n5\u00ba K. Benavides-KTM         a 00:10:22<br \/>\n14\u00ba L. Benavides-Husqvarna     a 00:54:33<br \/>\n29\u00ba D. Llanos-X Raids Team     a 02:42:33<br \/>\n58\u00ba D. Noras-Husqvarna     a 09:05:44<br \/>\n65\u00ba J. Taruselli-X Raids Team     a 10:39:37<br \/>\n105\u00ba M. Notti-Man Team     a 18:36:17 <\/p>\n<p>Quads.<br \/>\n1\u00ba A. Giroud-Yamaha         30:06:16<br \/>\n2\u00ba P. Copetti-Yamaha         a 00:24:<br \/>\n3\u00ba K. Wisniewski-Orlean Team     a 02:38:02<br \/>\n4\u00ba F. Moreno-Yamaha         a 02:38:42<br \/>\n6\u00ba C. A. Verza-Verza Rally Team     a 14:32:05<\/p>\n<p>SxS<br \/>\n1\u00ba A. Jones-G. Gugelmin-Can Am       37:14:28<br \/>\n2\u00ba G. Farr\u00e9s-D. Ortega-Can Am         a 00:13:47<br \/>\n3\u00ba M. Goczal-Gospodarczyk-Can Am     a 00:16:27<br \/>\n11\u00ba D. Zille-S. Cesana-Can Am         a 06:01:46<br \/>\n18\u00ba N. Letmathe-E. Sasso-Team Casteau a 08:16:53<br \/>\n33\u00ba P. Macua.M.Lipez \u2013Sodicars     a 30:10:29 <\/p>\n<p>Camiones<br \/>\n1\u00ba D. Sotnikov-Kamaz         32:43:53<br \/>\n2\u00ba E. Nikolaev-Kamaz         a 00:08:51<br \/>\n3\u00ba A. Shibalov-Kamaz         a 00:41:18<br \/>\n33\u00ba Pato Silva-Puma Energy Rally Team a 105:20:26<\/p>\n<div class='epvc-post-count'><span class='epvc-eye'><\/span>  <span class=\"epvc-count\"> 982<\/span><span class='epvc-label'> veces le\u00edda<\/span><\/div>\n<div class=\"jwsharethis\">\nShare this: \n<br \/>\n<a href=\"mailto:?subject=Copetti%20vence%20en%20la%209%C2%B0%20etapa&amp;body=http%3A%2F%2Flabestiadeportiva.com%2Flbd%2Fcopetti-vence-en-la-9-etapa%2F\">\n<img src=\"http:\/\/labestiadeportiva.com\/lbd\/wp-content\/plugins\/jw-share-this\/email.png\" alt=\"Share this page via Email\" \/>\n<\/a>\n<a target=\"_blank\" href=\"http:\/\/www.stumbleupon.com\/submit?url=http%3A%2F%2Flabestiadeportiva.com%2Flbd%2Fcopetti-vence-en-la-9-etapa%2F&amp;title=Copetti+vence+en+la+9%C2%B0+etapa\">\n<img src=\"http:\/\/labestiadeportiva.com\/lbd\/wp-content\/plugins\/jw-share-this\/su.png\" alt=\"Share this page via Stumble Upon\" \/>\n<\/a>\n<a target=\"_blank\" href=\"http:\/\/digg.com\/submit?url=http%3A%2F%2Flabestiadeportiva.com%2Flbd%2Fcopetti-vence-en-la-9-etapa%2F&amp;title=Copetti+vence+en+la+9%C2%B0+etapa\">\n<img src=\"http:\/\/labestiadeportiva.com\/lbd\/wp-content\/plugins\/jw-share-this\/digg.png\" alt=\"Share this page via Digg this\" \/>\n<\/a>\n<a target=\"_blank\" href=\"http:\/\/www.facebook.com\/sharer.php?u=http%3A%2F%2Flabestiadeportiva.com%2Flbd%2Fcopetti-vence-en-la-9-etapa%2F&amp;t=Copetti+vence+en+la+9%C2%B0+etapa\">\n<img src=\"http:\/\/labestiadeportiva.com\/lbd\/wp-content\/plugins\/jw-share-this\/fb.png\" alt=\"Share this page via Facebook\" \/>\n<\/a>\n<a target=\"_blank\" href=\"http:\/\/twitter.com\/intent\/tweet?text=I+like+http%3A%2F%2Flabestiadeportiva.com%2Flbd%2Fcopetti-vence-en-la-9-etapa%2F&amp;title=Copetti+vence+en+la+9%C2%B0+etapa\">\n<img src=\"http:\/\/labestiadeportiva.com\/lbd\/wp-content\/plugins\/jw-share-this\/twitter.png\" alt=\"Share this page via Twitter\" \/>\n<\/a>\n<\/div>\n","protected":false},"excerpt":{"rendered":"<p>Por Daniel Campos (Corresponsal LBD en Palma de Mallorca, Espa\u00f1a) Pablo Copetti en Quads gana la etapa y sigue en la lucha por el Dakar con Giroud y le descuenta minutos en la general, al galo de Yamaha. 982 veces le\u00edda Share this:<\/p>\n","protected":false},"author":1,"featured_media":40851,"comment_status":"open","ping_status":"open","sticky":false,"template":"","format":"standard","meta":[],"categories":[2176,4687,4,1],"tags":[154,4148,2948],"_links":{"self":[{"href":"http:\/\/labestiadeportiva.com\/lbd\/wp-json\/wp\/v2\/posts\/40850"}],"collection":[{"href":"http:\/\/labestiadeportiva.com\/lbd\/wp-json\/wp\/v2\/posts"}],"about":[{"href":"http:\/\/labestiadeportiva.com\/lbd\/wp-json\/wp\/v2\/types\/post"}],"author":[{"embeddable":true,"href":"http:\/\/labestiadeportiva.com\/lbd\/wp-json\/wp\/v2\/users\/1"}],"replies":[{"embeddable":true,"href":"http:\/\/labestiadeportiva.com\/lbd\/wp-json\/wp\/v2\/comments?post=40850"}],"version-history":[{"count":1,"href":"http:\/\/labestiadeportiva.com\/lbd\/wp-json\/wp\/v2\/posts\/40850\/revisions"}],"predecessor-version":[{"id":40854,"href":"http:\/\/labestiadeportiva.com\/lbd\/wp-json\/wp\/v2\/posts\/40850\/revisions\/40854"}],"wp:featuredmedia":[{"embeddable":true,"href":"http:\/\/labestiadeportiva.com\/lbd\/wp-json\/wp\/v2\/media\/40851"}],"wp:attachment":[{"href":"http:\/\/labestiadeportiva.com\/lbd\/wp-json\/wp\/v2\/media?parent=40850"}],"wp:term":[{"taxonomy":"category","embeddable":true,"href":"http:\/\/labestiadeportiva.com\/lbd\/wp-json\/wp\/v2\/categories?post=40850"},{"taxonomy":"post_tag","embeddable":true,"href":"http:\/\/labestiadeportiva.com\/lbd\/wp-json\/wp\/v2\/tags?post=40850"}],"curies":[{"name":"wp","href":"https:\/\/api.w.org\/{rel}","templated":true}]}}