{"id":40873,"date":"2022-01-13T22:55:05","date_gmt":"2022-01-14T01:55:05","guid":{"rendered":"http:\/\/labestiadeportiva.com\/lbd\/?p=40873"},"modified":"2022-01-13T22:55:05","modified_gmt":"2022-01-14T01:55:05","slug":"kevin-benavides-dicta-catedra-en-las-dunas","status":"publish","type":"post","link":"http:\/\/labestiadeportiva.com\/lbd\/kevin-benavides-dicta-catedra-en-las-dunas\/","title":{"rendered":"Kevin Benavides dicta c\u00e1tedra en las dunas"},"content":{"rendered":"<p>Por Daniel Campos (Corresponsal LBD en Palma de Mallorca, Espa\u00f1a)<\/p>\n<p><a href=\"http:\/\/labestiadeportiva.com\/lbd\/wp-content\/uploads\/2022\/01\/carlos-sainz_-202.jpeg\"><img loading=\"lazy\" src=\"http:\/\/labestiadeportiva.com\/lbd\/wp-content\/uploads\/2022\/01\/carlos-sainz_-202.jpeg\" alt=\"carlos-sainz_ 202\" width=\"656\" height=\"370\" class=\"aligncenter size-full wp-image-40874\" srcset=\"http:\/\/labestiadeportiva.com\/lbd\/wp-content\/uploads\/2022\/01\/carlos-sainz_-202.jpeg 656w, http:\/\/labestiadeportiva.com\/lbd\/wp-content\/uploads\/2022\/01\/carlos-sainz_-202-300x169.jpeg 300w, http:\/\/labestiadeportiva.com\/lbd\/wp-content\/uploads\/2022\/01\/carlos-sainz_-202-640x361.jpeg 640w\" sizes=\"(max-width: 656px) 100vw, 656px\" \/><\/a><br \/>\nEl argentino a pesar de quedarse sin opciones de revalidar t\u00edtulo, en la 11\u00aa etapa dio una lecci\u00f3n de conducci\u00f3n en el desierto saud\u00ed. <!--more--><\/p>\n<p>Tras cambiar motor y ser penalizado, el grupo KTM decidi\u00f3 apostar por el piloto nacional para ayudar a la factor\u00eda austr\u00edaca llevarse un nuevo entorchado en el Dakar. <\/p>\n<p>Sam Sunderland a tiro de la victoria final pero el chileno Quintanilla con Honda, amenaza con llevarse el \u201cTuareg\u201d. <\/p>\n<p>En Coches, nueva victoria del espa\u00f1ol Carlos Sainz con el Audi, confirmando que el proyecto de la casa alemana en los pr\u00f3ximos a\u00f1os dar\u00e1n que hablar en el rally m\u00e1s duro del mundo. <\/p>\n<p>En tanto el qatar\u00ed Al Attiyah sigue con paso firme con el Toyota a su cuarto t\u00edtulo dakariano. <\/p>\n<p><a href=\"http:\/\/labestiadeportiva.com\/lbd\/wp-content\/uploads\/2022\/01\/victoria-retornado-kevin-b.jpg\"><img loading=\"lazy\" src=\"http:\/\/labestiadeportiva.com\/lbd\/wp-content\/uploads\/2022\/01\/victoria-retornado-kevin-b.jpg\" alt=\"victoria-retornado-kevin-b\" width=\"800\" height=\"450\" class=\"aligncenter size-full wp-image-40875\" srcset=\"http:\/\/labestiadeportiva.com\/lbd\/wp-content\/uploads\/2022\/01\/victoria-retornado-kevin-b.jpg 800w, http:\/\/labestiadeportiva.com\/lbd\/wp-content\/uploads\/2022\/01\/victoria-retornado-kevin-b-300x169.jpg 300w, http:\/\/labestiadeportiva.com\/lbd\/wp-content\/uploads\/2022\/01\/victoria-retornado-kevin-b-640x360.jpg 640w\" sizes=\"(max-width: 800px) 100vw, 800px\" \/><\/a><br \/>\nEn Quads, repite triunfo de etapa, el brasile\u00f1o Medeiros, seguido por el argentino Francisco Moreno que sigue con opciones de acabar en el podio del Dakar. <\/p>\n<p>De no mediar ning\u00fan contratiempo el franc\u00e9s Alex Giroud con Yamaha se quedar\u00e1 con triunfo final. <\/p>\n<p>En SxS, victoria, para el polaco Marek Goczal y el espa\u00f1ol Gerard Farr\u00e9s es el nuevo l\u00edder de la general desbancando a su jefe de filas, Austin Jones que por problemas mec\u00e1nicos acab\u00f3 pierdo el primer lugar en la general. <\/p>\n<p>Llegar\u00e1n las ordenes de equipo? Los comisarios tomar\u00e1n nota de lo que suceda en la \u00faltima etapa? Teniendo en cuenta que es la primera edici\u00f3n del Dakar que se disputa bajo normativa FIA, la respuesta se conocer\u00e1 en la meta de Jeddah. <\/p>\n<p>Lo que esta fuera de toda duda es el triunfo de la escuadra rusa Kamaz. La victoria parcial fue para Eduard Nikolaev, seguido por Karginov y tercero Sotnikov, el l\u00edder de la general.  <\/p>\n<p>La etapa que cierra la 44\u00aa edici\u00f3n del Dakar se disputar\u00e1 entre Bisha y Jeddah . Ser\u00e1n 516  kil\u00f3metros de enlace y 164 de especial. No ser\u00e1 un mero tr\u00e1mite ser\u00e1 la definici\u00f3n del Dakar 2022. <\/p>\n<p><a href=\"http:\/\/labestiadeportiva.com\/lbd\/wp-content\/uploads\/2022\/01\/quads-arg.jpg\"><img loading=\"lazy\" src=\"http:\/\/labestiadeportiva.com\/lbd\/wp-content\/uploads\/2022\/01\/quads-arg.jpg\" alt=\"quads arg\" width=\"708\" height=\"472\" class=\"aligncenter size-full wp-image-40876\" srcset=\"http:\/\/labestiadeportiva.com\/lbd\/wp-content\/uploads\/2022\/01\/quads-arg.jpg 708w, http:\/\/labestiadeportiva.com\/lbd\/wp-content\/uploads\/2022\/01\/quads-arg-300x200.jpg 300w, http:\/\/labestiadeportiva.com\/lbd\/wp-content\/uploads\/2022\/01\/quads-arg-640x427.jpg 640w\" sizes=\"(max-width: 708px) 100vw, 708px\" \/><\/a>  <\/p>\n<p>Coches<br \/>\n1\u00ba N. Al Attiyah-Toyota         36:49:51<br \/>\n2\u00baS. Loeb-BRX             a 00:33:19<br \/>\n3\u00ba Y. Al Rajih-Toyota         a 01:03:43<br \/>\n4\u00ba O. Terranova-BRX         a 01:31:29<br \/>\n10\u00ba S. Halpern-Mini         a 02:41:00<br \/>\n19\u00ba L. \u00c1lvarez-Toyota         a 04:58:27<br \/>\n20\u00ba J. Yacopini-Toyota         a 05:26:39<\/p>\n<p>Motos<br \/>\n1\u00ba S. Sunderland-GasGas     37:04:05<br \/>\n2\u00ba P. Quintanilla-Honda     a 00:06:52<br \/>\n3\u00ba M. Walkner-KTM         a 00: 07:15<br \/>\n13\u00ba L. Benavides-Husqvarna     a 01:11:06<br \/>\n26\u00ba D. Llanos-X Raids Team     a 03:16:46<br \/>\n54\u00ba D. Noras-Husqvarna     a 10:52:26<br \/>\n58\u00ba J. Taruselli-X Raids Team      a 12:24:13<br \/>\n97\u00ba M. Notti-Man Team     a 22:01:50<br \/>\n103\u00ba K. Benavides-KTM     a 23:51:16<\/p>\n<p>Quads<br \/>\n1\u00ba A. Giroud-Yamaha         47:26:25<br \/>\n2\u00ba F. Moreno-Yamaha         a 02:41:24<br \/>\n3\u00ba K. Wisniewski-Orlen Team     a 02:44:55<br \/>\n5\u00ba C. A. Verza-Verza Rally Team a 19:10:05<\/p>\n<p>SxS<br \/>\n1\u00ba G. Farr\u00e9s-D. Ortega-Can Am         45:24:07<br \/>\n2\u00ba A. Jones-G. Gugelmin-Can Am     a  00:01:41<br \/>\n3\u00ba M. Goczal-S. Gospodarczyk-Can Am     a 00:17:59<br \/>\n10\u00ba D. Zille-S. Cesana-Can Am         a 06:10:19<br \/>\n17\u00ba N. Letmathe-E. Sasso-Team Casteau a 08:58:52<br \/>\n31\u00ba P. Macua-M.Lipez-Sodicars         a 21:52:41<\/p>\n<p>Camiones<br \/>\n1\u00ba D. Sotnikov-Kamaz             39:54:53<br \/>\n2\u00ba E. Nikolaev-Kamaz             a 00:08:18<br \/>\n3\u00ba A. Shibalov- Kamaz             a 01:04:50<\/p>\n<div class='epvc-post-count'><span class='epvc-eye'><\/span>  <span class=\"epvc-count\"> 1.071<\/span><span class='epvc-label'> veces le\u00edda<\/span><\/div>\n<div class=\"jwsharethis\">\nShare this: \n<br \/>\n<a href=\"mailto:?subject=Kevin%20Benavides%20dicta%20c%C3%A1tedra%20en%20las%20dunas&amp;body=http%3A%2F%2Flabestiadeportiva.com%2Flbd%2Fkevin-benavides-dicta-catedra-en-las-dunas%2F\">\n<img src=\"http:\/\/labestiadeportiva.com\/lbd\/wp-content\/plugins\/jw-share-this\/email.png\" alt=\"Share this page via Email\" \/>\n<\/a>\n<a target=\"_blank\" href=\"http:\/\/www.stumbleupon.com\/submit?url=http%3A%2F%2Flabestiadeportiva.com%2Flbd%2Fkevin-benavides-dicta-catedra-en-las-dunas%2F&amp;title=Kevin+Benavides+dicta+c%C3%A1tedra+en+las+dunas\">\n<img src=\"http:\/\/labestiadeportiva.com\/lbd\/wp-content\/plugins\/jw-share-this\/su.png\" alt=\"Share this page via Stumble Upon\" \/>\n<\/a>\n<a target=\"_blank\" href=\"http:\/\/digg.com\/submit?url=http%3A%2F%2Flabestiadeportiva.com%2Flbd%2Fkevin-benavides-dicta-catedra-en-las-dunas%2F&amp;title=Kevin+Benavides+dicta+c%C3%A1tedra+en+las+dunas\">\n<img src=\"http:\/\/labestiadeportiva.com\/lbd\/wp-content\/plugins\/jw-share-this\/digg.png\" alt=\"Share this page via Digg this\" \/>\n<\/a>\n<a target=\"_blank\" href=\"http:\/\/www.facebook.com\/sharer.php?u=http%3A%2F%2Flabestiadeportiva.com%2Flbd%2Fkevin-benavides-dicta-catedra-en-las-dunas%2F&amp;t=Kevin+Benavides+dicta+c%C3%A1tedra+en+las+dunas\">\n<img src=\"http:\/\/labestiadeportiva.com\/lbd\/wp-content\/plugins\/jw-share-this\/fb.png\" alt=\"Share this page via Facebook\" \/>\n<\/a>\n<a target=\"_blank\" href=\"http:\/\/twitter.com\/intent\/tweet?text=I+like+http%3A%2F%2Flabestiadeportiva.com%2Flbd%2Fkevin-benavides-dicta-catedra-en-las-dunas%2F&amp;title=Kevin+Benavides+dicta+c%C3%A1tedra+en+las+dunas\">\n<img src=\"http:\/\/labestiadeportiva.com\/lbd\/wp-content\/plugins\/jw-share-this\/twitter.png\" alt=\"Share this page via Twitter\" \/>\n<\/a>\n<\/div>\n","protected":false},"excerpt":{"rendered":"<p>Por Daniel Campos (Corresponsal LBD en Palma de Mallorca, Espa\u00f1a) El argentino a pesar de quedarse sin opciones de revalidar t\u00edtulo, en la 11\u00aa etapa dio una lecci\u00f3n de conducci\u00f3n en el desierto saud\u00ed. 1.071 veces le\u00edda Share this:<\/p>\n","protected":false},"author":1,"featured_media":40874,"comment_status":"open","ping_status":"open","sticky":false,"template":"","format":"standard","meta":[],"categories":[2176,4687,4,1],"tags":[154,4148,3455],"_links":{"self":[{"href":"http:\/\/labestiadeportiva.com\/lbd\/wp-json\/wp\/v2\/posts\/40873"}],"collection":[{"href":"http:\/\/labestiadeportiva.com\/lbd\/wp-json\/wp\/v2\/posts"}],"about":[{"href":"http:\/\/labestiadeportiva.com\/lbd\/wp-json\/wp\/v2\/types\/post"}],"author":[{"embeddable":true,"href":"http:\/\/labestiadeportiva.com\/lbd\/wp-json\/wp\/v2\/users\/1"}],"replies":[{"embeddable":true,"href":"http:\/\/labestiadeportiva.com\/lbd\/wp-json\/wp\/v2\/comments?post=40873"}],"version-history":[{"count":1,"href":"http:\/\/labestiadeportiva.com\/lbd\/wp-json\/wp\/v2\/posts\/40873\/revisions"}],"predecessor-version":[{"id":40877,"href":"http:\/\/labestiadeportiva.com\/lbd\/wp-json\/wp\/v2\/posts\/40873\/revisions\/40877"}],"wp:featuredmedia":[{"embeddable":true,"href":"http:\/\/labestiadeportiva.com\/lbd\/wp-json\/wp\/v2\/media\/40874"}],"wp:attachment":[{"href":"http:\/\/labestiadeportiva.com\/lbd\/wp-json\/wp\/v2\/media?parent=40873"}],"wp:term":[{"taxonomy":"category","embeddable":true,"href":"http:\/\/labestiadeportiva.com\/lbd\/wp-json\/wp\/v2\/categories?post=40873"},{"taxonomy":"post_tag","embeddable":true,"href":"http:\/\/labestiadeportiva.com\/lbd\/wp-json\/wp\/v2\/tags?post=40873"}],"curies":[{"name":"wp","href":"https:\/\/api.w.org\/{rel}","templated":true}]}}