{"id":41357,"date":"2022-03-17T09:08:06","date_gmt":"2022-03-17T12:08:06","guid":{"rendered":"http:\/\/labestiadeportiva.com\/lbd\/?p=41357"},"modified":"2022-03-17T09:12:39","modified_gmt":"2022-03-17T12:12:39","slug":"la-f1-y-su-calendario-2022","status":"publish","type":"post","link":"http:\/\/labestiadeportiva.com\/lbd\/la-f1-y-su-calendario-2022\/","title":{"rendered":"La F1 y su calendario"},"content":{"rendered":"<p>Por Daniel Campos (Corresponsal LBD en Palma de Mallorca, Espa\u00f1a)<\/p>\n<p><a href=\"http:\/\/labestiadeportiva.com\/lbd\/wp-content\/uploads\/2022\/03\/calendario-oficial-f1-2022.jpg\"><img loading=\"lazy\" src=\"http:\/\/labestiadeportiva.com\/lbd\/wp-content\/uploads\/2022\/03\/calendario-oficial-f1-2022-300x188.jpg\" alt=\"calendario-oficial-f1-2022\" width=\"300\" height=\"188\" class=\"aligncenter size-medium wp-image-41358\" srcset=\"http:\/\/labestiadeportiva.com\/lbd\/wp-content\/uploads\/2022\/03\/calendario-oficial-f1-2022-300x188.jpg 300w, http:\/\/labestiadeportiva.com\/lbd\/wp-content\/uploads\/2022\/03\/calendario-oficial-f1-2022-640x400.jpg 640w, http:\/\/labestiadeportiva.com\/lbd\/wp-content\/uploads\/2022\/03\/calendario-oficial-f1-2022.jpg 694w\" sizes=\"(max-width: 300px) 100vw, 300px\" \/><\/a><br \/>\nEste fin de semana se pone en marcha una nueva temporada de la F1. El trazado de Sakhir es el escenario elegido para dar la se\u00f1al de partida de 22 citas que conforman el mundial de 2022. <!--more--><\/p>\n<p>De marzo a noviembre los diez equipos que conforman la parrilla de la m\u00e1xima categor\u00eda recorrer\u00e1n veinte pa\u00edses de cuatro continentes. <\/p>\n<p>Este a\u00f1o llega el Gran Premio de Miami, en el Hard Rock Stadium Circuit, que se suma al Gran Premio de Canad\u00e1, Estados Unidos y M\u00e9xico en territorio americano. Del actual calendario s\u00f3lo se cae el Gran Premio de Rusia, que fue cancelado tras la invasi\u00f3n de tropas rusas en Ucrania. <\/p>\n<p>20 de marzo de 2022, GP Sakhir, circuito de Sakhir.<\/p>\n<p>27 de marzo de 2022, GP Arabia Saud\u00ed, Jeddah International Street Circuit.<\/p>\n<p>10 de abril, GP Australia, Albert Park.<\/p>\n<p>24 de abril, GP de Emilia Romagna, Imola.<\/p>\n<p>8 de mayo, GP Miami, Circuito Hard Rock Stadium.<\/p>\n<p>22 de mayo, GP Espa\u00f1a, Circuito Catalunya.<\/p>\n<p>29 de mayo, GP M\u00f3naco, Montecarlo. <\/p>\n<p>12 de junio, GP Azerbaiy\u00e1n, Bak\u00fa.<\/p>\n<p>19 de junio, GP Canad\u00e1, Gilles Villeneuve.<\/p>\n<p>3 de julio, GP Gran Breta\u00f1a, Silverstone.<\/p>\n<p>10 de julio, GP Austria, Red Bull Ring.<\/p>\n<p>24 de julio, GP Francia, Paul Ricard.<\/p>\n<p>31 de julio, GP Hungr\u00eda, Hungaroring.<\/p>\n<p>28 de agosto, GP B\u00e9lgica, Spa Fracorchamps.<\/p>\n<p>4 de septiembre, GP Pa\u00edses Bajos, Zandvoort.<\/p>\n<p>11 de septiembre, GP de Italia, Monza.<\/p>\n<p>2 de octubre, GP de Singapur, Marina Bay.<\/p>\n<p>9 de octubre de 2022, GP de Jap\u00f3n, Suzuka.<\/p>\n<p>23 de octubre, GP E.E.U.U., Circuito  Las Am\u00e9ricas.<\/p>\n<p>30 de octubre, GP M\u00e9xico, Hermanos Rodr\u00edguez.<\/p>\n<p>13 de noviembre, GP Brasil, Interlagos.<\/p>\n<p>20 de noviembre, GP Abu Dhabi, Yas Marina.<\/p>\n<div class='epvc-post-count'><span class='epvc-eye'><\/span>  <span class=\"epvc-count\"> 950<\/span><span class='epvc-label'> veces le\u00edda<\/span><\/div>\n<div class=\"jwsharethis\">\nShare this: \n<br \/>\n<a href=\"mailto:?subject=La%20F1%20y%20su%20calendario&amp;body=http%3A%2F%2Flabestiadeportiva.com%2Flbd%2Fla-f1-y-su-calendario-2022%2F\">\n<img src=\"http:\/\/labestiadeportiva.com\/lbd\/wp-content\/plugins\/jw-share-this\/email.png\" alt=\"Share this page via Email\" \/>\n<\/a>\n<a target=\"_blank\" href=\"http:\/\/www.stumbleupon.com\/submit?url=http%3A%2F%2Flabestiadeportiva.com%2Flbd%2Fla-f1-y-su-calendario-2022%2F&amp;title=La+F1+y+su+calendario\">\n<img src=\"http:\/\/labestiadeportiva.com\/lbd\/wp-content\/plugins\/jw-share-this\/su.png\" alt=\"Share this page via Stumble Upon\" \/>\n<\/a>\n<a target=\"_blank\" href=\"http:\/\/digg.com\/submit?url=http%3A%2F%2Flabestiadeportiva.com%2Flbd%2Fla-f1-y-su-calendario-2022%2F&amp;title=La+F1+y+su+calendario\">\n<img src=\"http:\/\/labestiadeportiva.com\/lbd\/wp-content\/plugins\/jw-share-this\/digg.png\" alt=\"Share this page via Digg this\" \/>\n<\/a>\n<a target=\"_blank\" href=\"http:\/\/www.facebook.com\/sharer.php?u=http%3A%2F%2Flabestiadeportiva.com%2Flbd%2Fla-f1-y-su-calendario-2022%2F&amp;t=La+F1+y+su+calendario\">\n<img src=\"http:\/\/labestiadeportiva.com\/lbd\/wp-content\/plugins\/jw-share-this\/fb.png\" alt=\"Share this page via Facebook\" \/>\n<\/a>\n<a target=\"_blank\" href=\"http:\/\/twitter.com\/intent\/tweet?text=I+like+http%3A%2F%2Flabestiadeportiva.com%2Flbd%2Fla-f1-y-su-calendario-2022%2F&amp;title=La+F1+y+su+calendario\">\n<img src=\"http:\/\/labestiadeportiva.com\/lbd\/wp-content\/plugins\/jw-share-this\/twitter.png\" alt=\"Share this page via Twitter\" \/>\n<\/a>\n<\/div>\n","protected":false},"excerpt":{"rendered":"<p>Por Daniel Campos (Corresponsal LBD en Palma de Mallorca, Espa\u00f1a) Este fin de semana se pone en marcha una nueva temporada de la F1. El trazado de Sakhir es el escenario elegido para dar la se\u00f1al de partida de 22 citas que conforman el mundial de 2022. 950 veces le\u00edda Share this:<\/p>\n","protected":false},"author":1,"featured_media":0,"comment_status":"open","ping_status":"open","sticky":false,"template":"","format":"standard","meta":[],"categories":[2176,4,3534,1],"tags":[154,4746,148],"_links":{"self":[{"href":"http:\/\/labestiadeportiva.com\/lbd\/wp-json\/wp\/v2\/posts\/41357"}],"collection":[{"href":"http:\/\/labestiadeportiva.com\/lbd\/wp-json\/wp\/v2\/posts"}],"about":[{"href":"http:\/\/labestiadeportiva.com\/lbd\/wp-json\/wp\/v2\/types\/post"}],"author":[{"embeddable":true,"href":"http:\/\/labestiadeportiva.com\/lbd\/wp-json\/wp\/v2\/users\/1"}],"replies":[{"embeddable":true,"href":"http:\/\/labestiadeportiva.com\/lbd\/wp-json\/wp\/v2\/comments?post=41357"}],"version-history":[{"count":3,"href":"http:\/\/labestiadeportiva.com\/lbd\/wp-json\/wp\/v2\/posts\/41357\/revisions"}],"predecessor-version":[{"id":41361,"href":"http:\/\/labestiadeportiva.com\/lbd\/wp-json\/wp\/v2\/posts\/41357\/revisions\/41361"}],"wp:attachment":[{"href":"http:\/\/labestiadeportiva.com\/lbd\/wp-json\/wp\/v2\/media?parent=41357"}],"wp:term":[{"taxonomy":"category","embeddable":true,"href":"http:\/\/labestiadeportiva.com\/lbd\/wp-json\/wp\/v2\/categories?post=41357"},{"taxonomy":"post_tag","embeddable":true,"href":"http:\/\/labestiadeportiva.com\/lbd\/wp-json\/wp\/v2\/tags?post=41357"}],"curies":[{"name":"wp","href":"https:\/\/api.w.org\/{rel}","templated":true}]}}