{"id":41378,"date":"2022-03-18T12:37:03","date_gmt":"2022-03-18T15:37:03","guid":{"rendered":"http:\/\/labestiadeportiva.com\/lbd\/?p=41378"},"modified":"2022-03-18T12:37:03","modified_gmt":"2022-03-18T15:37:03","slug":"gracias-vieja","status":"publish","type":"post","link":"http:\/\/labestiadeportiva.com\/lbd\/gracias-vieja\/","title":{"rendered":"Gracias vieja&#8230;"},"content":{"rendered":"<p>Por Daniel Campos (Corresponsal LBD en Palma de Mallorca, Espa\u00f1a)<\/p>\n<p><a href=\"http:\/\/labestiadeportiva.com\/lbd\/wp-content\/uploads\/2022\/03\/Hamilton-madre.jpg\"><img loading=\"lazy\" src=\"http:\/\/labestiadeportiva.com\/lbd\/wp-content\/uploads\/2022\/03\/Hamilton-madre-300x167.jpg\" alt=\"Hamilton madre\" width=\"300\" height=\"167\" class=\"aligncenter size-medium wp-image-41379\" srcset=\"http:\/\/labestiadeportiva.com\/lbd\/wp-content\/uploads\/2022\/03\/Hamilton-madre-300x167.jpg 300w, http:\/\/labestiadeportiva.com\/lbd\/wp-content\/uploads\/2022\/03\/Hamilton-madre-640x356.jpg 640w, http:\/\/labestiadeportiva.com\/lbd\/wp-content\/uploads\/2022\/03\/Hamilton-madre-672x372.jpg 672w, http:\/\/labestiadeportiva.com\/lbd\/wp-content\/uploads\/2022\/03\/Hamilton-madre.jpg 800w\" sizes=\"(max-width: 300px) 100vw, 300px\" \/><\/a><br \/>\nA menos de cinco d\u00edas del comienzo de la temporada 2022 de la F1, Hamilton vuelve a sorprender a los aficionados de todo el mundo. En un acto promocional de la Expo Dubai, el piloto ingl\u00e9s de la escuder\u00eda Mercedes, anunci\u00f3 su intenci\u00f3n de agregar, a partir de esta temporada, el apellido materno, Lewis Hamilton &#8211; Larbalestier. <!--more--><\/p>\n<p>Carmen, as\u00ed se llama la madre del campe\u00f3n, siempre ha seguido la carrera deportiva de su hijo, aunque manteniendo un discreto segundo plano. Se la vio acompa\u00f1\u00e1ndole durante la ceremonia en que fue investido caballero por el pr\u00edncipe Carlos de Inglaterra. <\/p>\n<p>En la historia de la m\u00e1xima categor\u00eda, no es la primera vez que los pilotos mantienen un v\u00ednculo muy cercano con su madre, en especial en el inicio de su profesi\u00f3n. <\/p>\n<p>En la d\u00e9cada  de los 70, el doctor Est\u00e1cio Goncalves Souto Maior, ten\u00eda planes a futuro para su hijo Nelson, pero el ser piloto de carreras, no entraba en esa lista. <\/p>\n<p>Fue entonces que el joven inici\u00f3 su andadura deportiva a escondidas de su progenitor, empleando el apellido de su madre, Clotilde Piquet, hab\u00eda llegado Nelson Piquet. <\/p>\n<p>A principio de los a\u00f1os 80, un joven piloto brasile\u00f1o lleg\u00f3 a Inglaterra para probar suerte en la F\u00f3rmula Ford 1600 brit\u00e1nica, en 1982 obtuvo el t\u00edtulo de campe\u00f3n y su nombre empezaba a sonar muy fuerte entre los aficionados. <\/p>\n<p>Pero all\u00ed estaba el quid de la cuesti\u00f3n, su apellido da Silva era muy com\u00fan en Brasil y muy dif\u00edcil de pronunciar por parte del p\u00fablico ingl\u00e9s. Entonces decidi\u00f3 usar el de su madre Neyde Senna y paso a llamarse simplemente Ayrton Senna. <\/p>\n<p>Otro ejemplo m\u00e1s reciente tiene como protagonista al hijo de un excampe\u00f3n de F\u00f3rmula 1. Al igual que su famoso padre, se inici\u00f3 en el mundo del karting y se inscribi\u00f3 en sus primeras carreras con el apellido de su madre. <\/p>\n<p>Nos estamos refiriendo a Mick Betsch, o tambi\u00e9n conocido como Mick Jr. de esta manera, este ni\u00f1o nacido en Suiza, de ascendencia alemana, evit\u00f3 el acoso medi\u00e1tico y la presi\u00f3n de llevar el apellido de su ilustre padre, Michael Schumacher. <\/p>\n<div class='epvc-post-count'><span class='epvc-eye'><\/span>  <span class=\"epvc-count\"> 1.157<\/span><span class='epvc-label'> veces le\u00edda<\/span><\/div>\n<div class=\"jwsharethis\">\nShare this: \n<br \/>\n<a href=\"mailto:?subject=Gracias%20vieja%26%238230%3B&amp;body=http%3A%2F%2Flabestiadeportiva.com%2Flbd%2Fgracias-vieja%2F\">\n<img src=\"http:\/\/labestiadeportiva.com\/lbd\/wp-content\/plugins\/jw-share-this\/email.png\" alt=\"Share this page via Email\" \/>\n<\/a>\n<a target=\"_blank\" href=\"http:\/\/www.stumbleupon.com\/submit?url=http%3A%2F%2Flabestiadeportiva.com%2Flbd%2Fgracias-vieja%2F&amp;title=Gracias+vieja%26%238230%3B\">\n<img src=\"http:\/\/labestiadeportiva.com\/lbd\/wp-content\/plugins\/jw-share-this\/su.png\" alt=\"Share this page via Stumble Upon\" \/>\n<\/a>\n<a target=\"_blank\" href=\"http:\/\/digg.com\/submit?url=http%3A%2F%2Flabestiadeportiva.com%2Flbd%2Fgracias-vieja%2F&amp;title=Gracias+vieja%26%238230%3B\">\n<img src=\"http:\/\/labestiadeportiva.com\/lbd\/wp-content\/plugins\/jw-share-this\/digg.png\" alt=\"Share this page via Digg this\" \/>\n<\/a>\n<a target=\"_blank\" href=\"http:\/\/www.facebook.com\/sharer.php?u=http%3A%2F%2Flabestiadeportiva.com%2Flbd%2Fgracias-vieja%2F&amp;t=Gracias+vieja%26%238230%3B\">\n<img src=\"http:\/\/labestiadeportiva.com\/lbd\/wp-content\/plugins\/jw-share-this\/fb.png\" alt=\"Share this page via Facebook\" \/>\n<\/a>\n<a target=\"_blank\" href=\"http:\/\/twitter.com\/intent\/tweet?text=I+like+http%3A%2F%2Flabestiadeportiva.com%2Flbd%2Fgracias-vieja%2F&amp;title=Gracias+vieja%26%238230%3B\">\n<img src=\"http:\/\/labestiadeportiva.com\/lbd\/wp-content\/plugins\/jw-share-this\/twitter.png\" alt=\"Share this page via Twitter\" \/>\n<\/a>\n<\/div>\n","protected":false},"excerpt":{"rendered":"<p>Por Daniel Campos (Corresponsal LBD en Palma de Mallorca, Espa\u00f1a) A menos de cinco d\u00edas del comienzo de la temporada 2022 de la F1, Hamilton vuelve a sorprender a los aficionados de todo el mundo. En un acto promocional de la Expo Dubai, el piloto ingl\u00e9s de la escuder\u00eda Mercedes, anunci\u00f3 su intenci\u00f3n de agregar, &hellip; <a href=\"http:\/\/labestiadeportiva.com\/lbd\/gracias-vieja\/\" class=\"more-link\">Seguir leyendo <span class=\"screen-reader-text\">Gracias vieja&#8230;<\/span> <span class=\"meta-nav\">&rarr;<\/span><\/a><\/p>\n","protected":false},"author":1,"featured_media":0,"comment_status":"open","ping_status":"open","sticky":false,"template":"","format":"standard","meta":[],"categories":[2176,4,3534,1],"tags":[154,148,4747,3660],"_links":{"self":[{"href":"http:\/\/labestiadeportiva.com\/lbd\/wp-json\/wp\/v2\/posts\/41378"}],"collection":[{"href":"http:\/\/labestiadeportiva.com\/lbd\/wp-json\/wp\/v2\/posts"}],"about":[{"href":"http:\/\/labestiadeportiva.com\/lbd\/wp-json\/wp\/v2\/types\/post"}],"author":[{"embeddable":true,"href":"http:\/\/labestiadeportiva.com\/lbd\/wp-json\/wp\/v2\/users\/1"}],"replies":[{"embeddable":true,"href":"http:\/\/labestiadeportiva.com\/lbd\/wp-json\/wp\/v2\/comments?post=41378"}],"version-history":[{"count":1,"href":"http:\/\/labestiadeportiva.com\/lbd\/wp-json\/wp\/v2\/posts\/41378\/revisions"}],"predecessor-version":[{"id":41380,"href":"http:\/\/labestiadeportiva.com\/lbd\/wp-json\/wp\/v2\/posts\/41378\/revisions\/41380"}],"wp:attachment":[{"href":"http:\/\/labestiadeportiva.com\/lbd\/wp-json\/wp\/v2\/media?parent=41378"}],"wp:term":[{"taxonomy":"category","embeddable":true,"href":"http:\/\/labestiadeportiva.com\/lbd\/wp-json\/wp\/v2\/categories?post=41378"},{"taxonomy":"post_tag","embeddable":true,"href":"http:\/\/labestiadeportiva.com\/lbd\/wp-json\/wp\/v2\/tags?post=41378"}],"curies":[{"name":"wp","href":"https:\/\/api.w.org\/{rel}","templated":true}]}}