{"id":41418,"date":"2022-03-22T20:02:45","date_gmt":"2022-03-22T23:02:45","guid":{"rendered":"http:\/\/labestiadeportiva.com\/lbd\/?p=41418"},"modified":"2022-03-23T12:33:48","modified_gmt":"2022-03-23T15:33:48","slug":"caef-paro-a-camioneros","status":"publish","type":"post","link":"http:\/\/labestiadeportiva.com\/lbd\/caef-paro-a-camioneros\/","title":{"rendered":"CAEF par\u00f3 a Camioneros"},"content":{"rendered":"<p><a href=\"http:\/\/labestiadeportiva.com\/lbd\/wp-content\/uploads\/2022\/03\/Screenshot_20220322-2012332.png\"><img loading=\"lazy\" src=\"http:\/\/labestiadeportiva.com\/lbd\/wp-content\/uploads\/2022\/03\/Screenshot_20220322-2012332.png\" alt=\"Screenshot_20220322-201233~2\" width=\"720\" height=\"443\" class=\"aligncenter size-full wp-image-41423\" srcset=\"http:\/\/labestiadeportiva.com\/lbd\/wp-content\/uploads\/2022\/03\/Screenshot_20220322-2012332.png 720w, http:\/\/labestiadeportiva.com\/lbd\/wp-content\/uploads\/2022\/03\/Screenshot_20220322-2012332-300x185.png 300w, http:\/\/labestiadeportiva.com\/lbd\/wp-content\/uploads\/2022\/03\/Screenshot_20220322-2012332-640x394.png 640w\" sizes=\"(max-width: 720px) 100vw, 720px\" \/><\/a><br \/>\nSe disput\u00f3 la jornada n\u00famero 5 del Torneo de Primera Divisi\u00f3n \u00abCacho\u00bb Lenti. AATEDYC volvi\u00f3 a ganar y le sac\u00f3 cinco unidades de ventaja a sus escoltas que son cinco. En el cierre de la fecha el Club Atl\u00e9tico de la Educaci\u00f3n Fueguina dej\u00f3 sin invicto al actual campe\u00f3n Camioneros. La sexta se jugar\u00e1 entre semana. Desde LBD, los detalles.<!--more--><\/p>\n<p>Como de costumbre la fecha comenz\u00f3 el viernes por la noche aunque el partido entre Los Cuervos FDM y Los Andes concluir\u00eda antes de los previsto. El conjunto \u00abvidriero\u00bb de preocupante actualizad comenz\u00f3 el juego con 8 jugadores, sufri\u00f3 tres expulsiones y no pudo continuar. Se jugaban 20 minutos del primer tiempo y Los Cuervos ya ganaban por 3 a 0.<\/p>\n<p>En el primer turno del s\u00e1bado La UOM y Arturo Pratt entregaron un entretenido encuentro con muchas emociones. Las que se transformaron en goles fueron cinco imponi\u00e9ndose los metal\u00fargicos por 3 a 2. Luego de ello Comercio y G\u00fcemes no pudieron romper el 0. <\/p>\n<p>La \u00abRulineta\u00bb est\u00e1 a mitad de tabla el joven plantel gendarme un poco m\u00e1s abajo aunque los \u00abpibes\u00bb pueden darle un buen dolor de cabeza a cualquiera.<\/p>\n<p><a href=\"http:\/\/labestiadeportiva.com\/lbd\/wp-content\/uploads\/2022\/03\/Screenshot_20220322-2012052.png\"><img loading=\"lazy\" src=\"http:\/\/labestiadeportiva.com\/lbd\/wp-content\/uploads\/2022\/03\/Screenshot_20220322-2012052.png\" alt=\"Screenshot_20220322-201205~2\" width=\"720\" height=\"527\" class=\"aligncenter size-full wp-image-41425\" srcset=\"http:\/\/labestiadeportiva.com\/lbd\/wp-content\/uploads\/2022\/03\/Screenshot_20220322-2012052.png 720w, http:\/\/labestiadeportiva.com\/lbd\/wp-content\/uploads\/2022\/03\/Screenshot_20220322-2012052-300x220.png 300w, http:\/\/labestiadeportiva.com\/lbd\/wp-content\/uploads\/2022\/03\/Screenshot_20220322-2012052-640x468.png 640w\" sizes=\"(max-width: 720px) 100vw, 720px\" \/><\/a><br \/>\nEn el cierre de la jornada sabatina se present\u00f3 el puntero, AATEDYC, quien super\u00f3 claramente a AMPS por 3 a 0. Diferencia de niveles individual y colectivo que quedaron plasmados en cancha. <\/p>\n<p>AATEDYC, a quien se le escap\u00f3 un torneo incre\u00edble no quiere sorpresas suma y saca diferencias, en una competencia corta puede ser crucial.<\/p>\n<p>Lasserre arranc\u00f3 el domingo con la goleada de cada fin de semana. Fue 5 a 0 sobre Andes del Sur, los de camiseta Fl\u00fao son uno de los perseguidores del l\u00edder mientras que \u00abAndes\u00bb a pesar de recibir algunos refuerzos sigue sin poder salir del fondo de la tabla.<\/p>\n<p><a href=\"http:\/\/labestiadeportiva.com\/lbd\/wp-content\/uploads\/2022\/03\/Screenshot_20220322-2012272.png\"><img loading=\"lazy\" src=\"http:\/\/labestiadeportiva.com\/lbd\/wp-content\/uploads\/2022\/03\/Screenshot_20220322-2012272.png\" alt=\"Screenshot_20220322-201227~2\" width=\"720\" height=\"530\" class=\"aligncenter size-full wp-image-41426\" srcset=\"http:\/\/labestiadeportiva.com\/lbd\/wp-content\/uploads\/2022\/03\/Screenshot_20220322-2012272.png 720w, http:\/\/labestiadeportiva.com\/lbd\/wp-content\/uploads\/2022\/03\/Screenshot_20220322-2012272-300x221.png 300w, http:\/\/labestiadeportiva.com\/lbd\/wp-content\/uploads\/2022\/03\/Screenshot_20220322-2012272-640x471.png 640w\" sizes=\"(max-width: 720px) 100vw, 720px\" \/><\/a><br \/>\nMercantil super\u00f3 a Centro Galicia por 3 a 0 donde la diferencia claramente se mostr\u00f3 en los arcos. El experimentado Ra\u00fal Paredes volvi\u00f3 al primer equipo mientras que en el \u00abGallego\u00bb los guardametas brillaron por su ausencia, por consiguiente el resultado final fue l\u00f3gico. <\/p>\n<p>El cierre de la fecha fue el m\u00e1s esperado, Camioneros \/ CAEF, un duelo con antecedentes donde los \u00faltimos favorecen a los transportistas.<\/p>\n<p>Primer tiempo para el olvido, las defensas le ganaron claramente a los ataques, pocas jugadas de gol y el maldito \u00abPelotazo\u00bb a la orden del d\u00eda. (A pesar de que las condiciones para jugar eran ideales a pleno sol y sin viento, no hab\u00eda excusas esta vez)<br \/>\nEn el complemento se ver\u00eda lo mejor. En el mejor momento del \u00abCami\u00f3n\u00bb llegar\u00eda el gol de CAEF.<\/p>\n<p>Cruce a destiempo en el aire del bueno de \u00edtalo G\u00f3mez sobre un delantero rival que termina en penal, el recientemente ingresado Catena cambia por gol y 1 a 0 parcial para los ahora conducidos por el \u00abprofe\u00bb Diego S\u00e1nchez. <\/p>\n<p>L\u00f3gico adelantamiento de l\u00edneas de Camioneros en busca de la igualdad que no llegaba. El partido se extingu\u00eda, el \u00e1rbitro Carracedo da 6 minutos de tiempo extendido y sobre el ep\u00edlogo del propio descuento llegar\u00eda la pol\u00e9mica del partido.<\/p>\n<p>Falta en tres cuartos de cancha para los de Rodrigo Ponce con expulsi\u00f3n incluida para el \u00abPety\u00bb Nicoliello. Indirecto con clara mano levantada indicada por el \u00e1rbitro. Centro al \u00e1rea que pica antes de la humanidad de M\u00e1ximo Preto (arquero de CAEF) quien desesperadamente intenta sacar el bal\u00f3n pero este lo supera pega en el palo y se mete dentro del arco sin que otros dos jugadores del CAEF sobre la l\u00ednea puedan sacarlo. <\/p>\n<p>Loco festejo de todo el equipo verde que dur\u00f3 poco pues la jugada es anulada dando saque de arco dado que nadie toc\u00f3 el bal\u00f3n en toda su trayectoria hacia el arco.<\/p>\n<p>Final 1 a 0 para CAEF ante el insistente reclamo de todo el plantel transportista. A decir verdad la jugada fue tan r\u00e1pida y dudosa que desde nuestra posici\u00f3n, la mitad de la cancha, nos cost\u00f3 darnos cuenta si la pelota fue tocada por el arquero. <\/p>\n<p>Por suerte existe la imagen de video por partida doble, MZL y TVP Deportes de la Televisi\u00f3n P\u00fablica Fueguina.<\/p>\n<p>En lo personal antes de verlas entrevistamos al arquero del ganador quien jur\u00f3 no haber impactado el bal\u00f3n, revisamos ambas grabaciones, M\u00e1ximo no ment\u00eda, Carracedo anul\u00f3 bien fue un tiro libre indirecto que viaj\u00f3 DIRECTAMENTE al fondo del arco.<\/p>\n<p>La continuidad de la competencia, sexta fecha, se producir\u00e1 entre semana. El mi\u00e9rcoles un encuentro a las 21 mientras que el resto de los partidos se disputar\u00e1n el jueves feriado de 11 a 22.30 horas.<\/p>\n<p><a href=\"http:\/\/labestiadeportiva.com\/lbd\/wp-content\/uploads\/2022\/03\/Screenshot_20220323-1231072.png\"><img loading=\"lazy\" src=\"http:\/\/labestiadeportiva.com\/lbd\/wp-content\/uploads\/2022\/03\/Screenshot_20220323-1231072.png\" alt=\"Screenshot_20220323-123107~2\" width=\"720\" height=\"483\" class=\"aligncenter size-full wp-image-41433\" srcset=\"http:\/\/labestiadeportiva.com\/lbd\/wp-content\/uploads\/2022\/03\/Screenshot_20220323-1231072.png 720w, http:\/\/labestiadeportiva.com\/lbd\/wp-content\/uploads\/2022\/03\/Screenshot_20220323-1231072-300x201.png 300w, http:\/\/labestiadeportiva.com\/lbd\/wp-content\/uploads\/2022\/03\/Screenshot_20220323-1231072-640x429.png 640w\" sizes=\"(max-width: 720px) 100vw, 720px\" \/><\/a><\/p>\n<p>Posiciones Actualizadas<br \/>\nEquipos PJ Pts.<br \/>\nAATEDYC 5 15<br \/>\nLASSERRE 5 10<br \/>\nMERCANTIL 5 10<br \/>\nLOS CUERVOS FDM 5 10<br \/>\nCAEF 5 10<br \/>\nLA UOM 5 10<br \/>\nCAMIONEROS 4 9<br \/>\nCOMERCIO 4 7<br \/>\nCENTRO GALICIA 4 5<br \/>\nMUTUAL 4 4<br \/>\nAMPS 4 3<br \/>\nARTURO PRATT 5 3<br \/>\nGUEMES 5 2<br \/>\nANDES DEL SUR 5 1<br \/>\nLOS ANDES 5 0 <\/p>\n<p>Pr\u00f3xima Fecha <\/p>\n<p><a href=\"http:\/\/labestiadeportiva.com\/lbd\/wp-content\/uploads\/2022\/03\/IMG-20220322-WA01323.jpg\"><img loading=\"lazy\" src=\"http:\/\/labestiadeportiva.com\/lbd\/wp-content\/uploads\/2022\/03\/IMG-20220322-WA01323.jpg\" alt=\"IMG-20220322-WA0132~3\" width=\"1306\" height=\"684\" class=\"aligncenter size-full wp-image-41428\" srcset=\"http:\/\/labestiadeportiva.com\/lbd\/wp-content\/uploads\/2022\/03\/IMG-20220322-WA01323.jpg 1306w, http:\/\/labestiadeportiva.com\/lbd\/wp-content\/uploads\/2022\/03\/IMG-20220322-WA01323-300x157.jpg 300w, http:\/\/labestiadeportiva.com\/lbd\/wp-content\/uploads\/2022\/03\/IMG-20220322-WA01323-1024x536.jpg 1024w, http:\/\/labestiadeportiva.com\/lbd\/wp-content\/uploads\/2022\/03\/IMG-20220322-WA01323-640x335.jpg 640w\" sizes=\"(max-width: 1306px) 100vw, 1306px\" \/><\/a><\/p>\n<div class='epvc-post-count'><span class='epvc-eye'><\/span>  <span class=\"epvc-count\"> 1.168<\/span><span class='epvc-label'> veces le\u00edda<\/span><\/div>\n<div class=\"jwsharethis\">\nShare this: \n<br \/>\n<a href=\"mailto:?subject=CAEF%20par%C3%B3%20a%20Camioneros&amp;body=http%3A%2F%2Flabestiadeportiva.com%2Flbd%2Fcaef-paro-a-camioneros%2F\">\n<img src=\"http:\/\/labestiadeportiva.com\/lbd\/wp-content\/plugins\/jw-share-this\/email.png\" alt=\"Share this page via Email\" \/>\n<\/a>\n<a target=\"_blank\" href=\"http:\/\/www.stumbleupon.com\/submit?url=http%3A%2F%2Flabestiadeportiva.com%2Flbd%2Fcaef-paro-a-camioneros%2F&amp;title=CAEF+par%C3%B3+a+Camioneros\">\n<img src=\"http:\/\/labestiadeportiva.com\/lbd\/wp-content\/plugins\/jw-share-this\/su.png\" alt=\"Share this page via Stumble Upon\" \/>\n<\/a>\n<a target=\"_blank\" href=\"http:\/\/digg.com\/submit?url=http%3A%2F%2Flabestiadeportiva.com%2Flbd%2Fcaef-paro-a-camioneros%2F&amp;title=CAEF+par%C3%B3+a+Camioneros\">\n<img src=\"http:\/\/labestiadeportiva.com\/lbd\/wp-content\/plugins\/jw-share-this\/digg.png\" alt=\"Share this page via Digg this\" \/>\n<\/a>\n<a target=\"_blank\" href=\"http:\/\/www.facebook.com\/sharer.php?u=http%3A%2F%2Flabestiadeportiva.com%2Flbd%2Fcaef-paro-a-camioneros%2F&amp;t=CAEF+par%C3%B3+a+Camioneros\">\n<img src=\"http:\/\/labestiadeportiva.com\/lbd\/wp-content\/plugins\/jw-share-this\/fb.png\" alt=\"Share this page via Facebook\" \/>\n<\/a>\n<a target=\"_blank\" href=\"http:\/\/twitter.com\/intent\/tweet?text=I+like+http%3A%2F%2Flabestiadeportiva.com%2Flbd%2Fcaef-paro-a-camioneros%2F&amp;title=CAEF+par%C3%B3+a+Camioneros\">\n<img src=\"http:\/\/labestiadeportiva.com\/lbd\/wp-content\/plugins\/jw-share-this\/twitter.png\" alt=\"Share this page via Twitter\" \/>\n<\/a>\n<\/div>\n","protected":false},"excerpt":{"rendered":"<p>Se disput\u00f3 la jornada n\u00famero 5 del Torneo de Primera Divisi\u00f3n \u00abCacho\u00bb Lenti. AATEDYC volvi\u00f3 a ganar y le sac\u00f3 cinco unidades de ventaja a sus escoltas que son cinco. En el cierre de la fecha el Club Atl\u00e9tico de la Educaci\u00f3n Fueguina dej\u00f3 sin invicto al actual campe\u00f3n Camioneros. La sexta se jugar\u00e1 entre &hellip; <a href=\"http:\/\/labestiadeportiva.com\/lbd\/caef-paro-a-camioneros\/\" class=\"more-link\">Seguir leyendo <span class=\"screen-reader-text\">CAEF par\u00f3 a Camioneros<\/span> <span class=\"meta-nav\">&rarr;<\/span><\/a><\/p>\n","protected":false},"author":1,"featured_media":0,"comment_status":"open","ping_status":"open","sticky":false,"template":"","format":"standard","meta":[],"categories":[5,1987,2439,4734,1],"tags":[17,3660,798,4735],"_links":{"self":[{"href":"http:\/\/labestiadeportiva.com\/lbd\/wp-json\/wp\/v2\/posts\/41418"}],"collection":[{"href":"http:\/\/labestiadeportiva.com\/lbd\/wp-json\/wp\/v2\/posts"}],"about":[{"href":"http:\/\/labestiadeportiva.com\/lbd\/wp-json\/wp\/v2\/types\/post"}],"author":[{"embeddable":true,"href":"http:\/\/labestiadeportiva.com\/lbd\/wp-json\/wp\/v2\/users\/1"}],"replies":[{"embeddable":true,"href":"http:\/\/labestiadeportiva.com\/lbd\/wp-json\/wp\/v2\/comments?post=41418"}],"version-history":[{"count":7,"href":"http:\/\/labestiadeportiva.com\/lbd\/wp-json\/wp\/v2\/posts\/41418\/revisions"}],"predecessor-version":[{"id":41434,"href":"http:\/\/labestiadeportiva.com\/lbd\/wp-json\/wp\/v2\/posts\/41418\/revisions\/41434"}],"wp:attachment":[{"href":"http:\/\/labestiadeportiva.com\/lbd\/wp-json\/wp\/v2\/media?parent=41418"}],"wp:term":[{"taxonomy":"category","embeddable":true,"href":"http:\/\/labestiadeportiva.com\/lbd\/wp-json\/wp\/v2\/categories?post=41418"},{"taxonomy":"post_tag","embeddable":true,"href":"http:\/\/labestiadeportiva.com\/lbd\/wp-json\/wp\/v2\/tags?post=41418"}],"curies":[{"name":"wp","href":"https:\/\/api.w.org\/{rel}","templated":true}]}}